{"id":10077,"date":"2019-09-15T13:50:28","date_gmt":"2019-09-15T13:50:28","guid":{"rendered":"http:\/\/schach-jedesheim.de\/?p=10077"},"modified":"2020-06-14T13:06:56","modified_gmt":"2020-06-14T12:06:56","slug":"auftaktniederlage-zu-saisonbeginn","status":"publish","type":"post","link":"https:\/\/schach-jedesheim.de\/?p=10077","title":{"rendered":"2. Mannschaft: Auftaktniederlage zu Saisonbeginn"},"content":{"rendered":"<p>Die Saison 2019\/2020 hat begonnen. Der Auftaktgegner f\u00fcr die 2. Mannschaft in der Verbandsliga S\u00fcd war wie letztes Jahr SV Ebersbach 1. Nat\u00fcrlich h\u00e4tten wir gerne den Sieg vom Vorjahr wiederholt, doch dies sollte nicht sein. Nach einem fr\u00fchen Remis von Johannes B\u00fcchele, Brett 5 und Arnd Mayer, Brett 7 (Dauerschach durch den Gegner), gesellte sich auch bald Patrick Bossinger, Brett 6 (ausgek\u00e4mpftes Turmendspiel) dazu.<\/p>\n<p>Mit dem 0-1 in der Partie unseres Fabrice Bacquele, Brett 4 gerieten wir dann in R\u00fcckstand, der durch die anderen Partien nicht wieder wett gemacht werden konnte. Denn sowohl Peter Rudolf, Brett 8, Hans-Michael Stiepan, Brett 2 und Gustav Gauss, Brett 3 mussten ins Remis einlenken. Da machte es dann auch nichts mehr aus, dass Achim Engelhart, Brett 1, in einem Damenendspiel mit Minusbauern verlor. Mit mehr als einem Remis h\u00e4tte man in dieser Partie ohnehin nicht hoffen k\u00f6nnen.<\/p>\n<p>So war es dann letztendlich ein klares 3-5, was durchaus auch zu erwarten war. Denn an sechs von acht Brettern waren wir nominell schw\u00e4cher. In zwei Wochen in der 2. Runde gegen TSV Langenau 1 sieht es dann schon anders aus. Da sind wir dann, von den Zahlen her, der Favorit.<\/p>\n","protected":false},"excerpt":{"rendered":"<p>Die Saison 2019\/2020 hat begonnen. Der Auftaktgegner f\u00fcr die 2. Mannschaft in der Verbandsliga S\u00fcd war wie letztes Jahr SV Ebersbach 1. Nat\u00fcrlich h\u00e4tten wir gerne den Sieg vom Vorjahr wiederholt, doch dies sollte&#46;&#46;&#46;<\/p>\n","protected":false},"author":15,"featured_media":10873,"comment_status":"open","ping_status":"open","sticky":false,"template":"","format":"standard","meta":{"_price":"","_stock":"","_tribe_ticket_header":"","_tribe_default_ticket_provider":"","_tribe_ticket_capacity":"0","_ticket_start_date":"","_ticket_end_date":"","_tribe_ticket_show_description":"","_tribe_ticket_show_not_going":false,"_tribe_ticket_use_global_stock":"","_tribe_ticket_global_stock_level":"","_global_stock_mode":"","_global_stock_cap":"","_tribe_rsvp_for_event":"","_tribe_ticket_going_count":"","_tribe_ticket_not_going_count":"","_tribe_tickets_list":"[]","_tribe_ticket_has_attendee_info_fields":false,"footnotes":""},"categories":[91],"tags":[],"class_list":["post-10077","post","type-post","status-publish","format-standard","has-post-thumbnail","hentry","category-2_mannschaft"],"_links":{"self":[{"href":"https:\/\/schach-jedesheim.de\/index.php?rest_route=\/wp\/v2\/posts\/10077","targetHints":{"allow":["GET"]}}],"collection":[{"href":"https:\/\/schach-jedesheim.de\/index.php?rest_route=\/wp\/v2\/posts"}],"about":[{"href":"https:\/\/schach-jedesheim.de\/index.php?rest_route=\/wp\/v2\/types\/post"}],"author":[{"embeddable":true,"href":"https:\/\/schach-jedesheim.de\/index.php?rest_route=\/wp\/v2\/users\/15"}],"replies":[{"embeddable":true,"href":"https:\/\/schach-jedesheim.de\/index.php?rest_route=%2Fwp%2Fv2%2Fcomments&post=10077"}],"version-history":[{"count":4,"href":"https:\/\/schach-jedesheim.de\/index.php?rest_route=\/wp\/v2\/posts\/10077\/revisions"}],"predecessor-version":[{"id":10126,"href":"https:\/\/schach-jedesheim.de\/index.php?rest_route=\/wp\/v2\/posts\/10077\/revisions\/10126"}],"wp:featuredmedia":[{"embeddable":true,"href":"https:\/\/schach-jedesheim.de\/index.php?rest_route=\/wp\/v2\/media\/10873"}],"wp:attachment":[{"href":"https:\/\/schach-jedesheim.de\/index.php?rest_route=%2Fwp%2Fv2%2Fmedia&parent=10077"}],"wp:term":[{"taxonomy":"category","embeddable":true,"href":"https:\/\/schach-jedesheim.de\/index.php?rest_route=%2Fwp%2Fv2%2Fcategories&post=10077"},{"taxonomy":"post_tag","embeddable":true,"href":"https:\/\/schach-jedesheim.de\/index.php?rest_route=%2Fwp%2Fv2%2Ftags&post=10077"}],"curies":[{"name":"wp","href":"https:\/\/api.w.org\/{rel}","templated":true}]}}