{"id":1126,"date":"1978-06-06T08:46:09","date_gmt":"1978-06-06T08:46:09","guid":{"rendered":"http:\/\/schach-jedesheim.de\/?p=1126"},"modified":"2020-06-14T13:47:16","modified_gmt":"2020-06-14T12:47:16","slug":"1978-freischachanlage-als-statte-der-begegnung","status":"publish","type":"post","link":"https:\/\/schach-jedesheim.de\/?p=1126","title":{"rendered":"1978: Freischachanlage als St\u00e4tte der Begegnung"},"content":{"rendered":"<p><!-- [if gte mso 9]><xml>\n<w:WordDocument>\n<w:View>Normal<\/w:View>\n<w:Zoom>0<\/w:Zoom>\n<w:HyphenationZone>21<\/w:HyphenationZone>\n<w:Compatibility>\n<w:BreakWrappedTables\/>\n<w:SnapToGridInCell\/>\n<w:WrapTextWithPunct\/>\n<w:UseAsianBreakRules\/>\n<\/w:Compatibility>\n<\/w:WordDocument>\n<\/xml><![endif]--><!-- [if gte mso 10]>\n\n\n\n<style>\n \/* Style Definitions *\/<br \/>\n table.MsoNormalTable<br \/>\n\t{mso-style-name:\"Normale Tabelle\";<br \/>\n\tmso-tstyle-rowband-size:0;<br \/>\n\tmso-tstyle-colband-size:0;<br \/>\n\tmso-style-noshow:yes;<br \/>\n\tmso-style-parent:\"\";<br \/>\n\tmso-padding-alt:0cm 5.4pt 0cm 5.4pt;<br \/>\n\tmso-para-margin:0cm;<br \/>\n\tmso-para-margin-bottom:.0001pt;<br \/>\n\tmso-pagination:widow-orphan;<br \/>\n\tfont-size:10.0pt;<br \/>\n\tfont-family:\"Times New Roman\";}<br \/>\n<\/style>\n\n<![endif]--><\/p>\n<p><!-- [if gte mso 9]><xml>\n<w:WordDocument>\n<w:View>Normal<\/w:View>\n<w:Zoom>0<\/w:Zoom>\n<w:HyphenationZone>21<\/w:HyphenationZone>\n<w:Compatibility>\n<w:BreakWrappedTables\/>\n<w:SnapToGridInCell\/>\n<w:WrapTextWithPunct\/>\n<w:UseAsianBreakRules\/>\n<\/w:Compatibility>\n<\/w:WordDocument>\n<\/xml><![endif]--><!-- [if gte mso 10]>\n\n\n\n<style>\n \/* Style Definitions *\/<br \/>\n table.MsoNormalTable<br \/>\n\t{mso-style-name:\"Normale Tabelle\";<br \/>\n\tmso-tstyle-rowband-size:0;<br \/>\n\tmso-tstyle-colband-size:0;<br \/>\n\tmso-style-noshow:yes;<br \/>\n\tmso-style-parent:\"\";<br \/>\n\tmso-padding-alt:0cm 5.4pt 0cm 5.4pt;<br \/>\n\tmso-para-margin:0cm;<br \/>\n\tmso-para-margin-bottom:.0001pt;<br \/>\n\tmso-pagination:widow-orphan;<br \/>\n\tfont-size:10.0pt;<br \/>\n\tfont-family:\"Times New Roman\";}<br \/>\n<\/style>\n\n<![endif]--><\/p>\n<p><u>Am Sonntag ist die feierliche Einweihung<\/u><\/p>\n<h1>Schach-J\u00fcnger investieren Zeit und Geld<\/h1>\n<p><strong>AH-Abteilung des Sportvereins Jedesheim errichteten eine Freischach-Anlage<\/strong><\/p>\n<p>Illertissen-Jedesheim (m). Morgen, Sonntag, wird die Freischachanlage, die neben der Gemeindehalle Jedesheim angelegt worden ist, bei einer kirchlichen Weihe ihrer Bestimmung \u00fcbergeben. Der Sportverein Jedesheim, dessen AH-Schachabteilung daf\u00fcr verantwortlich zeichnete, l\u00e4dt zu einer Feierstunde mit folgendem Programm ein:<br \/>\n9 Uhr Feldgottesdienst mit Pfarrer Pietrek, 10 Uhr \u00dcbergabe der Schachanlage mit Ansprachen von Sportvereinsvorsitzendem Konrad Berger, B\u00fcrgermeister Hermann Kolb und des Schach-Bezirksvorsitzenden Anton Plappert. Die musikalische Umrahmung \u00fcbernimmt die von Ernst Strang geleitete Muskikkapelle Jededesheim, die ab 10.30 Uhr ein Fr\u00fchschoppenkonzert gibt. Bei ung\u00fcnstiger Witterung finden Gottesdienst und Fr\u00fchschoppenkonzert in der Gemeindehalle statt.<\/p>\n<p>Die Gesamtkosten f\u00fcr die \u00fcberdachte Freischachanlage belaufen sich einschlie\u00dflich der freiwillig geleisteten Arbeitsstunden auf \u00fcber 5000 DM. Ein Drittel der finanziellen Auslagen \u00fcbernahm der Hauptverein, zwei Drittel trug die AH-Abteilung, die Spenden von der Kreissparkasse und der Raiffeisenbank in H\u00f6he von jeweils 300 DM erhalten hat. Mitglieder der AH-Schachabteilung beteiligten sich im besonderen am Aushub &#8211; es wurde gegen Frostsch\u00e4den eine Rollierung aufgebracht &#8211; und am Verlegen der Platten f\u00fcr die Spielfl\u00e4che. Stefan Stark hatte die fachliche Leitung \u00fcbernommen. In Eigenherstellung wurden auch die rustikalen B\u00e4nke und der Tisch erzeugt. Flei\u00dfig war bei allen Arbeiten auch die Schachjugend.<br \/>\nF\u00fcr das Herstellen der Schachfiguren konnte der Illertisser Rentner Franz Renner, ein gelernter Zimmermann und Hobbydrechsler und Schnitzer gewonnen werden, der aus Eschenholz einen schmucken und eleganten Figurensatz schuf. Auch f\u00fcr das Aufbewahren der Figuren wurde gesorgt: Unmittelbar neben dem Schachfeld wurde eine verschlie\u00dfbare stabile Box aufgestellt, die allein 1000 DM kostete. Schlie\u00dflich ist das Spielfeld noch von einem Spannzelt \u00fcberdacht, das Schatten spendet und auch einigerma\u00dfen gegen Regen sch\u00fctzt.<br \/>\nWas noch zu tun ist: Eine abschlie\u00dfende Bepflanzung. Gedacht ist dabei an Nadelh\u00f6lzer, so da\u00df Laub sich f\u00fcr die Freischachanlage nicht st\u00f6rend bemerkbar machen kann. Die Jedesheimer Vereine arbeiten hier zusammen: Der Vorstand des Obst- und Gartenbauvereins, Helmut Walter, hat den J\u00fcngern des &#8222;k\u00f6niglichen Spiels&#8220; die kostenlose Bepflanzung zugesagt.<br \/>\n(Bericht aus Illertisser Zeitung vom 03.06.1978)<u><br \/>\n<\/u><\/p>\n<hr \/>\n<p><u><br \/>\nGro\u00dfe Gemeinde\u00a0 bei Weihe und Feldgottesdienst<\/u><\/p>\n<h2>Freischach-Anlage als St\u00e4tte der Begegnung<\/h2>\n<p><strong>B\u00fcrgermeister Kolb stellt Jedesheimer Sportverein Zuschu\u00df in Aussicht \u2013 Gelungenes Werk<\/strong><\/p>\n<p>Illertissen-Jedesheim (m). Ein strahlend hochsommerlicher Vormittag war dem Sportverein Jedesheim und seiner AH-Schachabteilung zur Weihe und \u00dcbernahme seiner schmucken Freischach-Anlage beschert. Zum Feldgottesdienst hatte sich eine gro\u00dfe Gemeinde eingefunden, die die Weihe der Anlage durch Pfarrer Josef Pietrek erlebte, der seinen Segen f\u00fcr diese St\u00e4tte mit der Bitte verband, das sie ein Ort guter menschlicher Begegnung sein m\u00f6ge. Zum gelungenen Werk gratulierten Illertissens Stadtoberhaupt, Erster B\u00fcrgermeister Hermann Kolb und der Schachbezirksvorsitzende\u00a0 Anton Plappert aus Gundelfingen, die beide auch die ersten Z\u00fcge einer Schachpartie wechselten.<\/p>\n<p>Die Musikgesellschaft Jedesheim, dirigiert von Ernst Strang, umrahmte die Messe mit feierlichen Weisen von Franz Schubert. In seinen Worten zur Bedeutung des Ereignisses erw\u00e4hnte der Geistliche, das dem Spiel gro\u00dfer Wert bei der Erziehung von Kindern wie bei Erwachsenen zukomme. Speziell auf das Schachspiel bezogen meinte er, das im Zeitalter des Fernsehens, das alles \u201emundgerecht\u201c serviere, das Denken Luxus geworden ist. Diese Schachanlage m\u00f6ge dem Zusammenkommen denkender Menschen dienen.<br \/>\nNach der kirchlichen Weihe \u00fcbergab Sportsvereinsvorsitzender Konrad Berger die Anlage der Schachabteilung. Sein Gru\u00dfwort galt der Festversammlung, namentlich dem Mitglied des Landtags, Franz Ihle, B\u00fcrgermeister Kolb und mehreren Gemeinder\u00e4ten, dem Schachbezirksvorsitzenden Plappert und der Musikgesellschaft. Berger hielt kurze R\u00fcckschau auf die Entwicklung, die das Schachspiel im Sportverein durchgemacht hat. Schon vor dem letzten Krieg war es in Jedesheim gepflegt worden. Herausragender Initiator war in der Vergangenheit Hans Mayer. Ein ihm gewidmetes Ged\u00e4chtnisturnier hatte die Gr\u00fcndung einer Schachunterabteilung in der AH-Abteilung im Jahr 1973 ausgel\u00f6st.<\/p>\n<p>Unter Leitung von Manfred Maschauer und Karl Meier wurde in folgenden Jahren \u00fcber 100 Jugendliche im Schachspiel ausgebildet. 1976 erfolgte der Beitritt zum Schachverband. Jetzt spielen f\u00fcnf Mannschaften in der Punktrunde, wobei die 1. Mannschaft die A-Klasse erreichte und Vizemeister wurde. Die Idee zu dieser Freischachanlage, so vermerkt SV-Vorsitzender Berger, sei vom AH-Abteilungsleiter Maschauer gekommen. Er sprach abschlie\u00dfend den Wunsch aus, das hier viel von Schachfreunden aus Jedesheim und Umgebung gespielt werde.<\/p>\n<p>B\u00fcrgermeister Kolb \u00fcberbrachte Gl\u00fcckw\u00fcnsche des Stadtrates und der B\u00fcrgerschaft Illertissen uns sprach sich lobend \u00fcber die Inititative aus, die immer wieder neu von der AH-Schachabteilung und ihrem Leiter Maschauer ausgegangen sei. Zwar stehe er, sagte Kolb, im Augenblick \u201e mit leeren H\u00e4nden\u201c da, k\u00fcndigte aber einen finanziellen Zuschu\u00df der Stadt f\u00fcr diese Freischach-Anlage an.<\/p>\n<p>Gr\u00fc\u00dfe des Schachverbands Bayern im Bayerischen Landessportverband \u00fcberbrachte Bezirksvorsitzender Anton Plappert. Er vertrat den Standpunkt: Schach ist Sport, wenn auch der Landes-Finanzminister das nicht wahrhaben wolle. Sport trainiere den K\u00f6rper. Dazu z\u00e4hle auch das Hirn, dessen Funktion eben durch das Schachspiel trainiert werde. Plappert w\u00fcnschte zum Schlu\u00df, da\u00df die Freischach-Anlage Freude bringen und Ansporn zur weiteren Pflege des \u201eK\u00f6niglichen Spiels\u201c sein m\u00f6ge.<\/p>\n<p>W\u00e4hrend anschlie\u00dfend die geweihte Schachanlage gleich ausprobiert wurde, unterhielt die Musikgesellschaft mit frohen Weisen zum Fr\u00fchschoppenkonzert auf dem Vorplatz der Gemeindehalle.<\/p>\n<p>(Bericht aus Illertisser Zeitung vom 06.06.1978)<u><br \/>\n<\/u><\/p>\n","protected":false},"excerpt":{"rendered":"<p>Am Sonntag ist die feierliche Einweihung Schach-J\u00fcnger investieren Zeit und Geld AH-Abteilung des Sportvereins Jedesheim errichteten eine Freischach-Anlage Illertissen-Jedesheim (m). Morgen, Sonntag, wird die Freischachanlage, die neben der Gemeindehalle Jedesheim angelegt worden ist, bei&#46;&#46;&#46;<\/p>\n","protected":false},"author":1,"featured_media":10996,"comment_status":"open","ping_status":"open","sticky":false,"template":"","format":"standard","meta":{"_price":"","_stock":"","_tribe_ticket_header":"","_tribe_default_ticket_provider":"","_tribe_ticket_capacity":"0","_ticket_start_date":"","_ticket_end_date":"","_tribe_ticket_show_description":"","_tribe_ticket_show_not_going":false,"_tribe_ticket_use_global_stock":"","_tribe_ticket_global_stock_level":"","_global_stock_mode":"","_global_stock_cap":"","_tribe_rsvp_for_event":"","_tribe_ticket_going_count":"","_tribe_ticket_not_going_count":"","_tribe_tickets_list":"[]","_tribe_ticket_has_attendee_info_fields":false,"footnotes":""},"categories":[23],"tags":[],"class_list":["post-1126","post","type-post","status-publish","format-standard","has-post-thumbnail","hentry","category-aus-vergangenen-zeiten"],"_links":{"self":[{"href":"https:\/\/schach-jedesheim.de\/index.php?rest_route=\/wp\/v2\/posts\/1126","targetHints":{"allow":["GET"]}}],"collection":[{"href":"https:\/\/schach-jedesheim.de\/index.php?rest_route=\/wp\/v2\/posts"}],"about":[{"href":"https:\/\/schach-jedesheim.de\/index.php?rest_route=\/wp\/v2\/types\/post"}],"author":[{"embeddable":true,"href":"https:\/\/schach-jedesheim.de\/index.php?rest_route=\/wp\/v2\/users\/1"}],"replies":[{"embeddable":true,"href":"https:\/\/schach-jedesheim.de\/index.php?rest_route=%2Fwp%2Fv2%2Fcomments&post=1126"}],"version-history":[{"count":8,"href":"https:\/\/schach-jedesheim.de\/index.php?rest_route=\/wp\/v2\/posts\/1126\/revisions"}],"predecessor-version":[{"id":11440,"href":"https:\/\/schach-jedesheim.de\/index.php?rest_route=\/wp\/v2\/posts\/1126\/revisions\/11440"}],"wp:featuredmedia":[{"embeddable":true,"href":"https:\/\/schach-jedesheim.de\/index.php?rest_route=\/wp\/v2\/media\/10996"}],"wp:attachment":[{"href":"https:\/\/schach-jedesheim.de\/index.php?rest_route=%2Fwp%2Fv2%2Fmedia&parent=1126"}],"wp:term":[{"taxonomy":"category","embeddable":true,"href":"https:\/\/schach-jedesheim.de\/index.php?rest_route=%2Fwp%2Fv2%2Fcategories&post=1126"},{"taxonomy":"post_tag","embeddable":true,"href":"https:\/\/schach-jedesheim.de\/index.php?rest_route=%2Fwp%2Fv2%2Ftags&post=1126"}],"curies":[{"name":"wp","href":"https:\/\/api.w.org\/{rel}","templated":true}]}}