{"id":12717,"date":"2021-06-01T15:34:38","date_gmt":"2021-06-01T14:34:38","guid":{"rendered":"https:\/\/schach-jedesheim.de\/?p=12717"},"modified":"2021-06-14T19:12:09","modified_gmt":"2021-06-14T18:12:09","slug":"newsletter-wuerttemberg-%cc%b6-die-mai-ausgabe-ist-online","status":"publish","type":"post","link":"https:\/\/schach-jedesheim.de\/?p=12717","title":{"rendered":"Newsletter W\u00fcrttemberg   \u0336   die Juni-Ausgabe ist online!"},"content":{"rendered":"<p>Der Verbandstag naht und wirft seine Schatten voraus. Alle die, die im Schachverband dazu verdonnert sind mitzuhelfen, treffen sich am 19. Juni in der Stadthalle Plochingen und stellen die Weichen f\u00fcr die n\u00e4chsten zwei Jahre. Und nat\u00fcrlich freuen wir uns auch darauf, etliche bekannte Gesichter wieder zu sehen!<\/p>\n<figure id=\"attachment_39617\" class=\"wp-caption alignright\" aria-describedby=\"caption-attachment-39617\"><a href=\"https:\/\/www.chess-international.com\/newsletter-wuerttemberg-juni2021\" target=\"_blank\" rel=\"noopener\"><img loading=\"lazy\" decoding=\"async\" class=\"size-medium wp-image-39617\" src=\"https:\/\/www.chess-international.com\/wp-content\/uploads\/2021\/05\/Titelseite-2021-06-214x300.jpg\" sizes=\"auto, (max-width: 214px) 100vw, 214px\" srcset=\"https:\/\/www.chess-international.com\/wp-content\/uploads\/2021\/05\/Titelseite-2021-06-214x300.jpg 214w, https:\/\/www.chess-international.com\/wp-content\/uploads\/2021\/05\/Titelseite-2021-06-427x600.jpg 427w, https:\/\/www.chess-international.com\/wp-content\/uploads\/2021\/05\/Titelseite-2021-06.jpg 671w\" alt=\"\" width=\"214\" height=\"300\" \/><\/a><figcaption id=\"caption-attachment-39617\" class=\"wp-caption-text\">Heft zum bl\u00e4ttern<\/figcaption><\/figure>\n<p>Im Newsletter haben wir zwei weitere wichtige Kandidatenvorstellungen. Yves Mutschelknaus (SV Stuttgart-Wolfbusch 1956 e.V.), bekannt als Bundesliga-Schiedsrichter und W\u00fcrttembergischer Jugendleiter, kandidiert als Vizepr\u00e4sident. Ein weiterer Kandidat ist jetzt erst vor Kurzem dazu gekommen. Enis Zuferi (Heilbronner SV), bekannt als starker Spieler der w\u00fcrttembergischen Meisterklasse, hat sich zur gro\u00dfen Freude von Carsten Karthaus bereit erkl\u00e4rt als Verbandsspielleiter zu kandidieren. Da kommt eine Menge Arbeit auf ihn zu, aber das ist f\u00fcr ihn kein Problem, denn er hat schon seit Jahren seinem Verein immer viel geholfen. Jetzt halt eine andere Liga, statt Meetings im Kreis Heilbronn-Hohenlohe, darf er k\u00fcnftig bei den Sitzungen der Bundesspielkommission teilnehmen. Als Entsch\u00e4digung f\u00fcr die viele Arbeit.<\/p>\n<p>Im Newsletter haben wir weiterhin eine Unmenge von Kreis- und Bezirkstags-Protokollen. Und sonst noch was? Na ja, die drei B\u00f6blinger, die ihr vielleicht schon von ihrem Partnerst\u00e4dte-Wettkampf mit der franz\u00f6sischen Kleinstadt bei Paris kennt, waren zu Gast im Live-Stream der Europa-Rochade, Gastgeber war IM Christian Braun. Eine Stunde interessante Gespr\u00e4che \u00fcber die WOBMM, den SC B\u00f6blingen, und eine Partie wurde sogar analysiert. Und dann war noch irgendetwas mit dem Wei\u00dfen Dackel-Klub. Aber das habe ich nicht verstanden, Mario Born kann es sicher erkl\u00e4ren. Und was mich am meisten freut, es gibt trotz des noch immer herrschenden Mangels an echtem Schach auf dem Brett ganz am Ende des Dokuments wieder sch\u00f6ne Fotos aus den Schachartikeln der Tageszeitungen. Dieses Mal mit einer \u00dcberraschung!<\/p>\n<p>Sch\u00f6ne Gr\u00fc\u00dfe, Claus Seyfried (Redaktion Newsletter <a href=\"http:\/\/www.svw.info\/\" target=\"_blank\" rel=\"noopener\">W\u00fcrttemberg<\/a>)<\/p>\n","protected":false},"excerpt":{"rendered":"<p>Der Verbandstag naht und wirft seine Schatten voraus. Alle die, die im Schachverband dazu verdonnert sind mitzuhelfen, treffen sich am 19. Juni in der Stadthalle Plochingen und stellen die Weichen f\u00fcr die n\u00e4chsten zwei&#46;&#46;&#46;<\/p>\n","protected":false},"author":1,"featured_media":12720,"comment_status":"open","ping_status":"open","sticky":false,"template":"","format":"standard","meta":{"_price":"","_stock":"","_tribe_ticket_header":"","_tribe_default_ticket_provider":"","_tribe_ticket_capacity":"0","_ticket_start_date":"","_ticket_end_date":"","_tribe_ticket_show_description":"","_tribe_ticket_show_not_going":false,"_tribe_ticket_use_global_stock":"","_tribe_ticket_global_stock_level":"","_global_stock_mode":"","_global_stock_cap":"","_tribe_rsvp_for_event":"","_tribe_ticket_going_count":"","_tribe_ticket_not_going_count":"","_tribe_tickets_list":"[]","_tribe_ticket_has_attendee_info_fields":false,"footnotes":""},"categories":[138],"tags":[],"class_list":["post-12717","post","type-post","status-publish","format-standard","has-post-thumbnail","hentry","category-schachzeiting"],"_links":{"self":[{"href":"https:\/\/schach-jedesheim.de\/index.php?rest_route=\/wp\/v2\/posts\/12717","targetHints":{"allow":["GET"]}}],"collection":[{"href":"https:\/\/schach-jedesheim.de\/index.php?rest_route=\/wp\/v2\/posts"}],"about":[{"href":"https:\/\/schach-jedesheim.de\/index.php?rest_route=\/wp\/v2\/types\/post"}],"author":[{"embeddable":true,"href":"https:\/\/schach-jedesheim.de\/index.php?rest_route=\/wp\/v2\/users\/1"}],"replies":[{"embeddable":true,"href":"https:\/\/schach-jedesheim.de\/index.php?rest_route=%2Fwp%2Fv2%2Fcomments&post=12717"}],"version-history":[{"count":6,"href":"https:\/\/schach-jedesheim.de\/index.php?rest_route=\/wp\/v2\/posts\/12717\/revisions"}],"predecessor-version":[{"id":12917,"href":"https:\/\/schach-jedesheim.de\/index.php?rest_route=\/wp\/v2\/posts\/12717\/revisions\/12917"}],"wp:featuredmedia":[{"embeddable":true,"href":"https:\/\/schach-jedesheim.de\/index.php?rest_route=\/wp\/v2\/media\/12720"}],"wp:attachment":[{"href":"https:\/\/schach-jedesheim.de\/index.php?rest_route=%2Fwp%2Fv2%2Fmedia&parent=12717"}],"wp:term":[{"taxonomy":"category","embeddable":true,"href":"https:\/\/schach-jedesheim.de\/index.php?rest_route=%2Fwp%2Fv2%2Fcategories&post=12717"},{"taxonomy":"post_tag","embeddable":true,"href":"https:\/\/schach-jedesheim.de\/index.php?rest_route=%2Fwp%2Fv2%2Ftags&post=12717"}],"curies":[{"name":"wp","href":"https:\/\/api.w.org\/{rel}","templated":true}]}}