{"id":13826,"date":"2021-12-23T08:43:48","date_gmt":"2021-12-23T07:43:48","guid":{"rendered":"https:\/\/schach-jedesheim.de\/?p=13826"},"modified":"2021-12-25T18:46:26","modified_gmt":"2021-12-25T17:46:26","slug":"weihnachtsgruesse-2021","status":"publish","type":"post","link":"https:\/\/schach-jedesheim.de\/?p=13826","title":{"rendered":"Weihnachtsgr\u00fc\u00dfe 2021"},"content":{"rendered":"<div id=\"attachment_6198\" style=\"width: 310px\" class=\"wp-caption alignleft\"><a href=\"http:\/\/schach-jedesheim.de\/wp-content\/uploads\/2016\/12\/Winter-\u00fcber-Jedesheim.jpg\" rel=\"lightbox[13826]\"><img loading=\"lazy\" decoding=\"async\" aria-describedby=\"caption-attachment-6198\" class=\"wp-image-6198 size-medium\" src=\"http:\/\/schach-jedesheim.de\/wp-content\/uploads\/2016\/12\/Winter-\u00fcber-Jedesheim-300x206.jpg\" width=\"300\" height=\"206\" srcset=\"https:\/\/schach-jedesheim.de\/wp-content\/uploads\/2016\/12\/Winter-\u00fcber-Jedesheim-300x206.jpg 300w, https:\/\/schach-jedesheim.de\/wp-content\/uploads\/2016\/12\/Winter-\u00fcber-Jedesheim-768x527.jpg 768w, https:\/\/schach-jedesheim.de\/wp-content\/uploads\/2016\/12\/Winter-\u00fcber-Jedesheim-1024x703.jpg 1024w\" sizes=\"auto, (max-width: 300px) 100vw, 300px\" \/><\/a><p id=\"caption-attachment-6198\" class=\"wp-caption-text\">Winter \u00fcber Jedesheim (Bild: Reinhold Kornegger)<\/p><\/div>\n<p><em><strong>Die Abteilung Schach des SV Jedesheim w\u00fcnscht allen Schachspielern, Mitglieder, Freunde, Unterst\u00fctzer und Sponsoren eine gesegnete Weihnacht und ein gutes Neues Jahr, vor allem Gesundheit, viel Erfolg und Spa\u00df beim Schach.<\/strong><\/em><\/p>\n<p>Liebe Schachfreunde, Eltern, Kinder und Jugendliche,<\/p>\n<p>es sind nur noch wenige Tage bis Weihnachten und das Jahr 2021 neigt sich rasch dem Ende zu.<br \/>\nWenn wir auf dieses Jahr zur\u00fcckblicken, dann war Corona erneut das beherrschende Thema, sowohl beim Sport als auch im privaten Umfeld.<\/p>\n<p>Auch wenn der Spielbetrieb in Saison 2020\/2021 ausgefallen ist und die aktuelle Saison 2021\/2022 bis in den Januar hinein pausiert, gab es in unserem Vereinsleben doch auch viele Lichtblicke.<\/p>\n<p>Seit Mitte Juni k\u00f6nnen wir wieder regelm\u00e4\u00dfig am Freitag das Jugendtraining und den Vereinsabend durchf\u00fchren.<br \/>\nIm Juli hatten wir dann volles Programm: An unserem Jubil\u00e4umsturnier \u201e25 Jahre Jedesheimer Jugendturnier\u201c nahmen 114 Kinder und Jugendliche teil und bei der W\u00fcrttembergische Amateurmeisterschaft (WAM\/WJPT) konnten wir fast 70 Spieler in der Gemeindehalle Jedesheim begr\u00fc\u00dfen. Mittenhinein ist es uns wie im Vorjahr gelungen, unser Sommerfest durchzuf\u00fchren. Mittags spielten wir ein Schnellschachturnier mit 21 Teilnehmern und am Abend unterhielt uns die Live-Band \u201eMountain Fever\u201c bei gutem Essen und netten Gespr\u00e4chen.<\/p>\n<p>Im September wurde der Liga-Betrieb wieder aufgenommen. Trotz des R\u00fcckzugs der 1. Mannschaft aus der Oberliga konnten wir mit 7! Mannschaften an den Start gehen.<br \/>\nHerzlichen Dank hier an alle Spieler und die Mannschaftsf\u00fchrer, die im Mannschaftskampf unseren Verein vertreten. Es machte sich auch bezahlt, dass wir w\u00e4hrend des ausgefallenen Spielbetriebs einiges ins Internet verlagert haben, sei es die w\u00f6chentliche Quarant\u00e4ne-Liga, Online-Training f\u00fcr Jugend und Erwachsene oder der virtuelle Fr\u00fchschoppen.<\/p>\n<p>Die Jahreshauptversammlung konnte am 24. September ebenfalls in Pr\u00e4senz durchgef\u00fchrt werden und war gut besucht. Aus Altersgr\u00fcnden stellte sich Hans Haustein nicht mehr zur Wiederwahl. Hans war 12 Jahre stellvertretender Abteilungsleiter und 4 Jahre Abteilungsleiter (1999-2002). Georg Schm\u00f6lzer hat sich nochmals f\u00fcr 1 Jahr als Kassier zur Verf\u00fcgung gestellt. Vielen Dank f\u00fcr euren unerm\u00fcdlichen Einsatz.<br \/>\nNeu im Team der Abteilungsleitung sind Arnd Mayer und Arthur Henle.<\/p>\n<p>Im Dezember pausiert jetzt die Spielsaison \u2013 die Mannschaftsk\u00e4mpfe sind verlegt. Auch unsere, am 18. Dezember geplante, Weihnachtsfeier wird aufgrund der aktuellen Situation in den Februar verschoben.<\/p>\n<p>In diesem Jahr treffen wir uns noch am Freitagabend, den 17. Dezember im Sportheim Jedesheim. Wir beenden ein durchaus erfolgreiches Jahr mit einem Imbiss, Gl\u00fchwein und Lebkuchen und ein paar Blitzpartien.<\/p>\n<p>Mein herzlicher Dank gilt euch, den Mitgliedern, Freunden, Sponsoren und F\u00f6rderer der Abtl. Schach des SV Jedesheim.<\/p>\n<p>Ich w\u00fcnsche euch eine frohe und besinnliche Weihnachtszeit sowie einen guten und gesunden Start in das Jahr 2022 &#8211; vor allem Gesundheit, viel Erfolg und viel Spa\u00df beim k\u00f6niglichen Spiel.<\/p>\n<p><strong>Bernhard Jehle<br \/>\nAbteilungleiter Schach<\/strong><\/p>\n<p>&nbsp;<\/p>\n","protected":false},"excerpt":{"rendered":"<p>Die Abteilung Schach des SV Jedesheim w\u00fcnscht allen Schachspielern, Mitglieder, Freunde, Unterst\u00fctzer und Sponsoren eine gesegnete Weihnacht und ein gutes Neues Jahr, vor allem Gesundheit, viel Erfolg und Spa\u00df beim Schach. Liebe Schachfreunde, Eltern,&#46;&#46;&#46;<\/p>\n","protected":false},"author":1,"featured_media":12274,"comment_status":"closed","ping_status":"closed","sticky":false,"template":"","format":"standard","meta":{"_price":"","_stock":"","_tribe_ticket_header":"","_tribe_default_ticket_provider":"","_tribe_ticket_capacity":"0","_ticket_start_date":"","_ticket_end_date":"","_tribe_ticket_show_description":"","_tribe_ticket_show_not_going":false,"_tribe_ticket_use_global_stock":"","_tribe_ticket_global_stock_level":"","_global_stock_mode":"","_global_stock_cap":"","_tribe_rsvp_for_event":"","_tribe_ticket_going_count":"","_tribe_ticket_not_going_count":"","_tribe_tickets_list":"[]","_tribe_ticket_has_attendee_info_fields":false,"footnotes":""},"categories":[1],"tags":[],"class_list":["post-13826","post","type-post","status-publish","format-standard","has-post-thumbnail","hentry","category-allgemein"],"_links":{"self":[{"href":"https:\/\/schach-jedesheim.de\/index.php?rest_route=\/wp\/v2\/posts\/13826","targetHints":{"allow":["GET"]}}],"collection":[{"href":"https:\/\/schach-jedesheim.de\/index.php?rest_route=\/wp\/v2\/posts"}],"about":[{"href":"https:\/\/schach-jedesheim.de\/index.php?rest_route=\/wp\/v2\/types\/post"}],"author":[{"embeddable":true,"href":"https:\/\/schach-jedesheim.de\/index.php?rest_route=\/wp\/v2\/users\/1"}],"replies":[{"embeddable":true,"href":"https:\/\/schach-jedesheim.de\/index.php?rest_route=%2Fwp%2Fv2%2Fcomments&post=13826"}],"version-history":[{"count":2,"href":"https:\/\/schach-jedesheim.de\/index.php?rest_route=\/wp\/v2\/posts\/13826\/revisions"}],"predecessor-version":[{"id":13828,"href":"https:\/\/schach-jedesheim.de\/index.php?rest_route=\/wp\/v2\/posts\/13826\/revisions\/13828"}],"wp:featuredmedia":[{"embeddable":true,"href":"https:\/\/schach-jedesheim.de\/index.php?rest_route=\/wp\/v2\/media\/12274"}],"wp:attachment":[{"href":"https:\/\/schach-jedesheim.de\/index.php?rest_route=%2Fwp%2Fv2%2Fmedia&parent=13826"}],"wp:term":[{"taxonomy":"category","embeddable":true,"href":"https:\/\/schach-jedesheim.de\/index.php?rest_route=%2Fwp%2Fv2%2Fcategories&post=13826"},{"taxonomy":"post_tag","embeddable":true,"href":"https:\/\/schach-jedesheim.de\/index.php?rest_route=%2Fwp%2Fv2%2Ftags&post=13826"}],"curies":[{"name":"wp","href":"https:\/\/api.w.org\/{rel}","templated":true}]}}