{"id":1522,"date":"2012-08-30T09:33:53","date_gmt":"2012-08-30T09:33:53","guid":{"rendered":"http:\/\/schach-jedesheim.de\/?p=1522"},"modified":"2020-06-14T19:44:32","modified_gmt":"2020-06-14T18:44:32","slug":"tag-des-schachs-schachmatt-im-schloss","status":"publish","type":"post","link":"https:\/\/schach-jedesheim.de\/?p=1522","title":{"rendered":"Tag des Schachs: Schachmatt im Schloss"},"content":{"rendered":"<p class=\"mb5 mt15\"><strong>Beim Tag des Schachs in Illertissen haben Profis und Amateure ihr Wissen ausgetauscht. Schachfans und solche, die es werden wollen, hatten viel Spa\u00df.<\/strong><\/p>\n<p><small class=\"bar color-grey detail mb15 mt10\"><span style=\"font-size: small;\">Autor: PETRA AST | S\u00fcdwestprese, <time datetime=\"2012-08-28\">28.08.2012<\/time><\/span><\/small><\/p>\n<div class=\"box bg-box mb15 detail color-grey\">\n<div class=\"bar\">\n<div id=\"gallery-glider\" class=\"box-cycle\">\n<div class=\"bar\">\n<p><img loading=\"lazy\" decoding=\"async\" class=\"centered\" src=\"http:\/\/www.swp.de\/storage\/scl\/import\/swp-beta-import\/ulm\/lokales\/kreis_neu_ulm\/print\/904845_m0mst1w600h392q90v51018_swp-6443665_20120828_4C_CHESS_X573552552X.jpg?version=1346128204\" width=\"600\" height=\"391\" \/><\/p>\n<p class=\"box txtR detail ph15 ma0\">Foto: \u00a0SWP<\/p>\n<p class=\"box pa15 mb0\">Schach wird nicht nur im stillen K\u00e4mmerchen gespielt, sondern auch drau\u00dfen. Im Innenhof des Illertisser Schlosses hat Patrick Bossinger (rechts) gerade gegen seinen Vereinskameraden Axel Thoma verloren hat. Der 13-J\u00e4hrige nimmts gelassen. Foto: Petra Ast<br \/>\n<!--more--><\/p>\n<\/div>\n<\/div>\n<\/div>\n<\/div>\n<p>&#8222;Die Er\u00f6ffnung, die ihr gespielt habt, ist m\u00f6glich. Der erste Fehler passierte allerdings, als ihr den L\u00e4ufer auf B 4 gezogen habt&#8220;, kommentiert <strong>Patrick Bossinger<\/strong>, Sch\u00fcler aus Jedesheim und dort Mitglied in der Schachabteilung des Sportvereins, das Spiel der elfj\u00e4hrigen Nina-Sophie und ihres neunj\u00e4hrigen Bruders Lukas. Mit ihren Eltern sind die beiden aus Donauw\u00f6rth zum Tag des Schachs ins V\u00f6hlinschloss gekommen. Nun sitzen sie mit Patrick Bossinger im Foyer und knobeln \u00fcber die richtigen Z\u00fcge.<\/p>\n<p>Der 13-j\u00e4hrige Schach-Crack sitzt seit der zweiten Klasse regelm\u00e4\u00dfig vor dem karierten Brett mit seinen insgesamt 32 Figuren. Nicht ohne Grund, wie der begeisterte Sch\u00fcler meint: &#8222;Beim Schachspielen kann man seiner Fantasie freien Lauf lassen. Es gibt unendliche M\u00f6glichkeiten, zu spielen.&#8220;<\/p>\n<p>Eine Erfahrung, die<strong> Christian Spatz<\/strong>, der ebenfalls Schach begeisterte Vater von Nina-Sophie und Lukas, teilt. Allein bei den ersten beiden Z\u00fcgen seien 400 Varianten m\u00f6glich, wei\u00df der Mathematik- und Wirtschaftslehrer, der bei der Eurocopter-Sportgemeinschaft in Donauw\u00f6rth regelm\u00e4\u00dfig spielt und an Turnieren teilnimmt. &#8222;Allerdings mit m\u00e4\u00dfigem Erfolg&#8220;, wie er bescheiden einr\u00e4umt.<\/p>\n<p>Dass der bundesweit ausgetragene<strong> Tag des Schachs <\/strong>am Sonntag im V\u00f6hlinschloss Jugendliche und Erwachsene in den Bann des Strategiespiels ziehen konnte, lag an der zum inzwischen vierten Mal ausgetragenen W\u00fcrttembergischen Schach-Einzelmeisterschaft, f\u00fcr die die Abteilung Schach des SV Jedesheim erneut die Ausrichtung \u00fcbernommen hatte. &#8222;Da hat es sich angeboten, dass wir den Tag des Schachs mit initiieren&#8220;, erl\u00e4utert <strong>Bernhard Jehle<\/strong>, seit neun Jahren Abteilungsleiter Schach beim SV Jedesheim.<\/p>\n<p>\u00dcber die Resonanz auf die Schachfiguren-Ausstellung &#8222;World of Chess&#8220;, die noch bis 2. September Brettspiele aus aller Welt in den Wandelhallen des Schlosses pr\u00e4sentiert, und den seit Samstag laufenden W\u00fcrttembergischen Schach-Einzelmeisterschaften, zeigt sich Jehle zufrieden, &#8222;obwohl der Wettbewerb mit 36 Spielern ein wenig\u00a0mehr Teilnehmer verdient h\u00e4tte&#8220;.<\/p>\n<p>Neben Mickey-Maus-Figuren, Filmber\u00fchmtheiten und traditionellen afrikanischen Schachfiguren in der Ausstellung, gab es f\u00fcr die Besucher am Sonntag im Lauf des Tages Simultanschach, einen L\u00f6sewettbewerb mit Walter Pungartnik, Referent f\u00fcr Breitenschach aus Stuttgart, bei dem \u00fcber komplexen Z\u00fcge get\u00fcftelt werden musste, und ein Schachkino mit Lehrfilmen, aber auch Filmklassikern wie der &#8222;Schachnovelle&#8220;.<\/p>\n<p><strong>Patrick Bossinger<\/strong>, der noch vor wenigen Minuten Nina-Sophie und ihrem Bruder Lukas Tricks und Kniffe verraten hatte, wetteifert schon kurz danach beim Garten-schach im Innenhof des Schlosses mit Abteilungsmitgliedern um Ruhm und Ehre. Und schl\u00e4gt sich gut, wie ihm sein erster Trainer <strong>Bruno L\u00f6ffler <\/strong>im SV Jedesheim am Spielfeldrand bescheinigt: &#8222;Das sieht gut aus, was Patrick da spielt.&#8220;<\/p>\n<p>Obwohl es sp\u00e4ter gegen Vereinskamerad <strong>Axel Thoma <\/strong>nicht ganz reicht. Ein falscher Turmzug besiegelt das Aus, Schachmatt. Aber auch Thoma, der n\u00e4chstes Jahr in der Kreisliga A spielt, zeigt sich voll des Lobes \u00fcber seinen Sch\u00fclerkonkurrenten. &#8222;Ich dachte, es geht Remis aus.&#8220; Patrick Bossinger nimmt die Niederlage derweil gelassen. &#8222;Einmal gewinnt man, einmal verliert man eben.&#8220;<\/p>\n","protected":false},"excerpt":{"rendered":"<p>Beim Tag des Schachs in Illertissen haben Profis und Amateure ihr Wissen ausgetauscht. Schachfans und solche, die es werden wollen, hatten viel Spa\u00df. Autor: PETRA AST | S\u00fcdwestprese, 28.08.2012 Foto: \u00a0SWP Schach wird nicht&#46;&#46;&#46;<\/p>\n","protected":false},"author":1,"featured_media":10832,"comment_status":"closed","ping_status":"closed","sticky":false,"template":"","format":"standard","meta":{"_price":"","_stock":"","_tribe_ticket_header":"","_tribe_default_ticket_provider":"","_tribe_ticket_capacity":"0","_ticket_start_date":"","_ticket_end_date":"","_tribe_ticket_show_description":"","_tribe_ticket_show_not_going":false,"_tribe_ticket_use_global_stock":"","_tribe_ticket_global_stock_level":"","_global_stock_mode":"","_global_stock_cap":"","_tribe_rsvp_for_event":"","_tribe_ticket_going_count":"","_tribe_ticket_not_going_count":"","_tribe_tickets_list":"[]","_tribe_ticket_has_attendee_info_fields":false,"footnotes":""},"categories":[24],"tags":[],"class_list":["post-1522","post","type-post","status-publish","format-standard","has-post-thumbnail","hentry","category-wurttembergische-meisterschaften"],"_links":{"self":[{"href":"https:\/\/schach-jedesheim.de\/index.php?rest_route=\/wp\/v2\/posts\/1522","targetHints":{"allow":["GET"]}}],"collection":[{"href":"https:\/\/schach-jedesheim.de\/index.php?rest_route=\/wp\/v2\/posts"}],"about":[{"href":"https:\/\/schach-jedesheim.de\/index.php?rest_route=\/wp\/v2\/types\/post"}],"author":[{"embeddable":true,"href":"https:\/\/schach-jedesheim.de\/index.php?rest_route=\/wp\/v2\/users\/1"}],"replies":[{"embeddable":true,"href":"https:\/\/schach-jedesheim.de\/index.php?rest_route=%2Fwp%2Fv2%2Fcomments&post=1522"}],"version-history":[{"count":6,"href":"https:\/\/schach-jedesheim.de\/index.php?rest_route=\/wp\/v2\/posts\/1522\/revisions"}],"predecessor-version":[{"id":11620,"href":"https:\/\/schach-jedesheim.de\/index.php?rest_route=\/wp\/v2\/posts\/1522\/revisions\/11620"}],"wp:featuredmedia":[{"embeddable":true,"href":"https:\/\/schach-jedesheim.de\/index.php?rest_route=\/wp\/v2\/media\/10832"}],"wp:attachment":[{"href":"https:\/\/schach-jedesheim.de\/index.php?rest_route=%2Fwp%2Fv2%2Fmedia&parent=1522"}],"wp:term":[{"taxonomy":"category","embeddable":true,"href":"https:\/\/schach-jedesheim.de\/index.php?rest_route=%2Fwp%2Fv2%2Fcategories&post=1522"},{"taxonomy":"post_tag","embeddable":true,"href":"https:\/\/schach-jedesheim.de\/index.php?rest_route=%2Fwp%2Fv2%2Ftags&post=1522"}],"curies":[{"name":"wp","href":"https:\/\/api.w.org\/{rel}","templated":true}]}}