{"id":1572,"date":"2012-09-03T10:02:33","date_gmt":"2012-09-03T10:02:33","guid":{"rendered":"http:\/\/schach-jedesheim.de\/?p=1572"},"modified":"2020-06-14T19:26:28","modified_gmt":"2020-06-14T18:26:28","slug":"wem-2012-andreas-reus-neuer-wurttembergischer-meister-2012","status":"publish","type":"post","link":"https:\/\/schach-jedesheim.de\/?p=1572","title":{"rendered":"WEM 2012: Andreas Reu\u00df neuer W\u00fcrttembergischer Meister 2012"},"content":{"rendered":"<p><strong>Jedesheimer Spieler mit auf den vorderen Pl\u00e4tzen<\/strong><\/p>\n<table style=\"width: 200px; height: 100px;\" border=\"1\" cellspacing=\"1\" cellpadding=\"1\" align=\"left\">\n<tbody>\n<tr>\n<td><a href=\"http:\/\/schach-jedesheim.de\/wp-content\/uploads\/image\/WEM_dimitrij.jpg\" target=\"_blank\" rel=\"noopener noreferrer\" rel=\"lightbox[1572]\"><img loading=\"lazy\" decoding=\"async\" src=\"http:\/\/schach-jedesheim.de\/wp-content\/uploads\/image\/SVW_WEM_Reuss.jpg\" alt=\"Andreas Reuss bei der Pokal\u00fcbergabe\" width=\"200\" height=\"150\" \/><\/a><\/td>\n<\/tr>\n<\/tbody>\n<\/table>\n<p>&nbsp;<\/p>\n<p>F\u00fcr den Stuttgarter <strong>Andreas Reu\u00df <\/strong>scheint Illertisser ein gutes Pflaster zu sein. Bereits 2005 ging er als Sieger der W\u00fcrttembergischen Einzelmeisterschaft in Illertissen als Sieger hervor &#8230;<\/p>\n<p><strong>Andreas Reu\u00df<\/strong> (Stuttgarter SF) hatte 6,5 Punkten in neun Partien erreicht. Nur einen halben Punkt trennten die Zweit- bis Viertplazierten von ihm. Zweiter wurde <strong>Jaroslaw <\/strong><\/p>\n<table style=\"width: 100px; height: 100px;\" border=\"1\" cellspacing=\"1\" cellpadding=\"1\" align=\"right\">\n<tbody>\n<tr>\n<td><a href=\"http:\/\/schach-jedesheim.de\/wp-content\/uploads\/image\/WEM_dimitrij.jpg\" target=\"_blank\" rel=\"noopener noreferrer\" rel=\"lightbox[1572]\"><img loading=\"lazy\" decoding=\"async\" style=\"width: 180px; height: 100px;\" src=\"http:\/\/schach-jedesheim.de\/wp-content\/uploads\/image\/WEM_dimitrij.jpg\" alt=\"Dimitrij Anistratov (SV Jedesheim): 3. Platz\" width=\"200\" height=\"100\" \/><\/a><\/td>\n<\/tr>\n<\/tbody>\n<\/table>\n<p><strong>Krassowitzkij<\/strong>, der einstmals f\u00fcr Jedesheim startete und in der kommenden Saison f\u00fcr die Stuttgarter Schachfreunde spielt. Aber bereits auf dem dritten Platz landete\u00a0Lokalmatador <strong>Dimitrij Anistratov<\/strong> (SV Jedesheim), der die gro\u00dfe Titelchance durch eine Niederlage in der Schlu\u00dfrunde\u00a0vergab.<\/p>\n<p><u><strong>Die letzte Runde<br \/>\n<\/strong><\/u>Da der bisherige F\u00fchrende <strong>Dimitrij Anistratov <\/strong>am Spitzenbrett gegen den jungen <strong>Georg Braun<\/strong> (SK Bebenhausen) verlor, konnte ihn <strong>Andreas Reu\u00df<\/strong> noch \u00fcberfl\u00fcgeln, der sich gegen <strong>Boris Latzke<\/strong> (ebenfalls SK Bebenhausen) durchsetzte. Damit wurde Andreas Reu\u00df mit 6,5 Punkten alleiniger Sieger. Mit 0,5 Punkten R\u00fcckstand folgten 3 Spieler mit 6 Punkten, bei denen die Zweit- bzw. Drittwertung \u00fcber die Platzierungen entscheiden musste. Dadurch belegte <strong>Jaroslaw Krassowizkij<\/strong>, der gegen <strong>Oliver Wei\u00df <\/strong>(TG Biberach) Remis spielte, den 2. Platz. Auf dem 3. Platz folgt Dimitrij Anistratov vor <strong>Claus Seyfried <\/strong>(Stuttgarter SF), der sich nach wenigen Z\u00fcgen mit <strong>Ulrich R\u00f6mer<\/strong> (SV Jedesheim) auf Remis einigte und den 4. Platz belegte.<\/p>\n<table style=\"width: 100%;\" border=\"1\" cellspacing=\"1\" cellpadding=\"1\">\n<tbody>\n<tr>\n<td><a href=\"http:\/\/www.chess-international.de\/ticker\/kandidatenturnier2012\/dgt_chesstheatre.htm\"><strong>Partien Kandidatenturnier<br \/>\n<\/strong><\/a><\/td>\n<td><a href=\"http:\/\/www.chess-international.de\/ticker\/meisterturnier2012\/dgt_chesstheatre.htm\"><strong>Partien Meisterturnier<br \/>\n<\/strong><\/a><\/td>\n<\/tr>\n<\/tbody>\n<\/table>\n<p><!--more--><\/p>\n<table style=\"width: 200px; height: 100px;\" border=\"1\" cellspacing=\"1\" cellpadding=\"1\" align=\"left\">\n<tbody>\n<tr>\n<td><a href=\"http:\/\/schach-jedesheim.de\/wp-content\/uploads\/image\/WEM_kandidaten.jpg\" target=\"_blank\" rel=\"noopener noreferrer\" rel=\"lightbox[1572]\"><img loading=\"lazy\" decoding=\"async\" src=\"http:\/\/schach-jedesheim.de\/wp-content\/uploads\/image\/WEM_kandidaten.jpg\" alt=\"Kandidatenturnier 2012: Die ersten Sechs\" width=\"200\" height=\"113\" \/><\/a><\/td>\n<\/tr>\n<\/tbody>\n<\/table>\n<p>&nbsp;<\/p>\n<p>Im Kandidatenturnier stand<strong> Werner Schweigert <\/strong>(SK Leutkirch) bereits vor der letzten Runde als Sieger fest. In der Schlu\u00dfrunde spielte er gegen Lukas Buschle Remis und kam damit auf 8 Punkte. Dahinter gab es noch einen harten Kampf um die weiteren Pl\u00e4tze. Mit Siegen konnten<strong> Arnd Mayer <\/strong>(SV Jedesheim)\u00a0und <strong>Emilian Hofer <\/strong>(SV Jedesheim) ihr Punktekonto noch auf 6 Punkte aufstocken. Nach Wertung belegte Arnd Mayer den 2. Platz vor dem 14-j\u00e4hrigen Emilian Hofer.<\/p>\n<p><u><strong>Siegerehrung<br \/>\n<\/strong><\/u>Die Siegerehrung nahm der Vorsitzende des SV Jedesheim Johann Faulhaber zum Anlass, nochmals all denen zu danken, die am Zustandekommen des herausragenden Ereignisses ma\u00dfgeblichen Anteil hatten, vor allem dem unerm\u00fcdlich f\u00fcr Schach werbenden Abteilungsleiter Bernhard Jehle, dem Pr\u00e4sidenten des W\u00fcrttembergischen Schachverbands, Wolfgang Mehrer sowie Verbandsspielleiter Thomas Wiedmann, Turnierleiter Klaus Fu\u00df und nat\u00fcrlich den Br\u00fcdern Werner und Roland Rupp f\u00fcr die gro\u00dfartige Schachfiguren-Ausstellung.<br \/>\nAuch den flei\u00dfigen Helfern und Helferinnen der Schachabteilung des SV Jedesheim, den Sponsoren und G\u00f6nnern galten seine anerkennende Worte.<\/p>\n<p><u><strong>Presse berichtet ausf\u00fchrlich<br \/>\n<\/strong><\/u>Die Illertisser Zeitung mit Redakteur Otto Mittelbach und die S\u00fcdwestpresse Ulm haben ausf\u00fchrlich \u00fcber dieses Schach-Event berichtet. Jeden zweiten Tag gab es gr\u00f6\u00dfere Artikel \u00fcber die W\u00fcrttembergische Einzelmeisterschaft.<br \/>\n(Bilder oben: Otto Mittelbach, IZ).<br \/>\nHier einige Artikel:<\/p>\n<p><a href=\"http:\/\/schach-jedesheim.de\/wp-content\/uploads\/2012\/09\/Illertisser-Zeitung-2012-08-23-Seite-26.pdf\">Illertisser-Zeitung-2012-08-23-Seite-26<\/a><br \/>\n<a href=\"http:\/\/schach-jedesheim.de\/wp-content\/uploads\/2012\/09\/Illertisser-Zeitung-2012-08-25-Seite-31.pdf\">Illertisser-Zeitung-2012-08-25-Seite-31<\/a><br \/>\n<a href=\"http:\/\/schach-jedesheim.de\/wp-content\/uploads\/2012\/09\/Illertisser-Zeitung-2012-08-28-Seite-27.pdf\">Illertisser-Zeitung-2012-08-28-Seite-27<\/a><br \/>\n<a href=\"http:\/\/schach-jedesheim.de\/wp-content\/uploads\/2012\/09\/Illertisser-Zeitung-2012-09-01-Seite-27.pdf\">Illertisser-Zeitung-2012-09-01-Seite-27<\/a><br \/>\n<a href=\"http:\/\/schach-jedesheim.de\/wp-content\/uploads\/2012\/09\/Illertisser-Zeitung-2012-09-03-Seite-24.pdf\">Illertisser-Zeitung-2012-09-03-Seite-24<\/a><\/p>\n<p>&nbsp;<\/p>\n<div class=\"contentintro\">\n<h2>W\u00fcrttembergische\u00a0Meisterschaft\u00a02012 in Illertissen<\/h2>\n<h3>Meisterturnier\u00a02012<\/h3>\n<table style=\"width: 100%;\" border=\"2\" cellspacing=\"2\" cellpadding=\"2\" bgcolor=\"#00ffff\">\n<tbody>\n<tr>\n<td colspan=\"9\">Rangliste:\u00a0\u00a0Stand\u00a0nach\u00a0der\u00a09.\u00a0Runde<\/td>\n<\/tr>\n<tr bgcolor=\"#00ffff\">\n<th>Rang<\/th>\n<th>Teilnehmer<\/th>\n<th>TWZ<\/th>\n<th>Verein<\/th>\n<th>S<\/th>\n<th>R<\/th>\n<th>V<\/th>\n<th>Punkte<\/th>\n<th>Buchh<\/th>\n<\/tr>\n<tr bgcolor=\"#ffffff\">\n<td>1.<\/td>\n<td>Reu\u00df,\u00a0Andreas<\/td>\n<td>2296<\/td>\n<td>Stuttgarter\u00a0SF<\/td>\n<td>5<\/td>\n<td>3<\/td>\n<td>1<\/td>\n<td>6.5<\/td>\n<td>43.0<\/td>\n<\/tr>\n<tr bgcolor=\"#ffffff\">\n<td>2.<\/td>\n<td>Krassowizkij,\u00a0Jaroslaw<\/td>\n<td>2420<\/td>\n<td>Stuttgarter\u00a0SF<\/td>\n<td>4<\/td>\n<td>4<\/td>\n<td>1<\/td>\n<td>6.0<\/td>\n<td>45.0<\/td>\n<\/tr>\n<tr bgcolor=\"#ffffff\">\n<td>3.<\/td>\n<td>Anistratov,\u00a0Dimitrij<\/td>\n<td>2332<\/td>\n<td>SAbt\u00a0SV\u00a0Jedesheim<\/td>\n<td>5<\/td>\n<td>2<\/td>\n<td>2<\/td>\n<td>6.0<\/td>\n<td>44.0<\/td>\n<\/tr>\n<tr bgcolor=\"#ffffff\">\n<td>4.<\/td>\n<td>Seyfried,\u00a0Claus<\/td>\n<td>2111<\/td>\n<td>Stuttgarter\u00a0SF<\/td>\n<td>4<\/td>\n<td>4<\/td>\n<td>1<\/td>\n<td>6.0<\/td>\n<td>44.0<\/td>\n<\/tr>\n<tr bgcolor=\"#ffffff\">\n<td>5.<\/td>\n<td>Wei\u00df,\u00a0Oliver<\/td>\n<td>2268<\/td>\n<td>SAbt\u00a0TG\u00a0Biberach<\/td>\n<td>2<\/td>\n<td>6<\/td>\n<td>1<\/td>\n<td>5.0<\/td>\n<td>45.0<\/td>\n<\/tr>\n<tr bgcolor=\"#ffffff\">\n<td>6.<\/td>\n<td>Latzke,\u00a0Boris<\/td>\n<td>2248<\/td>\n<td>SK\u00a0Bebenhausen<\/td>\n<td>4<\/td>\n<td>2<\/td>\n<td>3<\/td>\n<td>5.0<\/td>\n<td>42.0<\/td>\n<\/tr>\n<tr bgcolor=\"#ffffff\">\n<td>7.<\/td>\n<td>Braun,\u00a0Georg<\/td>\n<td>2239<\/td>\n<td>SK\u00a0Bebenhausen<\/td>\n<td>4<\/td>\n<td>2<\/td>\n<td>3<\/td>\n<td>5.0<\/td>\n<td>40.5<\/td>\n<\/tr>\n<tr bgcolor=\"#ffffff\">\n<td>8.<\/td>\n<td>R\u00f6mer,\u00a0Ulrich<\/td>\n<td>2294<\/td>\n<td>SAbt\u00a0SV\u00a0Jedesheim<\/td>\n<td>1<\/td>\n<td>7<\/td>\n<td>1<\/td>\n<td>4.5<\/td>\n<td>39.5<\/td>\n<\/tr>\n<tr bgcolor=\"#ffffff\">\n<td>9.<\/td>\n<td>F\u00f6rster,\u00a0Bernhard<\/td>\n<td>2176<\/td>\n<td>SK\u00a0Bietigheim-Bissingen<\/td>\n<td>1<\/td>\n<td>6<\/td>\n<td>2<\/td>\n<td>4.0<\/td>\n<td>42.0<\/td>\n<\/tr>\n<tr bgcolor=\"#ffffff\">\n<td>10.<\/td>\n<td>Namyslo,\u00a0Holger<\/td>\n<td>2248<\/td>\n<td>SAbt\u00a0TG\u00a0Biberach<\/td>\n<td>2<\/td>\n<td>4<\/td>\n<td>3<\/td>\n<td>4.0<\/td>\n<td>40.5<\/td>\n<\/tr>\n<tr bgcolor=\"#ffffff\">\n<td>11.<\/td>\n<td>Imhof,\u00a0Thomas<\/td>\n<td>2081<\/td>\n<td>SG\u00a0Vaihingen\/Rohr<\/td>\n<td>3<\/td>\n<td>2<\/td>\n<td>4<\/td>\n<td>4.0<\/td>\n<td>39.0<\/td>\n<\/tr>\n<tr bgcolor=\"#ffffff\">\n<td>12.<\/td>\n<td>Reimche,\u00a0Vadim<\/td>\n<td>2103<\/td>\n<td>SF\u00a0Ravensburg<\/td>\n<td>4<\/td>\n<td>0<\/td>\n<td>5<\/td>\n<td>4.0<\/td>\n<td>35.0<\/td>\n<\/tr>\n<tr bgcolor=\"#ffffff\">\n<td>13.<\/td>\n<td>Engelhart,\u00a0Achim<\/td>\n<td>2130<\/td>\n<td>SAbt\u00a0Post\u00a0SV\u00a0Ulm<\/td>\n<td>0<\/td>\n<td>7<\/td>\n<td>2<\/td>\n<td>3.5<\/td>\n<td>37.0<\/td>\n<\/tr>\n<tr bgcolor=\"#ffffff\">\n<td>14.<\/td>\n<td>Stiepan,\u00a0Hans-Michael<\/td>\n<td>2100<\/td>\n<td>SAbt\u00a0SV\u00a0Jedesheim<\/td>\n<td>1<\/td>\n<td>4<\/td>\n<td>4<\/td>\n<td>3.0<\/td>\n<td>36.0<\/td>\n<\/tr>\n<tr bgcolor=\"#ffffff\">\n<td>15.<\/td>\n<td>Amos,\u00a0Frank<\/td>\n<td>2133<\/td>\n<td>SK\u00a0Lauffen<\/td>\n<td>1<\/td>\n<td>4<\/td>\n<td>4<\/td>\n<td>3.0<\/td>\n<td>35.0<\/td>\n<\/tr>\n<tr bgcolor=\"#ffffff\">\n<td>16.<\/td>\n<td>Meschke,\u00a0Andreas<\/td>\n<td>2135<\/td>\n<td>SV\u00a0Marbach<\/td>\n<td>2<\/td>\n<td>1<\/td>\n<td>6<\/td>\n<td>2.5<\/td>\n<td>40.5<\/td>\n<\/tr>\n<\/tbody>\n<\/table>\n<h3>Kandidatenturnier\u00a02012<\/h3>\n<table style=\"width: 100%;\" border=\"2\" cellspacing=\"2\" cellpadding=\"2\" bgcolor=\"#00ffff\">\n<tbody>\n<tr>\n<td colspan=\"9\">Rangliste:\u00a0\u00a0Stand\u00a0nach\u00a0der\u00a09.\u00a0Runde<\/td>\n<\/tr>\n<tr bgcolor=\"#00ffff\">\n<th>Rang<\/th>\n<th>Teilnehmer<\/th>\n<th>TWZ<\/th>\n<th>Verein<\/th>\n<th>S<\/th>\n<th>R<\/th>\n<th>V<\/th>\n<th>Punkte<\/th>\n<th>Buchh<\/th>\n<\/tr>\n<tr bgcolor=\"#ffffff\">\n<td>1.<\/td>\n<td>Schweigert,\u00a0Werner<\/td>\n<td>2128<\/td>\n<td>SK\u00a0Leutkirch<\/td>\n<td>7<\/td>\n<td>2<\/td>\n<td>0<\/td>\n<td>8.0<\/td>\n<td>47.0<\/td>\n<\/tr>\n<tr bgcolor=\"#ffffff\">\n<td>2.<\/td>\n<td>Mayer,\u00a0Arnd<\/td>\n<td>2059<\/td>\n<td>SAbt\u00a0SV\u00a0Jedesheim<\/td>\n<td>5<\/td>\n<td>2<\/td>\n<td>2<\/td>\n<td>6.0<\/td>\n<td>48.0<\/td>\n<\/tr>\n<tr bgcolor=\"#ffffff\">\n<td>3.<\/td>\n<td>Hofer,\u00a0Emilian<\/td>\n<td>2031<\/td>\n<td>SAbt\u00a0SV\u00a0Jedesheim<\/td>\n<td>4<\/td>\n<td>4<\/td>\n<td>1<\/td>\n<td>6.0<\/td>\n<td>43.5<\/td>\n<\/tr>\n<tr bgcolor=\"#ffffff\">\n<td>4.<\/td>\n<td>Walter,\u00a0Kevin<\/td>\n<td>1977<\/td>\n<td>SK\u00a0Sontheim\/Brenz<\/td>\n<td>4<\/td>\n<td>3<\/td>\n<td>2<\/td>\n<td>5.5<\/td>\n<td>49.0<\/td>\n<\/tr>\n<tr bgcolor=\"#ffffff\">\n<td>5.<\/td>\n<td>Hartmann,\u00a0Thomas<\/td>\n<td>2003<\/td>\n<td>SC\u00a0WD Ulm<\/td>\n<td>5<\/td>\n<td>1<\/td>\n<td>3<\/td>\n<td>5.5<\/td>\n<td>45.0<\/td>\n<\/tr>\n<tr bgcolor=\"#ffffff\">\n<td>6.<\/td>\n<td>F\u00f6rderreuther,\u00a0Jonas<\/td>\n<td>1976<\/td>\n<td>SV\u00a0Thalfingen<\/td>\n<td>4<\/td>\n<td>2<\/td>\n<td>3<\/td>\n<td>5.0<\/td>\n<td>44.0<\/td>\n<\/tr>\n<tr bgcolor=\"#ffffff\">\n<td>7.<\/td>\n<td>Fischer,\u00a0Alexander<\/td>\n<td>1981<\/td>\n<td>SV\u00a023\u00a0B\u00f6ckingen<\/td>\n<td>4<\/td>\n<td>2<\/td>\n<td>3<\/td>\n<td>5.0<\/td>\n<td>43.5<\/td>\n<\/tr>\n<tr bgcolor=\"#ffffff\">\n<td>8.<\/td>\n<td>Buschle,\u00a0Lukas<\/td>\n<td>1971<\/td>\n<td>SG\u00a0Donautal\u00a0Tuttlingen<\/td>\n<td>3<\/td>\n<td>4<\/td>\n<td>2<\/td>\n<td>5.0<\/td>\n<td>43.0<\/td>\n<\/tr>\n<tr bgcolor=\"#ffffff\">\n<td>9.<\/td>\n<td>Grosse,\u00a0Manfred<\/td>\n<td>1986<\/td>\n<td>TSV\u00a0Langenau<\/td>\n<td>4<\/td>\n<td>2<\/td>\n<td>3<\/td>\n<td>5.0<\/td>\n<td>42.0<\/td>\n<\/tr>\n<tr bgcolor=\"#ffffff\">\n<td>10.<\/td>\n<td>Sch\u00f6mbs,\u00a0Oliver<\/td>\n<td>1865<\/td>\n<td>SC\u00a0Ingersheim<\/td>\n<td>5<\/td>\n<td>0<\/td>\n<td>4<\/td>\n<td>5.0<\/td>\n<td>37.0<\/td>\n<\/tr>\n<tr bgcolor=\"#ffffff\">\n<td>11.<\/td>\n<td>Bitter,\u00a0Frank<\/td>\n<td>1915<\/td>\n<td>SC\u00a0WD Ulm<\/td>\n<td>3<\/td>\n<td>3<\/td>\n<td>3<\/td>\n<td>4.5<\/td>\n<td>39.0<\/td>\n<\/tr>\n<tr bgcolor=\"#ffffff\">\n<td>12.<\/td>\n<td>Baumeister,\u00a0J\u00fcrgen<\/td>\n<td>1850<\/td>\n<td>SC\u00a0Asperg<\/td>\n<td>3<\/td>\n<td>3<\/td>\n<td>3<\/td>\n<td>4.5<\/td>\n<td>30.5<\/td>\n<\/tr>\n<tr bgcolor=\"#ffffff\">\n<td>13.<\/td>\n<td>Keller,\u00a0Joachim<\/td>\n<td>1869<\/td>\n<td>SV\u00a0T\u00fcbingen<\/td>\n<td>3<\/td>\n<td>2<\/td>\n<td>4<\/td>\n<td>4.0<\/td>\n<td>45.5<\/td>\n<\/tr>\n<tr bgcolor=\"#ffffff\">\n<td>14.<\/td>\n<td>T\u00f6lg,\u00a0Wolfgang<\/td>\n<td>1771<\/td>\n<td>SF\u00a0Oeffingen<\/td>\n<td>3<\/td>\n<td>1<\/td>\n<td>5<\/td>\n<td>3.5<\/td>\n<td>33.5<\/td>\n<\/tr>\n<tr bgcolor=\"#ffffff\">\n<td>15.<\/td>\n<td>Jooss,\u00a0Achim<\/td>\n<td>1735<\/td>\n<td>SF\u00a0Pfullingen<\/td>\n<td>3<\/td>\n<td>1<\/td>\n<td>5<\/td>\n<td>3.5<\/td>\n<td>33.5<\/td>\n<\/tr>\n<tr bgcolor=\"#ffffff\">\n<td>16.<\/td>\n<td>Schluricke,\u00a0Reinhard<\/td>\n<td>1831<\/td>\n<td>Sabt TSV\u00a0Neu-Ulm<\/td>\n<td>1<\/td>\n<td>2<\/td>\n<td>6<\/td>\n<td>2.0<\/td>\n<td>35.0<\/td>\n<\/tr>\n<tr bgcolor=\"#ffffff\">\n<td>17.<\/td>\n<td>Ordu,\u00a0Armin<\/td>\n<td>1801<\/td>\n<td>SV\u00a0Schorndorf<\/td>\n<td>1<\/td>\n<td>1<\/td>\n<td>7<\/td>\n<td>1.5<\/td>\n<td>34.5<\/td>\n<\/tr>\n<tr bgcolor=\"#ffffff\">\n<td>18.<\/td>\n<td>Sanna,\u00a0Giuseppe<\/td>\n<td>1855<\/td>\n<td>Sabt TSV\u00a0Neu-Ulm<\/td>\n<td>0<\/td>\n<td>3<\/td>\n<td>6<\/td>\n<td>1.5<\/td>\n<td>33.5<\/td>\n<\/tr>\n<\/tbody>\n<\/table>\n<\/div>\n","protected":false},"excerpt":{"rendered":"<p>Jedesheimer Spieler mit auf den vorderen Pl\u00e4tzen &nbsp; F\u00fcr den Stuttgarter Andreas Reu\u00df scheint Illertisser ein gutes Pflaster zu sein. Bereits 2005 ging er als Sieger der W\u00fcrttembergischen Einzelmeisterschaft in Illertissen als Sieger hervor&#46;&#46;&#46;<\/p>\n","protected":false},"author":1,"featured_media":11614,"comment_status":"closed","ping_status":"closed","sticky":false,"template":"","format":"standard","meta":{"_price":"","_stock":"","_tribe_ticket_header":"","_tribe_default_ticket_provider":"","_tribe_ticket_capacity":"0","_ticket_start_date":"","_ticket_end_date":"","_tribe_ticket_show_description":"","_tribe_ticket_show_not_going":false,"_tribe_ticket_use_global_stock":"","_tribe_ticket_global_stock_level":"","_global_stock_mode":"","_global_stock_cap":"","_tribe_rsvp_for_event":"","_tribe_ticket_going_count":"","_tribe_ticket_not_going_count":"","_tribe_tickets_list":"[]","_tribe_ticket_has_attendee_info_fields":false,"footnotes":""},"categories":[24],"tags":[],"class_list":["post-1572","post","type-post","status-publish","format-standard","has-post-thumbnail","hentry","category-wurttembergische-meisterschaften"],"_links":{"self":[{"href":"https:\/\/schach-jedesheim.de\/index.php?rest_route=\/wp\/v2\/posts\/1572","targetHints":{"allow":["GET"]}}],"collection":[{"href":"https:\/\/schach-jedesheim.de\/index.php?rest_route=\/wp\/v2\/posts"}],"about":[{"href":"https:\/\/schach-jedesheim.de\/index.php?rest_route=\/wp\/v2\/types\/post"}],"author":[{"embeddable":true,"href":"https:\/\/schach-jedesheim.de\/index.php?rest_route=\/wp\/v2\/users\/1"}],"replies":[{"embeddable":true,"href":"https:\/\/schach-jedesheim.de\/index.php?rest_route=%2Fwp%2Fv2%2Fcomments&post=1572"}],"version-history":[{"count":32,"href":"https:\/\/schach-jedesheim.de\/index.php?rest_route=\/wp\/v2\/posts\/1572\/revisions"}],"predecessor-version":[{"id":11616,"href":"https:\/\/schach-jedesheim.de\/index.php?rest_route=\/wp\/v2\/posts\/1572\/revisions\/11616"}],"wp:featuredmedia":[{"embeddable":true,"href":"https:\/\/schach-jedesheim.de\/index.php?rest_route=\/wp\/v2\/media\/11614"}],"wp:attachment":[{"href":"https:\/\/schach-jedesheim.de\/index.php?rest_route=%2Fwp%2Fv2%2Fmedia&parent=1572"}],"wp:term":[{"taxonomy":"category","embeddable":true,"href":"https:\/\/schach-jedesheim.de\/index.php?rest_route=%2Fwp%2Fv2%2Fcategories&post=1572"},{"taxonomy":"post_tag","embeddable":true,"href":"https:\/\/schach-jedesheim.de\/index.php?rest_route=%2Fwp%2Fv2%2Ftags&post=1572"}],"curies":[{"name":"wp","href":"https:\/\/api.w.org\/{rel}","templated":true}]}}