{"id":15776,"date":"2023-02-14T00:24:10","date_gmt":"2023-02-13T23:24:10","guid":{"rendered":"https:\/\/schach-jedesheim.de\/?p=15776"},"modified":"2023-02-14T00:38:14","modified_gmt":"2023-02-13T23:38:14","slug":"illertissen-jan-jaskulski-mit-jugendfoerderpreis-2022-ausgezeichnet","status":"publish","type":"post","link":"https:\/\/schach-jedesheim.de\/?p=15776","title":{"rendered":"Illertissen: Jan Jaskulski mit Jugendf\u00f6rderpreis 2022 ausgezeichnet"},"content":{"rendered":"<p><img loading=\"lazy\" decoding=\"async\" class=\"alignleft size-medium wp-image-15778\" src=\"https:\/\/schach-jedesheim.de\/wp-content\/uploads\/2023\/02\/WhatsApp-Image-2023-02-12-at-19.22.05-kl-225x300.jpg\" alt=\"\" width=\"225\" height=\"300\" srcset=\"https:\/\/schach-jedesheim.de\/wp-content\/uploads\/2023\/02\/WhatsApp-Image-2023-02-12-at-19.22.05-kl-225x300.jpg 225w, https:\/\/schach-jedesheim.de\/wp-content\/uploads\/2023\/02\/WhatsApp-Image-2023-02-12-at-19.22.05-kl-720x960.jpg 720w, https:\/\/schach-jedesheim.de\/wp-content\/uploads\/2023\/02\/WhatsApp-Image-2023-02-12-at-19.22.05-kl-520x693.jpg 520w, https:\/\/schach-jedesheim.de\/wp-content\/uploads\/2023\/02\/WhatsApp-Image-2023-02-12-at-19.22.05-kl-320x427.jpg 320w, https:\/\/schach-jedesheim.de\/wp-content\/uploads\/2023\/02\/WhatsApp-Image-2023-02-12-at-19.22.05-kl.jpg 750w\" sizes=\"auto, (max-width: 225px) 100vw, 225px\" \/>Zum siebten Mal hat B\u00fcrgermeister <strong>J\u00fcrgen Eisen<\/strong> den Jugendf\u00f6rderpreis f\u00fcr herausragende Leistungen an Illertisser Jugendliche vergeben. Damit wurde am Freitagabend, den 10. Februar,\u00a0 die 2015 eingef\u00fchrte Initiative nach coronabedingter Pause in der Historischen Schranne fortgef\u00fchrt.<\/p>\n<p>Die aus mehreren Kategorien ausgew\u00e4hlten zehn Personen und sieben Teams stellten sich mit ihren Talenten vor.<\/p>\n<p>In der Kategorie Sport wurde der 16-j\u00e4hrige <b><span class=\"rtr-entity\" data-rtr-entity=\"Jan Jaskulski\" data-rtr-id=\"150d914291599af70869c315649c7cd15664e1d4\" data-rtr-score=\"11.80817610062893\" data-rtr-etype=\"person\">Jan Jaskulski<\/span><\/b> f\u00fcr seine Erfolge beim Schach ausgezeichnet. Erst 2020 kam er von Polen nach Illertissen und spreche gut Deutsch, lobte der B\u00fcrgermeister. Jan wurde 2022 W\u00fcrttembergischer Meister U16 und geh\u00f6rt dem Leistungskader der Jugend W\u00fcrttemberg an. Bei der Deutschen Jugendeinzelmeisterschaft belegte er Rang 14.<\/p>\n<p>Der Jugendf\u00f6rderpreis der Stadt Illertissen wurde an insgesamt 17 Jugendliche und Mannschaften vergeben.<\/p>\n<div id=\"attachment_15779\" style=\"width: 277px\" class=\"wp-caption aligncenter\"><img loading=\"lazy\" decoding=\"async\" aria-describedby=\"caption-attachment-15779\" class=\"wp-image-15779 size-medium\" src=\"https:\/\/schach-jedesheim.de\/wp-content\/uploads\/2023\/02\/WhatsApp-Image-2023-02-12-at-19.21.49-kl-267x300.jpg\" alt=\"\" width=\"267\" height=\"300\" srcset=\"https:\/\/schach-jedesheim.de\/wp-content\/uploads\/2023\/02\/WhatsApp-Image-2023-02-12-at-19.21.49-kl-267x300.jpg 267w, https:\/\/schach-jedesheim.de\/wp-content\/uploads\/2023\/02\/WhatsApp-Image-2023-02-12-at-19.21.49-kl-768x863.jpg 768w, https:\/\/schach-jedesheim.de\/wp-content\/uploads\/2023\/02\/WhatsApp-Image-2023-02-12-at-19.21.49-kl-720x809.jpg 720w, https:\/\/schach-jedesheim.de\/wp-content\/uploads\/2023\/02\/WhatsApp-Image-2023-02-12-at-19.21.49-kl-520x584.jpg 520w, https:\/\/schach-jedesheim.de\/wp-content\/uploads\/2023\/02\/WhatsApp-Image-2023-02-12-at-19.21.49-kl-320x360.jpg 320w, https:\/\/schach-jedesheim.de\/wp-content\/uploads\/2023\/02\/WhatsApp-Image-2023-02-12-at-19.21.49-kl.jpg 890w\" sizes=\"auto, (max-width: 267px) 100vw, 267px\" \/><p id=\"caption-attachment-15779\" class=\"wp-caption-text\">v.l.n.r.: Abteilungsleiter Schach Bernhard Jehle, Jan Jaskulski, B\u00fcrgermeister J\u00fcrgen Eisen<\/p><\/div>\n<p><a href=\"https:\/\/www.augsburger-allgemeine.de\/illertissen\/illertissen-illertissens-junge-talente-ruecken-wieder-in-den-mittelpunkt-id65484846.html\" target=\"_blank\" rel=\"noopener\">Zeitungsbericht vom 13.2.2023<\/a><\/p>\n<div style=\"width: 640px;\" class=\"wp-video\"><video class=\"wp-video-shortcode\" id=\"video-15776-1\" width=\"640\" height=\"352\" preload=\"metadata\" controls=\"controls\"><source type=\"video\/mp4\" src=\"https:\/\/schach-jedesheim.de\/wp-content\/uploads\/2023\/02\/WhatsApp-Video-2023-02-12-at-18.34.14.mp4?_=1\" \/><a href=\"https:\/\/schach-jedesheim.de\/wp-content\/uploads\/2023\/02\/WhatsApp-Video-2023-02-12-at-18.34.14.mp4\">https:\/\/schach-jedesheim.de\/wp-content\/uploads\/2023\/02\/WhatsApp-Video-2023-02-12-at-18.34.14.mp4<\/a><\/video><\/div>\n","protected":false},"excerpt":{"rendered":"<p>Zum siebten Mal hat B\u00fcrgermeister J\u00fcrgen Eisen den Jugendf\u00f6rderpreis f\u00fcr herausragende Leistungen an Illertisser Jugendliche vergeben. Damit wurde am Freitagabend, den 10. Februar,\u00a0 die 2015 eingef\u00fchrte Initiative nach coronabedingter Pause in der Historischen Schranne&#46;&#46;&#46;<\/p>\n","protected":false},"author":1,"featured_media":15783,"comment_status":"open","ping_status":"open","sticky":false,"template":"","format":"standard","meta":{"_price":"","_stock":"","_tribe_ticket_header":"","_tribe_default_ticket_provider":"","_tribe_ticket_capacity":"0","_ticket_start_date":"","_ticket_end_date":"","_tribe_ticket_show_description":"","_tribe_ticket_show_not_going":false,"_tribe_ticket_use_global_stock":"","_tribe_ticket_global_stock_level":"","_global_stock_mode":"","_global_stock_cap":"","_tribe_rsvp_for_event":"","_tribe_ticket_going_count":"","_tribe_ticket_not_going_count":"","_tribe_tickets_list":"[]","_tribe_ticket_has_attendee_info_fields":false,"footnotes":""},"categories":[4],"tags":[],"class_list":["post-15776","post","type-post","status-publish","format-standard","has-post-thumbnail","hentry","category-jugend"],"_links":{"self":[{"href":"https:\/\/schach-jedesheim.de\/index.php?rest_route=\/wp\/v2\/posts\/15776","targetHints":{"allow":["GET"]}}],"collection":[{"href":"https:\/\/schach-jedesheim.de\/index.php?rest_route=\/wp\/v2\/posts"}],"about":[{"href":"https:\/\/schach-jedesheim.de\/index.php?rest_route=\/wp\/v2\/types\/post"}],"author":[{"embeddable":true,"href":"https:\/\/schach-jedesheim.de\/index.php?rest_route=\/wp\/v2\/users\/1"}],"replies":[{"embeddable":true,"href":"https:\/\/schach-jedesheim.de\/index.php?rest_route=%2Fwp%2Fv2%2Fcomments&post=15776"}],"version-history":[{"count":5,"href":"https:\/\/schach-jedesheim.de\/index.php?rest_route=\/wp\/v2\/posts\/15776\/revisions"}],"predecessor-version":[{"id":15786,"href":"https:\/\/schach-jedesheim.de\/index.php?rest_route=\/wp\/v2\/posts\/15776\/revisions\/15786"}],"wp:featuredmedia":[{"embeddable":true,"href":"https:\/\/schach-jedesheim.de\/index.php?rest_route=\/wp\/v2\/media\/15783"}],"wp:attachment":[{"href":"https:\/\/schach-jedesheim.de\/index.php?rest_route=%2Fwp%2Fv2%2Fmedia&parent=15776"}],"wp:term":[{"taxonomy":"category","embeddable":true,"href":"https:\/\/schach-jedesheim.de\/index.php?rest_route=%2Fwp%2Fv2%2Fcategories&post=15776"},{"taxonomy":"post_tag","embeddable":true,"href":"https:\/\/schach-jedesheim.de\/index.php?rest_route=%2Fwp%2Fv2%2Ftags&post=15776"}],"curies":[{"name":"wp","href":"https:\/\/api.w.org\/{rel}","templated":true}]}}