{"id":17083,"date":"2024-05-01T12:48:23","date_gmt":"2024-05-01T10:48:23","guid":{"rendered":"https:\/\/schach-jedesheim.de\/?p=17083"},"modified":"2024-05-28T20:00:19","modified_gmt":"2024-05-28T18:00:19","slug":"1-jedesheimer-blitzschach-kegel-meister-heiko-preuss-3","status":"publish","type":"post","link":"https:\/\/schach-jedesheim.de\/?p=17083","title":{"rendered":"Termine und Veranstaltungen im Sommer"},"content":{"rendered":"<p><img loading=\"lazy\" decoding=\"async\" class=\"alignleft size-thumbnail wp-image-17085\" src=\"https:\/\/schach-jedesheim.de\/wp-content\/uploads\/2024\/04\/save-the-date-150x150.jpg\" alt=\"\" width=\"150\" height=\"150\" srcset=\"https:\/\/schach-jedesheim.de\/wp-content\/uploads\/2024\/04\/save-the-date-150x150.jpg 150w, https:\/\/schach-jedesheim.de\/wp-content\/uploads\/2024\/04\/save-the-date-300x300.jpg 300w, https:\/\/schach-jedesheim.de\/wp-content\/uploads\/2024\/04\/save-the-date-80x80.jpg 80w, https:\/\/schach-jedesheim.de\/wp-content\/uploads\/2024\/04\/save-the-date-320x320.jpg 320w, https:\/\/schach-jedesheim.de\/wp-content\/uploads\/2024\/04\/save-the-date-520x520.jpg 520w, https:\/\/schach-jedesheim.de\/wp-content\/uploads\/2024\/04\/save-the-date.jpg 720w\" sizes=\"auto, (max-width: 150px) 100vw, 150px\" \/>Eine \u00fcberaus erfolgreiche Saison 2023\/2024 neigt sich dem Ende zu und wir sind gespannt auf die neuen Saison 2024\/2025 mit all den Herausforderungen, z. B.\u00a0 in der Baden-W\u00fcrttemberg-Liga. F\u00fcr die anderen Teams gilt es, schlagkr\u00e4ftige Mannschaften zusammenzustellen um nach den vielen Aufstiegen, den Klassenerhalt zu schaffen.<\/p>\n<p>Von Ende April bis September haben wir aber noch ein mehr als volles Programm:<\/p>\n<table style=\"width: 100%; border-collapse: collapse; height: 312px;\">\n<tbody>\n<tr style=\"height: 24px;\">\n<td style=\"width: 12.8209%; height: 24px;\"><strong>Termin<\/strong><\/td>\n<td style=\"width: 7.23716%; height: 24px;\"><strong>Tag<\/strong><\/td>\n<td style=\"width: 41.5374%; height: 24px;\"><strong>Veranstaltung<\/strong><\/td>\n<td style=\"width: 18.4046%; height: 24px;\"><strong>Ort<\/strong><\/td>\n<\/tr>\n<tr style=\"height: 24px;\">\n<td style=\"width: 12.8209%; height: 24px;\">27.04.2024<\/td>\n<td style=\"width: 7.23716%; height: 24px;\">Sa<\/td>\n<td style=\"width: 41.5374%; height: 24px;\"><em><strong><a href=\"https:\/\/schach-jedesheim.de\/?p=16934\" target=\"_blank\" rel=\"noopener\">W\u00fcrttembergische Mannschaftsmeisterschaft im Blitzschach<\/a><\/strong><\/em><\/td>\n<td style=\"width: 18.4046%; height: 24px;\">Gemeindehalle Jedesheim<\/td>\n<\/tr>\n<tr style=\"height: 48px;\">\n<td style=\"width: 12.8209%; height: 48px;\">09. &#8211; 12.05.2024<\/td>\n<td style=\"width: 7.23716%; height: 48px;\">Do &#8211; So<\/td>\n<td style=\"width: 41.5374%; height: 48px;\"><em><strong><a href=\"https:\/\/schach-jedesheim.de\/?p=17187\" target=\"_blank\" rel=\"noopener\">Oberschw\u00e4bische Schach-Einzelmeisterschaft (OSEM)<\/a><\/strong><\/em><\/td>\n<td style=\"width: 18.4046%; height: 48px;\">Gemeindehalle Jedesheim<\/td>\n<\/tr>\n<tr style=\"height: 24px;\">\n<td style=\"width: 12.8209%; height: 24px;\">06.07.2024<\/td>\n<td style=\"width: 7.23716%; height: 24px;\">Sa<\/td>\n<td style=\"width: 41.5374%; height: 24px;\">Schachstation, Kaffee- und Kuchenstand beim Historische Kinderfest in Illertissen<\/td>\n<td style=\"width: 18.4046%; height: 24px;\">Schrannenplatz Illertissen<\/td>\n<\/tr>\n<tr style=\"height: 24px;\">\n<td style=\"width: 12.8209%; height: 24px;\">07.07.2024<\/td>\n<td style=\"width: 7.23716%; height: 24px;\">So<\/td>\n<td style=\"width: 41.5374%; height: 24px;\"><em><strong><a href=\"https:\/\/schach-jedesheim.de\/?p=6421\" target=\"_blank\" rel=\"noopener\">28. Jedesheimer Jugendturnier mit Beginnerturnier<\/a><\/strong><\/em><\/td>\n<td style=\"width: 18.4046%; height: 24px;\">Gemeindehalle Jedesheim<\/td>\n<\/tr>\n<tr style=\"height: 24px;\">\n<td style=\"width: 12.8209%; height: 24px;\">13.07.2024<\/td>\n<td style=\"width: 7.23716%; height: 24px;\">Sa<\/td>\n<td style=\"width: 41.5374%; height: 24px;\"><em><strong><a href=\"https:\/\/schach-jedesheim.de\/?p=6956\" target=\"_blank\" rel=\"noopener\">Sommerfest der Schachabteilung mit Schnellschach-Turnier<\/a><\/strong><\/em><\/td>\n<td style=\"width: 18.4046%; height: 24px;\">Sportplatz Jedesheim<\/td>\n<\/tr>\n<tr style=\"height: 24px;\">\n<td style=\"width: 12.8209%; height: 24px;\">20.07.2024<\/td>\n<td style=\"width: 7.23716%; height: 24px;\">Sa<\/td>\n<td style=\"width: 41.5374%; height: 24px;\"><em><strong><a href=\"https:\/\/schach-jedesheim.de\/?p=9393\" target=\"_blank\" rel=\"noopener\">Oberschw\u00e4bische Senioren-Einzelmeisterschaft (ab 60 Jahre)<\/a><\/strong><\/em><\/td>\n<td style=\"width: 18.4046%; height: 24px;\"><em><strong><a href=\"https:\/\/www.roggenschenke.de\/\" target=\"_blank\" rel=\"noopener\">Alte Roggenschenke in Roggenburg<\/a><\/strong><\/em><\/td>\n<\/tr>\n<tr style=\"height: 24px;\">\n<td style=\"width: 12.8209%; height: 24px;\">28.07.2024<\/td>\n<td style=\"width: 7.23716%; height: 24px;\">So<\/td>\n<td style=\"width: 41.5374%; height: 24px;\"><em><strong><a href=\"https:\/\/schach-jedesheim.de\/?p=3765\" target=\"_blank\" rel=\"noopener\">W\u00fcrttembergische Amateurmeisterschaft (WAM) und Jugendpokalturnier (WJPT)<\/a><\/strong><\/em><\/td>\n<td style=\"width: 18.4046%; height: 24px;\">Gemeindehalle Jedesheim<\/td>\n<\/tr>\n<tr style=\"height: 24px;\">\n<td style=\"width: 12.8209%; height: 24px;\">03.08.2024<\/td>\n<td style=\"width: 7.23716%; height: 24px;\">Sa<\/td>\n<td style=\"width: 41.5374%; height: 24px;\">Bewirtung bei &#8222;Live im Sperrbezirk&#8220;<\/td>\n<td style=\"width: 18.4046%; height: 24px;\">Marktplatz Illertissen<\/td>\n<\/tr>\n<tr style=\"height: 24px;\">\n<td style=\"width: 12.8209%; height: 24px;\">17.08.2024<\/td>\n<td style=\"width: 7.23716%; height: 24px;\">Sa<\/td>\n<td style=\"width: 41.5374%; height: 24px;\"><em><strong><a href=\"https:\/\/schach-jedesheim.de\/?p=13214\" target=\"_blank\" rel=\"noopener\">Schach im Zaubergarten im Marcellus-Garten<\/a><\/strong><\/em><\/td>\n<td style=\"width: 18.4046%; height: 24px;\">Weissenhorn-Oberhausen<\/td>\n<\/tr>\n<tr style=\"height: 48px;\">\n<td style=\"width: 12.8209%; height: 48px;\">28.09.2024<\/td>\n<td style=\"width: 7.23716%; height: 48px;\">Sa<\/td>\n<td style=\"width: 41.5374%; height: 48px;\">Deutsche Meisterschaft der Herren und Frauen im Blitzschach<\/td>\n<td style=\"width: 18.4046%; height: 48px;\"><em><strong><a href=\"https:\/\/www.neumaiers-landhotel.de\/\" target=\"_blank\" rel=\"noopener\">Neumaier\u00b4s Hirsch in Attenhofen<\/a><\/strong><\/em><\/td>\n<\/tr>\n<\/tbody>\n<\/table>\n<p>Das Highlight wird sicherlich die Ausrichtung der Deutschen Einzelmeisterschaft im Blitzschach.<\/p>\n","protected":false},"excerpt":{"rendered":"<p>Eine \u00fcberaus erfolgreiche Saison 2023\/2024 neigt sich dem Ende zu und wir sind gespannt auf die neuen Saison 2024\/2025 mit all den Herausforderungen, z. B.\u00a0 in der Baden-W\u00fcrttemberg-Liga. F\u00fcr die anderen Teams gilt es,&#46;&#46;&#46;<\/p>\n","protected":false},"author":1,"featured_media":17086,"comment_status":"open","ping_status":"open","sticky":false,"template":"","format":"standard","meta":{"_price":"","_stock":"","_tribe_ticket_header":"","_tribe_default_ticket_provider":"","_tribe_ticket_capacity":"0","_ticket_start_date":"","_ticket_end_date":"","_tribe_ticket_show_description":"","_tribe_ticket_show_not_going":false,"_tribe_ticket_use_global_stock":"","_tribe_ticket_global_stock_level":"","_global_stock_mode":"","_global_stock_cap":"","_tribe_rsvp_for_event":"","_tribe_ticket_going_count":"","_tribe_ticket_not_going_count":"","_tribe_tickets_list":"[]","_tribe_ticket_has_attendee_info_fields":false,"footnotes":""},"categories":[1],"tags":[237],"class_list":["post-17083","post","type-post","status-publish","format-standard","has-post-thumbnail","hentry","category-allgemein","tag-termine"],"_links":{"self":[{"href":"https:\/\/schach-jedesheim.de\/index.php?rest_route=\/wp\/v2\/posts\/17083","targetHints":{"allow":["GET"]}}],"collection":[{"href":"https:\/\/schach-jedesheim.de\/index.php?rest_route=\/wp\/v2\/posts"}],"about":[{"href":"https:\/\/schach-jedesheim.de\/index.php?rest_route=\/wp\/v2\/types\/post"}],"author":[{"embeddable":true,"href":"https:\/\/schach-jedesheim.de\/index.php?rest_route=\/wp\/v2\/users\/1"}],"replies":[{"embeddable":true,"href":"https:\/\/schach-jedesheim.de\/index.php?rest_route=%2Fwp%2Fv2%2Fcomments&post=17083"}],"version-history":[{"count":12,"href":"https:\/\/schach-jedesheim.de\/index.php?rest_route=\/wp\/v2\/posts\/17083\/revisions"}],"predecessor-version":[{"id":17295,"href":"https:\/\/schach-jedesheim.de\/index.php?rest_route=\/wp\/v2\/posts\/17083\/revisions\/17295"}],"wp:featuredmedia":[{"embeddable":true,"href":"https:\/\/schach-jedesheim.de\/index.php?rest_route=\/wp\/v2\/media\/17086"}],"wp:attachment":[{"href":"https:\/\/schach-jedesheim.de\/index.php?rest_route=%2Fwp%2Fv2%2Fmedia&parent=17083"}],"wp:term":[{"taxonomy":"category","embeddable":true,"href":"https:\/\/schach-jedesheim.de\/index.php?rest_route=%2Fwp%2Fv2%2Fcategories&post=17083"},{"taxonomy":"post_tag","embeddable":true,"href":"https:\/\/schach-jedesheim.de\/index.php?rest_route=%2Fwp%2Fv2%2Ftags&post=17083"}],"curies":[{"name":"wp","href":"https:\/\/api.w.org\/{rel}","templated":true}]}}