{"id":1814,"date":"2013-07-05T12:17:15","date_gmt":"2013-07-05T12:17:15","guid":{"rendered":"http:\/\/schach-jedesheim.de\/?p=1814"},"modified":"2020-06-08T19:35:13","modified_gmt":"2020-06-08T18:35:13","slug":"bw-u8-schach-und-natur-aktiv-erleben","status":"publish","type":"post","link":"https:\/\/schach-jedesheim.de\/?p=1814","title":{"rendered":"BW-U8: Gerrit Richter Baden-W\u00fcrttembergischer U8-Meister"},"content":{"rendered":"<p>&nbsp;<\/p>\n<table style=\"width: 207px; height: 147px;\" border=\"1\" cellspacing=\"1\" cellpadding=\"1\" align=\"left\">\n<tbody>\n<tr>\n<td><a href=\"http:\/\/schach-jedesheim.de\/wp-content\/uploads\/2013\/07\/WSJ-Bericht-BW-U8-Bild-01-Alle.jpg\" rel=\"lightbox[1814]\"><img loading=\"lazy\" decoding=\"async\" class=\"alignright size-medium wp-image-2389\" src=\"http:\/\/schach-jedesheim.de\/wp-content\/uploads\/2013\/07\/WSJ-Bericht-BW-U8-Bild-01-Alle-300x163.jpg\" alt=\"Siegerbild Baden-W\u00fcrttembergische U8-Meisterschaft 2013 in Illertissen\" width=\"294\" height=\"160\" srcset=\"https:\/\/schach-jedesheim.de\/wp-content\/uploads\/2013\/07\/WSJ-Bericht-BW-U8-Bild-01-Alle-300x163.jpg 300w, https:\/\/schach-jedesheim.de\/wp-content\/uploads\/2013\/07\/WSJ-Bericht-BW-U8-Bild-01-Alle.jpg 1024w\" sizes=\"auto, (max-width: 294px) 100vw, 294px\" \/><\/a><\/td>\n<\/tr>\n<\/tbody>\n<\/table>\n<p><!-- [if gte mso 9]><xml>\n<o:OfficeDocumentSettings>\n<o:AllowPNG\/>\n<\/o:OfficeDocumentSettings>\n<\/xml><![endif]--><\/p>\n<p>Bei der Offenen Baden-W\u00fcrttembergischen U8-Meisterschaft in Illertissen eroberte <strong>Gerrit Richter<\/strong> vom TSV\/RSK Esslingen den Titel &#8222;Baden-W\u00fcrttembergischer Meister U8 2013&#8220;. Vizemeister wurde sein<\/p>\n<table style=\"height: 150px; width: 150px;\" border=\"1\" cellspacing=\"1\" cellpadding=\"1\" align=\"right\">\n<tbody>\n<tr>\n<td><a href=\"http:\/\/schach-jedesheim.jalbum.net\/BW-U8%20in%20Illertissen\/\" target=\"_blank\" rel=\"noopener noreferrer\"><img loading=\"lazy\" decoding=\"async\" class=\"size-thumbnail wp-image-2351\" src=\"http:\/\/schach-jedesheim.de\/wp-content\/uploads\/2013\/07\/camera-8-150x150.png\" alt=\"Foto-Album\" width=\"150\" height=\"150\" \/><\/a><\/td>\n<\/tr>\n<\/tbody>\n<\/table>\n<p>Vereinskamerad <strong>Jonathan Postler.<\/strong> Die besten M\u00e4dchen waren Linda Ott und Amelie Tolpa, die Sonderpreise erhielten.<br \/>\nDer Gesamtturniersieger hie\u00df aber<strong> Leopold Wagner<\/strong> vom SK Dornbirn aus Vorarlberg mit 5,5 Punkten. Trotz einer Niederlage gegen Gerrit Richter spielte Leopold w\u00e4hrend des Turniers das beste Schach und sorgte f\u00fcr ein Novum: ein \u00d6sterreicher gewinnt die Baden-W\u00fcrttembergischen U8-Meisterschaften in Bayern. Bis zum Grenzfluss Iller sind es nur 100 Meter.<\/p>\n<p>Auf dem Gel\u00e4nde des Reiterhofs konnten sich die Kinder gut austoben und erholen. Nahe \u00dcbernachtungsm\u00f6glichkeiten, g\u00fcnstiges Essen und Freizeitaktivit\u00e4ten sowie der ger\u00e4umige Spielsaal machten das Turnier erneut zu einem Erlebnis. 19 Kinder, Jahrgang 2005 und j\u00fcnger, folgten der Einladung. Die Austragung des Turniers wechselt zwischen den Schachverb\u00e4nden Baden und W\u00fcrttembeg und ist ausdr\u00fccklich offen f\u00fcr alle unter acht. Bereits zum 2. Mal mit dabei war der j\u00fcngste Teilnehmer<strong> Ludwig Reif <\/strong>aus Friedrichshafen.<\/p>\n<p>Fast h\u00e4tte der Dauerregen am Samstag einen Strich durch die Rechnung gemacht. Das Rahmenprogramm konnte noch nicht stattfinden, daf\u00fcr wurde Runde 4 vorgezogen. Eine D\u00e4chsin sowie allerlei Proben unter einem Mikroskop, mitgebracht von<strong> F\u00f6rster Sascha St\u00f6lzle<\/strong>,\u00a0 brachten die Kinder bereits zum Staunen. Aufgebaut im Ruhebereich konnten erste Erfahrungen gesammelt werden. Dort gesellte sich sp\u00e4ter noch ein Wiesel hinzu. Am Sonntagvormittag wurden dann die restlichen Runden gespielt. Vor jeder Runde konnten die Kinder bei einem kleinen Quiz ein Tier erraten. Wem dies als erstem gelang, konnte das selbige als Preis und Gl\u00fccksbringer gewinnen.<br \/>\nNach dem Mittagessen konnte dann das mit viel Spannung erwartete <strong>Rahmenprogramm<\/strong> mit F\u00f6rster Sascha St\u00f6lzle von der <em><u><a href=\"http:\/\/www.waldschule-ulm.de\/\" target=\"_blank\" rel=\"noopener noreferrer\"><strong>Waldschule Ulm <\/strong><\/a><\/u><\/em>in den Illerauen beginnen.<\/p>\n<p><!--more--><\/p>\n<table style=\"height: 150px; width: 200px;\" border=\"1\" cellspacing=\"1\" cellpadding=\"1\" align=\"right\">\n<tbody>\n<tr>\n<td><a href=\"http:\/\/www.waldschule-ulm.de\/\" target=\"_blank\" rel=\"noopener noreferrer\"><img loading=\"lazy\" decoding=\"async\" class=\"size-thumbnail wp-image-2384\" src=\"http:\/\/schach-jedesheim.de\/wp-content\/uploads\/Logo Waldschule.png\" alt=\"Waldschule Ulm\" width=\"196\" height=\"150\" \/><\/a><\/td>\n<\/tr>\n<\/tbody>\n<\/table>\n<p><strong>Motto: &#8222;Boden und Leben im Waldboden.\u201c <\/strong><br \/>\nF\u00f6rster Sascha St\u00f6lzle hatte eine Route mit Stationen vorbereitet, bei der es gleich mal losging, verschiedene heimische Baumarten zu erkennen. Selbstverst\u00e4ndlich bei Sonnenschein und Pferden auf der Koppel. Ein H\u00f6hepunkt war die Suche nach Kleinstlebewesen im Waldboden. Die Kinder schl\u00fcpften in die Rolle von Detektiven. Mit Becherlupen und Vergr\u00f6\u00dferungsgl\u00e4sern ausgestattet, ergr\u00fcndeten sie den Waldboden, wo sich auf 1 qm gesundem Waldboden ungef\u00e4hr 4 Mrd. Lebewesen befinden, erkl\u00e4rte Sascha St\u00f6lzle. Die gefundenen Kleinsttiere konnte jedes Kind anhand einer Bestimmungskarte selbst identifizieren und anschlie\u00dfend wieder freilassen. Die Begeisterung und das Engagement der Kinder, wie auch das der Eltern und Geschwister ist immer wieder sch\u00f6n zu beobachten \u2013 ein Riesenerlebnis f\u00fcr Alle. Die Zeit verging wie im Fluge \u2013 doch es war noch Platz f\u00fcr ein Geschicklichkeitsspiel: &#8222;Zapfenkacken.\u201c Hier mussten Tannenzapfen ohne Mithilfe der H\u00e4nde ins Ziel gebracht werden \u2013 und es gab die verschiedensten Techniken zu bestaunen. \u201eMan hat gemerkt, dass es sich um au\u00dfergew\u00f6hnliche Teilnehmer handelt. Die m\u00fcssen st\u00e4ndig besch\u00e4ftigt werden und bringen Vorkenntnisse mit. Das erlebe ich selten.\u201c stellte F\u00f6rster Sascha St\u00f6lzle am Ende beeindruckt fest.<br \/>\nDanach setzte sich die Karawane entlang des Illerkanals zur\u00fcck zum Reiterhof. Der 2. B\u00fcrgermeister der Stadt Illertissen,<strong> Josef Kr\u00e4nzle,<\/strong> f\u00fchrte durch die Siegerehrung und begl\u00fcckw\u00fcnschte jeden Einzelnen zu seiner tollen Leistung. Er beklagte, dass es immer schwieriger werde f\u00fcr Vereine, engagierte Kr\u00e4fte zu finden. \u201eNach dem Vorsitzenden ist der Jugendleiter der Wichtigste im Vereinsleben.\u201c<br \/>\nPokale f\u00fcr die ersten sechs Pl\u00e4tze und viele Sachpreise f\u00fcr alle Teilnehmer lie\u00dfen wiederum ein gelungenes U8-Turnier zu Ende gehen. Bester oberschw\u00e4bischer Spieler war<strong> Leander Pfaff <\/strong>vom TSV Westerstetten auf Rang 6.<\/p>\n<p>Ein besonderer Dank geht an <strong>Monika Sieber-N\u00f6dl<\/strong>, unserer Herbergswirtin sowie an F\u00f6rster Sascha St\u00f6lzle, der in einer tollen Art und Weise den Kindern und Erwachsenen ein St\u00fcck Natur n\u00e4her brachte.<br \/>\n<strong>David Blank<\/strong> (Schatzmeister SVW) besuchte ebenfalls das Turnier und \u00fcberbrachte Gr\u00fc\u00dfe vom Schachverband W\u00fcrttemberg.<\/p>\n<h2>Endtabelle der U8-Meisterschaft Illertissen 2013<\/h2>\n<table border=\"2\" cellspacing=\"2\" cellpadding=\"2\" bgcolor=\"#c0c0c0\">\n<tbody>\n<tr>\n<td colspan=\"9\">Rangliste:\u00a0\u00a0Stand\u00a0nach\u00a0der\u00a07.\u00a0Runde<\/td>\n<\/tr>\n<tr bgcolor=\"#00ff00\">\n<th>Rang<\/th>\n<th>Teilnehmer<\/th>\n<th>TWZ<\/th>\n<th>Verein\/Ort<\/th>\n<th>S<\/th>\n<th>R<\/th>\n<th>V<\/th>\n<th>Punkte<\/th>\n<th>Buchh<\/th>\n<\/tr>\n<tr bgcolor=\"#00ffff\">\n<td>1.<\/td>\n<td>Wagner,Leopold<\/td>\n<td>1012<\/td>\n<td>SK\u00a0Dornbirn (AUT)<\/td>\n<td>5<\/td>\n<td>1<\/td>\n<td>1<\/td>\n<td>5.5<\/td>\n<td>30.5<\/td>\n<\/tr>\n<tr bgcolor=\"#00ffff\">\n<td>2.<\/td>\n<td>Richter,Gerrit<\/td>\n<td>749<\/td>\n<td>TSV\/RSK\u00a0Esslingen<\/td>\n<td>5<\/td>\n<td>0<\/td>\n<td>2<\/td>\n<td>5.0<\/td>\n<td>28.5<\/td>\n<\/tr>\n<tr bgcolor=\"#00ffff\">\n<td>3.<\/td>\n<td>Postler,Jonathan<\/td>\n<td>711<\/td>\n<td>TSV\/RSK\u00a0Esslingen<\/td>\n<td>5<\/td>\n<td>0<\/td>\n<td>2<\/td>\n<td>5.0<\/td>\n<td>28.0<\/td>\n<\/tr>\n<tr bgcolor=\"#00ffff\">\n<td>4.<\/td>\n<td>Sinner,Arthur<\/td>\n<td><\/td>\n<td>SV\u00a0Backnang<\/td>\n<td>4<\/td>\n<td>1<\/td>\n<td>2<\/td>\n<td>4.5<\/td>\n<td>32.0<\/td>\n<\/tr>\n<tr bgcolor=\"#00ffff\">\n<td>5.<\/td>\n<td>Dittmar,Elia<\/td>\n<td>820<\/td>\n<td>SF\u00a0HN-Biberach<\/td>\n<td>4<\/td>\n<td>1<\/td>\n<td>2<\/td>\n<td>4.5<\/td>\n<td>31.5<\/td>\n<\/tr>\n<tr bgcolor=\"#00ffff\">\n<td>6.<\/td>\n<td>Pfaff,Leander<\/td>\n<td><\/td>\n<td>TSV\u00a0Westerstetten<\/td>\n<td>4<\/td>\n<td>1<\/td>\n<td>2<\/td>\n<td>4.5<\/td>\n<td>27.5<\/td>\n<\/tr>\n<tr bgcolor=\"#00ffff\">\n<td>7.<\/td>\n<td>Akg\u00fcn,Kadir<\/td>\n<td>780<\/td>\n<td>SF\u00a0HN-Biberach<\/td>\n<td>4<\/td>\n<td>1<\/td>\n<td>2<\/td>\n<td>4.5<\/td>\n<td>22.0<\/td>\n<\/tr>\n<tr bgcolor=\"#00ffff\">\n<td>8.<\/td>\n<td>Wang,Xinyuan<\/td>\n<td>820<\/td>\n<td>SG\u00a0KK\u00a0Hohent\u00fcbingen<\/td>\n<td>4<\/td>\n<td>0<\/td>\n<td>3<\/td>\n<td>4.0<\/td>\n<td>27.5<\/td>\n<\/tr>\n<tr bgcolor=\"#00ffff\">\n<td>9.<\/td>\n<td>Br\u00fcckner,Xuan\u00a0Paul<\/td>\n<td><\/td>\n<td>SC\u00a0Brombach<\/td>\n<td>4<\/td>\n<td>0<\/td>\n<td>3<\/td>\n<td>4.0<\/td>\n<td>25.0<\/td>\n<\/tr>\n<tr bgcolor=\"#00ffff\">\n<td>10.<\/td>\n<td>Ott,Linda<\/td>\n<td>768<\/td>\n<td>SV\u00a0Balingen<\/td>\n<td>3<\/td>\n<td>2<\/td>\n<td>2<\/td>\n<td>4.0<\/td>\n<td>25.0<\/td>\n<\/tr>\n<tr bgcolor=\"#00ffff\">\n<td>11.<\/td>\n<td>Graf,Simon<\/td>\n<td>808<\/td>\n<td>SK\u00a0Dornbirn (AUT)<\/td>\n<td>4<\/td>\n<td>0<\/td>\n<td>3<\/td>\n<td>4.0<\/td>\n<td>22.0<\/td>\n<\/tr>\n<tr bgcolor=\"#00ffff\">\n<td>12.<\/td>\n<td>Akg\u00fcn,Kerem<\/td>\n<td>747<\/td>\n<td>SF\u00a0HN-Biberach<\/td>\n<td>3<\/td>\n<td>1<\/td>\n<td>3<\/td>\n<td>3.5<\/td>\n<td>25.5<\/td>\n<\/tr>\n<tr bgcolor=\"#00ffff\">\n<td>13.<\/td>\n<td>Reif,Ludwig<\/td>\n<td><\/td>\n<td>SV\u00a0Friedrichshafen<\/td>\n<td>3<\/td>\n<td>1<\/td>\n<td>3<\/td>\n<td>3.5<\/td>\n<td>21.0<\/td>\n<\/tr>\n<tr bgcolor=\"#00ffff\">\n<td>14.<\/td>\n<td>Martsfeld,Jonas<\/td>\n<td><\/td>\n<td>SF\u00a0HN-Biberach<\/td>\n<td>3<\/td>\n<td>0<\/td>\n<td>4<\/td>\n<td>3.0<\/td>\n<td>21.0<\/td>\n<\/tr>\n<tr bgcolor=\"#00ffff\">\n<td>15.<\/td>\n<td>Behr,Ludwig<\/td>\n<td><\/td>\n<td>SV\u00a0KS\u00a0St\u00f6dtlen<\/td>\n<td>3<\/td>\n<td>0<\/td>\n<td>4<\/td>\n<td>3.0<\/td>\n<td>19.0<\/td>\n<\/tr>\n<tr bgcolor=\"#00ffff\">\n<td>16.<\/td>\n<td>Tolpa,Amelie<\/td>\n<td><\/td>\n<td>SG\u00a0Schw\u00e4bisch\u00a0Gm\u00fcnd<\/td>\n<td>3<\/td>\n<td>0<\/td>\n<td>4<\/td>\n<td>3.0<\/td>\n<td>16.5<\/td>\n<\/tr>\n<tr bgcolor=\"#00ffff\">\n<td>17.<\/td>\n<td>Rieger,Felix<\/td>\n<td><\/td>\n<td>SV\u00a0Jedesheim<\/td>\n<td>2<\/td>\n<td>1<\/td>\n<td>4<\/td>\n<td>2.5<\/td>\n<td>24.0<\/td>\n<\/tr>\n<tr bgcolor=\"#00ffff\">\n<td>18.<\/td>\n<td>Blank,Oliver<\/td>\n<td><\/td>\n<td>TSV\/RSK\u00a0Esslingen<\/td>\n<td>1<\/td>\n<td>0<\/td>\n<td>6<\/td>\n<td>1.0<\/td>\n<td>20.5<\/td>\n<\/tr>\n<tr bgcolor=\"#00ffff\">\n<td>19.<\/td>\n<td>Schniegel,Fabian<\/td>\n<td><\/td>\n<td>TSV\/RSK\u00a0Esslingen<\/td>\n<td>1<\/td>\n<td>0<\/td>\n<td>6<\/td>\n<td>1.0<\/td>\n<td>18.5<\/td>\n<\/tr>\n<\/tbody>\n<\/table>\n<p>&nbsp;<\/p>\n<p>&nbsp;<\/p>\n<h2>Fortschrittstabelle U8-Meisterschaft Illertissen 2013:<\/h2>\n<table border=\"2\" cellspacing=\"2\" cellpadding=\"2\" bgcolor=\"#c0c0c0\">\n<tbody>\n<tr>\n<td colspan=\"14\">Fortschrittstabelle:\u00a0\u00a0Stand\u00a0nach\u00a0der\u00a07.\u00a0Runde<\/td>\n<\/tr>\n<tr bgcolor=\"#00ff00\">\n<th>Nr.<\/th>\n<th>Teilnehmer<\/th>\n<th>Verein\/Ort<\/th>\n<th>NWZ<\/th>\n<th>1<\/th>\n<th>2<\/th>\n<th>3<\/th>\n<th>4<\/th>\n<th>5<\/th>\n<th>6<\/th>\n<th>7<\/th>\n<th>Punkte<\/th>\n<th>Buchh<\/th>\n<th>SoBerg<\/th>\n<\/tr>\n<tr bgcolor=\"#00ffff\">\n<td>1.<\/td>\n<td>Wagner,Leopold<\/td>\n<td>SK\u00a0Dornbirn<\/td>\n<td>1012<\/td>\n<td>9s1<\/td>\n<td>12w1<\/td>\n<td>3s1<\/td>\n<td>4w1<\/td>\n<td>10s1<\/td>\n<td>2w0<\/td>\n<td>5s\u00bd<\/td>\n<td>5.5<\/td>\n<td>30.5<\/td>\n<td>23.25<\/td>\n<\/tr>\n<tr bgcolor=\"#00ffff\">\n<td>2.<\/td>\n<td>Richter,Gerrit<\/td>\n<td>TSV\/RSK\u00a0Esslingen<\/td>\n<td>749<\/td>\n<td>17s1<\/td>\n<td>14w1<\/td>\n<td>4s0<\/td>\n<td>5w1<\/td>\n<td>8w1<\/td>\n<td>1s1<\/td>\n<td>3w0<\/td>\n<td>5.0<\/td>\n<td>28.5<\/td>\n<td>19.00<\/td>\n<\/tr>\n<tr bgcolor=\"#00ffff\">\n<td>3.<\/td>\n<td>Postler,Jonathan<\/td>\n<td>TSV\/RSK\u00a0Esslingen<\/td>\n<td>711<\/td>\n<td>15s1<\/td>\n<td>5w1<\/td>\n<td>1w0<\/td>\n<td>8s0<\/td>\n<td>11s1<\/td>\n<td>13w1<\/td>\n<td>2s1<\/td>\n<td>5.0<\/td>\n<td>28.0<\/td>\n<td>18.50<\/td>\n<\/tr>\n<tr bgcolor=\"#00ffff\">\n<td>4.<\/td>\n<td>Sinner,Arthur<\/td>\n<td>SV\u00a0Backnang<\/td>\n<td><\/td>\n<td>7w1<\/td>\n<td>8s1<\/td>\n<td>2w1<\/td>\n<td>1s0<\/td>\n<td>6s1<\/td>\n<td>5w0<\/td>\n<td>10s\u00bd<\/td>\n<td>4.5<\/td>\n<td>32.0<\/td>\n<td>20.00<\/td>\n<\/tr>\n<tr bgcolor=\"#00ffff\">\n<td>5.<\/td>\n<td>Dittmar,Elia<\/td>\n<td>SF\u00a0HN-Biberach<\/td>\n<td>820<\/td>\n<td>13w1<\/td>\n<td>3s0<\/td>\n<td>6w1<\/td>\n<td>2s0<\/td>\n<td>9w1<\/td>\n<td>4s1<\/td>\n<td>1w\u00bd<\/td>\n<td>4.5<\/td>\n<td>31.5<\/td>\n<td>18.75<\/td>\n<\/tr>\n<tr bgcolor=\"#00ffff\">\n<td>6.<\/td>\n<td>Pfaff,Leander<\/td>\n<td>TSV\u00a0Westerstetten<\/td>\n<td><\/td>\n<td>11s1<\/td>\n<td>10w1<\/td>\n<td>5s0<\/td>\n<td>7s\u00bd<\/td>\n<td>4w0<\/td>\n<td>17w1<\/td>\n<td>8s1<\/td>\n<td>4.5<\/td>\n<td>27.5<\/td>\n<td>16.25<\/td>\n<\/tr>\n<tr bgcolor=\"#00ffff\">\n<td>7.<\/td>\n<td>Akg\u00fcn,Kadir<\/td>\n<td>SF\u00a0HN-Biberach<\/td>\n<td>780<\/td>\n<td>4s0<\/td>\n<td>18w1<\/td>\n<td>14s1<\/td>\n<td>6w\u00bd<\/td>\n<td>17s1<\/td>\n<td>8w0<\/td>\n<td>12s1<\/td>\n<td>4.5<\/td>\n<td>22.0<\/td>\n<td>11.25<\/td>\n<\/tr>\n<tr bgcolor=\"#00ffff\">\n<td>8.<\/td>\n<td>Wang,Xinyuan<\/td>\n<td>SG\u00a0KK\u00a0Hohent\u00fcbingen<\/td>\n<td>820<\/td>\n<td>18s1<\/td>\n<td>4w0<\/td>\n<td>12s1<\/td>\n<td>3w1<\/td>\n<td>2s0<\/td>\n<td>7s1<\/td>\n<td>6w0<\/td>\n<td>4.0<\/td>\n<td>27.5<\/td>\n<td>13.50<\/td>\n<\/tr>\n<tr bgcolor=\"#00ffff\">\n<td>9.<\/td>\n<td>Br\u00fcckner,Xuan\u00a0Pau<\/td>\n<td>SC\u00a0Brombach<\/td>\n<td><\/td>\n<td>1w0<\/td>\n<td>16s1<\/td>\n<td>11s1<\/td>\n<td>10w0<\/td>\n<td>5s0<\/td>\n<td>14w1<\/td>\n<td>17s1<\/td>\n<td>4.0<\/td>\n<td>25.0<\/td>\n<td>11.00<\/td>\n<\/tr>\n<tr bgcolor=\"#00ffff\">\n<td>10.<\/td>\n<td>Ott,Linda<\/td>\n<td>SV\u00a0Balingen<\/td>\n<td>768<\/td>\n<td>19w1<\/td>\n<td>6s0<\/td>\n<td>15w1<\/td>\n<td>9s1<\/td>\n<td>1w0<\/td>\n<td>12s\u00bd<\/td>\n<td>4w\u00bd<\/td>\n<td>4.0<\/td>\n<td>25.0<\/td>\n<td>11.00<\/td>\n<\/tr>\n<tr bgcolor=\"#00ffff\">\n<td>11.<\/td>\n<td>Graf,Simon<\/td>\n<td>SK\u00a0Dornbirn<\/td>\n<td>808<\/td>\n<td>6w0<\/td>\n<td>19s1<\/td>\n<td>9w0<\/td>\n<td>13s1<\/td>\n<td>3w0<\/td>\n<td>+<\/td>\n<td>16w1<\/td>\n<td>4.0<\/td>\n<td>22.0<\/td>\n<td>8.50<\/td>\n<\/tr>\n<tr bgcolor=\"#00ffff\">\n<td>12.<\/td>\n<td>Akg\u00fcn,Kerem<\/td>\n<td>SF\u00a0HN-Biberach<\/td>\n<td>747<\/td>\n<td>16w1<\/td>\n<td>1s0<\/td>\n<td>8w0<\/td>\n<td>15s1<\/td>\n<td>14s1<\/td>\n<td>10w\u00bd<\/td>\n<td>7w0<\/td>\n<td>3.5<\/td>\n<td>25.5<\/td>\n<td>9.50<\/td>\n<\/tr>\n<tr bgcolor=\"#00ffff\">\n<td>13.<\/td>\n<td>Reif,Ludwig<\/td>\n<td>SV\u00a0Friedrichshafen<\/td>\n<td><\/td>\n<td>5s0<\/td>\n<td>17w\u00bd<\/td>\n<td>18s1<\/td>\n<td>11w0<\/td>\n<td>15w1<\/td>\n<td>3s0<\/td>\n<td>+<\/td>\n<td>3.5<\/td>\n<td>21.0<\/td>\n<td>6.75<\/td>\n<\/tr>\n<tr bgcolor=\"#00ffff\">\n<td>14.<\/td>\n<td>Martsfeld,Jonas<\/td>\n<td>SF\u00a0HN-Biberach<\/td>\n<td><\/td>\n<td>20\/+<\/td>\n<td>2s0<\/td>\n<td>7w0<\/td>\n<td>19s1<\/td>\n<td>12w0<\/td>\n<td>9s0<\/td>\n<td>18w1<\/td>\n<td>3.0<\/td>\n<td>21.0<\/td>\n<td>4.00<\/td>\n<\/tr>\n<tr bgcolor=\"#00ffff\">\n<td>15.<\/td>\n<td>Behr,Ludwig<\/td>\n<td>SV\u00a0KS\u00a0St\u00f6dtlen<\/td>\n<td><\/td>\n<td>3w0<\/td>\n<td>+<\/td>\n<td>10s0<\/td>\n<td>12w0<\/td>\n<td>13s0<\/td>\n<td>18w1<\/td>\n<td>19s1<\/td>\n<td>3.0<\/td>\n<td>19.0<\/td>\n<td>3.50<\/td>\n<\/tr>\n<tr bgcolor=\"#00ffff\">\n<td>16.<\/td>\n<td>Tolpa,Amelie<\/td>\n<td>SG\u00a0Schw\u00e4bisch\u00a0Gm\u00fcnd<\/td>\n<td><\/td>\n<td>12s0<\/td>\n<td>9w0<\/td>\n<td>+<\/td>\n<td>17w0<\/td>\n<td>18s1<\/td>\n<td>19w1<\/td>\n<td>11s0<\/td>\n<td>3.0<\/td>\n<td>16.5<\/td>\n<td>3.00<\/td>\n<\/tr>\n<tr bgcolor=\"#00ffff\">\n<td>17.<\/td>\n<td>Rieger,Felix<\/td>\n<td>SV\u00a0Jedesheim<\/td>\n<td><\/td>\n<td>2w0<\/td>\n<td>13s\u00bd<\/td>\n<td>19w1<\/td>\n<td>16s1<\/td>\n<td>7w0<\/td>\n<td>6s0<\/td>\n<td>9w0<\/td>\n<td>2.5<\/td>\n<td>24.0<\/td>\n<td>4.50<\/td>\n<\/tr>\n<tr bgcolor=\"#00ffff\">\n<td>18.<\/td>\n<td>Blank,Oliver<\/td>\n<td>TSV\/RSK\u00a0Esslingen<\/td>\n<td><\/td>\n<td>8w0<\/td>\n<td>7s0<\/td>\n<td>13w0<\/td>\n<td>+<\/td>\n<td>16w0<\/td>\n<td>15s0<\/td>\n<td>14s0<\/td>\n<td>1.0<\/td>\n<td>20.5<\/td>\n<td>1.50<\/td>\n<\/tr>\n<tr bgcolor=\"#00ffff\">\n<td>19.<\/td>\n<td>Schniegel,Fabian<\/td>\n<td>TSV\/RSK\u00a0Esslingen<\/td>\n<td><\/td>\n<td>10s0<\/td>\n<td>11w0<\/td>\n<td>17s0<\/td>\n<td>14w0<\/td>\n<td>+<\/td>\n<td>16s0<\/td>\n<td>15w0<\/td>\n<td>1.0<\/td>\n<td>18.5<\/td>\n<td>1.00<\/td>\n<\/tr>\n<\/tbody>\n<\/table>\n<p>&nbsp;<\/p>\n","protected":false},"excerpt":{"rendered":"<p>&nbsp; Bei der Offenen Baden-W\u00fcrttembergischen U8-Meisterschaft in Illertissen eroberte Gerrit Richter vom TSV\/RSK Esslingen den Titel &#8222;Baden-W\u00fcrttembergischer Meister U8 2013&#8220;. Vizemeister wurde sein Vereinskamerad Jonathan Postler. Die besten M\u00e4dchen waren Linda Ott und Amelie&#46;&#46;&#46;<\/p>\n","protected":false},"author":1,"featured_media":11198,"comment_status":"open","ping_status":"open","sticky":false,"template":"","format":"standard","meta":{"_price":"","_stock":"","_tribe_ticket_header":"","_tribe_default_ticket_provider":"","_tribe_ticket_capacity":"0","_ticket_start_date":"","_ticket_end_date":"","_tribe_ticket_show_description":"","_tribe_ticket_show_not_going":false,"_tribe_ticket_use_global_stock":"","_tribe_ticket_global_stock_level":"","_global_stock_mode":"","_global_stock_cap":"","_tribe_rsvp_for_event":"","_tribe_ticket_going_count":"","_tribe_ticket_not_going_count":"","_tribe_tickets_list":"[]","_tribe_ticket_has_attendee_info_fields":false,"footnotes":""},"categories":[6],"tags":[],"class_list":["post-1814","post","type-post","status-publish","format-standard","has-post-thumbnail","hentry","category-u8-meisterschaft"],"_links":{"self":[{"href":"https:\/\/schach-jedesheim.de\/index.php?rest_route=\/wp\/v2\/posts\/1814","targetHints":{"allow":["GET"]}}],"collection":[{"href":"https:\/\/schach-jedesheim.de\/index.php?rest_route=\/wp\/v2\/posts"}],"about":[{"href":"https:\/\/schach-jedesheim.de\/index.php?rest_route=\/wp\/v2\/types\/post"}],"author":[{"embeddable":true,"href":"https:\/\/schach-jedesheim.de\/index.php?rest_route=\/wp\/v2\/users\/1"}],"replies":[{"embeddable":true,"href":"https:\/\/schach-jedesheim.de\/index.php?rest_route=%2Fwp%2Fv2%2Fcomments&post=1814"}],"version-history":[{"count":64,"href":"https:\/\/schach-jedesheim.de\/index.php?rest_route=\/wp\/v2\/posts\/1814\/revisions"}],"predecessor-version":[{"id":11199,"href":"https:\/\/schach-jedesheim.de\/index.php?rest_route=\/wp\/v2\/posts\/1814\/revisions\/11199"}],"wp:featuredmedia":[{"embeddable":true,"href":"https:\/\/schach-jedesheim.de\/index.php?rest_route=\/wp\/v2\/media\/11198"}],"wp:attachment":[{"href":"https:\/\/schach-jedesheim.de\/index.php?rest_route=%2Fwp%2Fv2%2Fmedia&parent=1814"}],"wp:term":[{"taxonomy":"category","embeddable":true,"href":"https:\/\/schach-jedesheim.de\/index.php?rest_route=%2Fwp%2Fv2%2Fcategories&post=1814"},{"taxonomy":"post_tag","embeddable":true,"href":"https:\/\/schach-jedesheim.de\/index.php?rest_route=%2Fwp%2Fv2%2Ftags&post=1814"}],"curies":[{"name":"wp","href":"https:\/\/api.w.org\/{rel}","templated":true}]}}