{"id":1842,"date":"2013-02-12T20:31:15","date_gmt":"2013-02-12T20:31:15","guid":{"rendered":"http:\/\/schach-jedesheim.de\/?p=1842"},"modified":"2020-06-07T12:40:27","modified_gmt":"2020-06-07T11:40:27","slug":"jugend-u20-aufstieg-in-jugend-verbandsliga-endlich-geschafft","status":"publish","type":"post","link":"https:\/\/schach-jedesheim.de\/?p=1842","title":{"rendered":"Jugend U20: Aufstieg in Jugend-Verbandsliga endlich geschafft"},"content":{"rendered":"<p><span style=\"color: #4b4a4a; font-family: Arial; font-size: small;\"><span style=\"font-size: 9.5pt; line-height: 115%; font-family: 'Arial','sans-serif'; mso-fareast-font-family: 'Times New Roman'; color: #4b4a4a; mso-fareast-language: DE;\">Nach dem Titelgewinn bei der oberschw\u00e4bischen Bezirksmeisterschaft sicherte sich unsere U20-Jugendmannschaft souver\u00e4n den Aufstieg in die w\u00fcrttembergische Verbands-<span class=\"SpellE\">Jugendliga. Im<\/span> Aufstiegsspiel gegen <span class=\"SpellE\">Pfullingen<\/span>, dem Vertreter aus dem Schachbezirk Neckar\/Fils gelang ein unangefochtener 6:0 Sieg. Einzig an Brett 5 und 6 gab es zu Beginn<\/span> ein <span style=\"font-size: small;\"><span style=\"font-family: Arial;\">paar Konzentrationsschwierigkeiten<span style=\"font-size: small;\">, die g<span style=\"font-size: small;\">leich zu Materialverlust f\u00fchrten<\/span><\/span><\/span><\/span>, aber mit zunehmender Spieldauer setzte sich unsere Erfahrung und gr\u00f6\u00dfere Spielpraxis durch.<\/span><\/p>\n<table style=\"width: 543px; height: 410px;\" border=\"1\" cellspacing=\"1\" cellpadding=\"1\" align=\"center\">\n<tbody>\n<tr>\n<td><img loading=\"lazy\" decoding=\"async\" src=\"http:\/\/schach-jedesheim.de\/wp-content\/uploads\/image\/Jugend-U20.JPG\" alt=\"Jedesheimer Jugend-Mannschaft U20\" width=\"543\" height=\"415\" \/><\/td>\n<\/tr>\n<\/tbody>\n<\/table>\n<p><u><strong>Die Sieger-Mannschaft <\/strong><\/u>(v.l.n.r): Daniel Hetzel, Robert-Ren\u00e9 Goda, Matthias Lerch, Clemens von Schwerin, Florian L\u00f6ffer und Axel Thoma<\/p>\n<p>Auf w\u00fcrttembergischer Ebene warten jetzt viele neue und namhafte Mannschaften &#8211; nur Laupheim ist ein &#8222;alter Bekannter&#8220; aus dem Bezirk.<\/p>\n<p><u><strong>Spielplan:\u00a0<\/strong><\/u><\/p>\n<table style=\"width: 100%;\" border=\"1\" cellspacing=\"1\" cellpadding=\"1\" align=\"left\">\n<thead>\n<tr>\n<th scope=\"col\">Datum<\/th>\n<th scope=\"col\">Mannschaft<\/th>\n<th scope=\"col\">&#8211;<\/th>\n<th scope=\"col\">Mannschaft<\/th>\n<\/tr>\n<\/thead>\n<tbody>\n<tr>\n<td style=\"text-align: center;\">09.03.2013<\/td>\n<td style=\"text-align: center;\"><strong>SV Jedesheim<\/strong><\/td>\n<td style=\"text-align: center;\">&#8211;<\/td>\n<td style=\"text-align: center;\">SF G\u00f6ppingen<\/td>\n<\/tr>\n<tr>\n<td style=\"text-align: center;\">04.05.2013<\/td>\n<td style=\"text-align: center;\">SC Laupheim<\/td>\n<td style=\"text-align: center;\">&#8211;<\/td>\n<td style=\"text-align: center;\"><strong>SV Jedesheim<\/strong><\/td>\n<\/tr>\n<tr>\n<td style=\"text-align: center;\">11.05.2013<\/td>\n<td style=\"text-align: center;\"><strong>SV Jedesheim<\/strong><\/td>\n<td style=\"text-align: center;\">&#8211;<\/td>\n<td style=\"text-align: center;\">Stuttgarter SF<\/td>\n<\/tr>\n<tr>\n<td style=\"text-align: center;\">08.06.2013<\/td>\n<td style=\"text-align: center;\"><strong>SV Jedesheim<br \/>\n<\/strong><\/td>\n<td style=\"text-align: center;\">&#8211;<\/td>\n<td style=\"text-align: center;\">SV Backnang<\/td>\n<\/tr>\n<tr>\n<td style=\"text-align: center;\">22.06.2013<\/td>\n<td style=\"text-align: center;\">TSV Schwaigern<\/td>\n<td style=\"text-align: center;\">&#8211;<\/td>\n<td style=\"text-align: center;\"><strong>SV Jedesheim<br \/>\n<\/strong><\/td>\n<\/tr>\n<tr>\n<td style=\"text-align: center;\">06.07.2013<\/td>\n<td style=\"text-align: center;\"><strong>SV Jedesheim<\/strong><\/td>\n<td style=\"text-align: center;\">&#8211;<\/td>\n<td style=\"text-align: center;\">SV Stuttgart-Wolfbusch<\/td>\n<\/tr>\n<tr>\n<td style=\"text-align: center;\">13.07.2013<\/td>\n<td style=\"text-align: center;\">SG Schw\u00e4bisch Gm\u00fcnd<\/td>\n<td style=\"text-align: center;\">&#8211;<\/td>\n<td style=\"text-align: center;\"><strong>SV Jedesheim<\/strong><\/td>\n<\/tr>\n<\/tbody>\n<\/table>\n","protected":false},"excerpt":{"rendered":"<p>Nach dem Titelgewinn bei der oberschw\u00e4bischen Bezirksmeisterschaft sicherte sich unsere U20-Jugendmannschaft souver\u00e4n den Aufstieg in die w\u00fcrttembergische Verbands-Jugendliga. Im Aufstiegsspiel gegen Pfullingen, dem Vertreter aus dem Schachbezirk Neckar\/Fils gelang ein unangefochtener 6:0 Sieg. Einzig&#46;&#46;&#46;<\/p>\n","protected":false},"author":1,"featured_media":10996,"comment_status":"open","ping_status":"open","sticky":false,"template":"","format":"standard","meta":{"_price":"","_stock":"","_tribe_ticket_header":"","_tribe_default_ticket_provider":"","_tribe_ticket_capacity":"0","_ticket_start_date":"","_ticket_end_date":"","_tribe_ticket_show_description":"","_tribe_ticket_show_not_going":false,"_tribe_ticket_use_global_stock":"","_tribe_ticket_global_stock_level":"","_global_stock_mode":"","_global_stock_cap":"","_tribe_rsvp_for_event":"","_tribe_ticket_going_count":"","_tribe_ticket_not_going_count":"","_tribe_tickets_list":"[]","_tribe_ticket_has_attendee_info_fields":false,"footnotes":""},"categories":[4],"tags":[],"class_list":["post-1842","post","type-post","status-publish","format-standard","has-post-thumbnail","hentry","category-jugend"],"_links":{"self":[{"href":"https:\/\/schach-jedesheim.de\/index.php?rest_route=\/wp\/v2\/posts\/1842","targetHints":{"allow":["GET"]}}],"collection":[{"href":"https:\/\/schach-jedesheim.de\/index.php?rest_route=\/wp\/v2\/posts"}],"about":[{"href":"https:\/\/schach-jedesheim.de\/index.php?rest_route=\/wp\/v2\/types\/post"}],"author":[{"embeddable":true,"href":"https:\/\/schach-jedesheim.de\/index.php?rest_route=\/wp\/v2\/users\/1"}],"replies":[{"embeddable":true,"href":"https:\/\/schach-jedesheim.de\/index.php?rest_route=%2Fwp%2Fv2%2Fcomments&post=1842"}],"version-history":[{"count":13,"href":"https:\/\/schach-jedesheim.de\/index.php?rest_route=\/wp\/v2\/posts\/1842\/revisions"}],"predecessor-version":[{"id":11042,"href":"https:\/\/schach-jedesheim.de\/index.php?rest_route=\/wp\/v2\/posts\/1842\/revisions\/11042"}],"wp:featuredmedia":[{"embeddable":true,"href":"https:\/\/schach-jedesheim.de\/index.php?rest_route=\/wp\/v2\/media\/10996"}],"wp:attachment":[{"href":"https:\/\/schach-jedesheim.de\/index.php?rest_route=%2Fwp%2Fv2%2Fmedia&parent=1842"}],"wp:term":[{"taxonomy":"category","embeddable":true,"href":"https:\/\/schach-jedesheim.de\/index.php?rest_route=%2Fwp%2Fv2%2Fcategories&post=1842"},{"taxonomy":"post_tag","embeddable":true,"href":"https:\/\/schach-jedesheim.de\/index.php?rest_route=%2Fwp%2Fv2%2Ftags&post=1842"}],"curies":[{"name":"wp","href":"https:\/\/api.w.org\/{rel}","templated":true}]}}