{"id":2299,"date":"2013-07-18T16:41:28","date_gmt":"2013-07-18T16:41:28","guid":{"rendered":"http:\/\/schach-jedesheim.de\/?p=2299"},"modified":"2020-06-14T14:58:32","modified_gmt":"2020-06-14T13:58:32","slug":"tag-des-schachs-chess-meets-jazz-auf-dem-marktplatz-illertissen","status":"publish","type":"post","link":"https:\/\/schach-jedesheim.de\/?p=2299","title":{"rendered":"Tag des Schachs: Chess meets Jazz &#8211; bei gro\u00dfer Hitze"},"content":{"rendered":"<p>&nbsp;<\/p>\n<table style=\"width: 310px; height: 181px;\" border=\"1\" cellspacing=\"1\" cellpadding=\"1\" align=\"left\">\n<tbody>\n<tr>\n<td><a href=\"http:\/\/schach-jedesheim.de\/wp-content\/uploads\/2013\/07\/TSD-IZ-1.jpg\" rel=\"lightbox[2299]\"><img loading=\"lazy\" decoding=\"async\" class=\"size-medium wp-image-2328\" title=\"Big Band \" src=\"http:\/\/schach-jedesheim.de\/wp-content\/uploads\/2013\/07\/TSD-IZ-1-300x168.jpg\" alt=\"\" width=\"300\" height=\"168\" srcset=\"https:\/\/schach-jedesheim.de\/wp-content\/uploads\/2013\/07\/TSD-IZ-1-300x168.jpg 300w, https:\/\/schach-jedesheim.de\/wp-content\/uploads\/2013\/07\/TSD-IZ-1.jpg 572w\" sizes=\"auto, (max-width: 300px) 100vw, 300px\" \/><\/a><\/td>\n<\/tr>\n<\/tbody>\n<\/table>\n<p>&nbsp;<\/p>\n<p><strong>Viel Beifall f\u00fcr Big Band des Weissenhorner Gymnasiums <\/strong>(Fotos: Otto Mittelbach, Illertisser Zeitung)<\/p>\n<p>Es war das bisher erfolgreichste Jahr f\u00fcr die Abteilung Schach des SV Jedesheim \u2013 aber auch das arbeitsreichste: beginnend im August 2012 mit der W\u00fcrttembergischen Schach-Einzelmeisterschaft und der Schachfiguren-Ausstellung \u201eWorld of Chess\u201c im V\u00f6hlinschlo\u00df Illertissen und nun \u00a0im Juli 2013 abschlie\u00dfend mit dem <strong>&#8222;Tag des Schachs<\/strong>&#8220; unter dem Motto \u201eChess meets Jazz\u201c auf dem Marktplatz Illertissen.<br \/>\nDazwischen wurde die Oberschw\u00e4bische Schach-Einzelmeisterschaft, ein W\u00fcrttembergisches Pokalturnier f\u00fcr Amateure und Jugendliche sowie das 17. Jedesheimer Jugendopen in der Gemeindehalle Jedesheim allesamt erfolgreich durchgef\u00fchrt \u2013 und nicht zu vergessen: die Offene Baden-W\u00fcrttembergische U8-Meisterschaft fand ebenfalls gro\u00dfen Anklang.<br \/>\nAber auch sportlich kann sich die Erfolgsbilanz sehen lassen. Die herausragenden Ergebnisse waren:<\/p>\n<p>\u00b7\u00a0\u00a0\u00a0\u00a0\u00a0\u00a0\u00a0\u00a0 Aufstieg der 1. Mannschaft in der Oberliga-W\u00fcrttemberg<br \/>\n\u00b7\u00a0\u00a0\u00a0\u00a0\u00a0\u00a0\u00a0\u00a0 Aufstieg der Jugendmannschaft U20 in die Verbandsjugendliga<br \/>\n\u00b7\u00a0\u00a0\u00a0\u00a0\u00a0\u00a0\u00a0\u00a0 W\u00fcrttembergische Meisterin U10w: Hannah Zell<br \/>\n\u00b7\u00a0\u00a0\u00a0\u00a0\u00a0\u00a0\u00a0\u00a0 Meisterschaft der Jugendmannschaft in der E-Klasse<\/p>\n<p>Das haben wir \u00a0jetzt mit einem Wei\u00dfwurst-Fr\u00fchschoppen und der Bigband \u201eMagic Winds\u201c des Nikolaus-Kopernikas-Gymnsiums Weissenhorn auf dem Marktplatz in Illertissen gefeiert. Am Tag des Schachs hie\u00df das Motto \u201eChess meets Jazz\u201c.<\/p>\n<p>&#8222;Wir wollen mit dieser Aktion einerseits die Schachspieler aus der Umgebung erreichen und andererseits nat\u00fcrlich auch der Bev\u00f6lkerung unseren Verein pr\u00e4sentieren&#8220;, erkl\u00e4rte Bernhard Jehle, Leiter der Abteilung Schach des Sportvereins Jedesheim. Und das ist gelungen, schon morgens waren beispielsweise Spieler aus Schwaikheim, V\u00f6hringen, Langenau, Ulm und nat\u00fcrlich aus Jedesheim da. Und obwohl tropische Temperaturen angek\u00fcndigt waren und auch eintrafen, kamen am Vormittag viele Besucher und erlebten einen \u00a0gem\u00fctlichen Vormittag unter den vielen Sonnenschirmen.<\/p>\n<p><!--more--><\/p>\n<p>Musiklehrer<strong> Dominik Klein<\/strong> vom Nikolaus-Kopernikus-Gymnasium in Wei\u00dfenhorn hat aus den begeisternd mitgehenden Musikern eine pr\u00e4chtig funktionierende Big Band geformt. Mit einem Saxofonsatz, Alt bis Bariton, mit Trompeten, Posaunen, dazu E-Gitarre, E\u2013Bass, E-Klavier und Schlagzeug boten die Sch\u00fclerinnen und Sch\u00fcler ein abwechslungsreiches Programm, das mit viel Beifall von den rund 200 Zuh\u00f6rern belohnt wurde. Gespielt wurden Musikst\u00fccke wie \u201eA little blues,please\u201c, \u201eThe old couple\u201c und \u201eFirst wich\u201c. Die beiden S\u00e4ngerinnen<strong> Daphne Castor-Lingel<\/strong> und <strong>Isabelle Konrad <\/strong>wechselten sich ab bei den Vortr\u00e4gen von \u201eFever\u201c und \u201eA night like this\u201c. \u201eFunky M\u201c und \u201eRehab\u201c vervollst\u00e4ndigten die Vortragsfolge.<br \/>\n<a href=\"http:\/\/schach-jedesheim.de\/wp-content\/uploads\/2013\/07\/TSD-IZ-21.jpg\" rel=\"lightbox[2299]\"><img decoding=\"async\" title=\"Schachfreunde aus Schwaikheim\" src=\"http:\/\/schach-jedesheim.de\/wp-content\/uploads\/2013\/07\/TSD-IZ-21-300x168.jpg\" alt=\"Die Gruppe aus Schwaikheim\" align=\"right\" \/><\/a><br \/>\n<strong>Bruno L\u00f6ffler,<\/strong> der als Moderator durchs Programm f\u00fchrte, zeigte immer wieder Parallelen auf um die Verbindung von Schach und Musik zu verdeutlichen. Dazu zitierte er unter anderem den Deutschen Schachmeister Siegbert Tarrasch: &#8222;das Schachspiel habe die gleiche Eigenschaft, die Menschen gl\u00fccklich zu machen, wie die Musik oder die Liebe&#8220;.<br \/>\nAm Nachmittag spielte dann die Zwei-Mann-Band<strong> <a href=\"http:\/\/www.liedersammler.de\/the-groovies-heinz-und-ich\/\">&#8222;The Groovies&#8220;<\/a><\/strong> zu Kaffee und Kuchen. Angesichts der nun wirklich dr\u00fcckenden Hitze hielt sich der Besucherzustrom zwar in Grenzen, aber einige Schachfreunde fr\u00f6nten trotzdem unentwegt ihrem Hobby.\u00a0Jeder war eingeladen, an Turnieren teilzunehmen.<br \/>\nAm Blitzturnier beteiligten sich 11 Spieler, welches Harald Haug gewinnen konnte.<br \/>\nAuch ein Gro\u00dffiguren-Schachspiel und ein Basketball-Korb waren aufgebaut und fanden reges Interesse.<\/p>\n<p>Bild rechts: Extra angereist aus Schwaikheim: Hans-J\u00fcrgen N\u00e4gele mit einer Gruppe Jugendlicher<\/p>\n<h2>Tag\u00a0des\u00a0Schachs-Blitzturnier\u00a0Marktplatz\u00a0Illertissen<\/h2>\n<table style=\"width: 100%;\" border=\"2\" cellspacing=\"2\" cellpadding=\"2\" bgcolor=\"#c0c0c0\">\n<tbody>\n<tr>\n<td colspan=\"10\">Rangliste:\u00a0\u00a0Stand\u00a0nach\u00a0der\u00a011.\u00a0Runde<\/td>\n<\/tr>\n<tr bgcolor=\"#00ff00\">\n<th>Rang<\/th>\n<th>Teilnehmer<\/th>\n<th>TWZ<\/th>\n<th>Verein\/Ort<\/th>\n<th>S<\/th>\n<th>R<\/th>\n<th>V<\/th>\n<th>Punkte<\/th>\n<th>SoBer<\/th>\n<th>Siege<\/th>\n<\/tr>\n<tr bgcolor=\"#00ffff\">\n<td>1.<\/td>\n<td>Haug,Harald<\/td>\n<td>1846<\/td>\n<td>SV\u00a0Jedesheim<\/td>\n<td>8<\/td>\n<td>2<\/td>\n<td>0<\/td>\n<td>9.0<\/td>\n<td>41.25<\/td>\n<td>8<\/td>\n<\/tr>\n<tr bgcolor=\"#00ffff\">\n<td>2.<\/td>\n<td>Denkinger,Robert<\/td>\n<td>1890<\/td>\n<td>SV\u00a0Thalfingen<\/td>\n<td>6<\/td>\n<td>3<\/td>\n<td>1<\/td>\n<td>7.5<\/td>\n<td>29.50<\/td>\n<td>6<\/td>\n<\/tr>\n<tr bgcolor=\"#00ffff\">\n<td>3.<\/td>\n<td>L\u00f6ffler,Florian<\/td>\n<td>1721<\/td>\n<td>SV\u00a0Jedesheim<\/td>\n<td>5<\/td>\n<td>4<\/td>\n<td>1<\/td>\n<td>7.0<\/td>\n<td>29.00<\/td>\n<td>5<\/td>\n<\/tr>\n<tr bgcolor=\"#00ffff\">\n<td>4.<\/td>\n<td>Grosse,Manfred<\/td>\n<td>1992<\/td>\n<td>TSV\u00a0Langenau<\/td>\n<td>6<\/td>\n<td>2<\/td>\n<td>2<\/td>\n<td>7.0<\/td>\n<td>25.75<\/td>\n<td>6<\/td>\n<\/tr>\n<tr bgcolor=\"#00ffff\">\n<td>5.<\/td>\n<td>Jehle,Bernhard<\/td>\n<td>1961<\/td>\n<td>SV\u00a0Jedesheim<\/td>\n<td>3<\/td>\n<td>4<\/td>\n<td>3<\/td>\n<td>5.0<\/td>\n<td>20.50<\/td>\n<td>3<\/td>\n<\/tr>\n<tr bgcolor=\"#00ffff\">\n<td>6.<\/td>\n<td>Goda,Frederic<\/td>\n<td>1749<\/td>\n<td>SC\u00a0WD\u00a0Ulm<\/td>\n<td>4<\/td>\n<td>1<\/td>\n<td>5<\/td>\n<td>4.5<\/td>\n<td>16.50<\/td>\n<td>4<\/td>\n<\/tr>\n<tr bgcolor=\"#00ffff\">\n<td>7.<\/td>\n<td>Bossinger,Patrick<\/td>\n<td>1188<\/td>\n<td>SV\u00a0Jedesheim<\/td>\n<td>2<\/td>\n<td>4<\/td>\n<td>4<\/td>\n<td>4.0<\/td>\n<td>16.00<\/td>\n<td>2<\/td>\n<\/tr>\n<tr bgcolor=\"#00ffff\">\n<td>8.<\/td>\n<td>Neef,Wilfried<\/td>\n<td>1677<\/td>\n<td>TSV\u00a0Langenau<\/td>\n<td>4<\/td>\n<td>0<\/td>\n<td>6<\/td>\n<td>4.0<\/td>\n<td>13.50<\/td>\n<td>4<\/td>\n<\/tr>\n<tr bgcolor=\"#00ffff\">\n<td>9.<\/td>\n<td>Thoma,Axel<\/td>\n<td>1328<\/td>\n<td>SV\u00a0Jedesheim<\/td>\n<td>2<\/td>\n<td>3<\/td>\n<td>5<\/td>\n<td>3.5<\/td>\n<td>11.25<\/td>\n<td>2<\/td>\n<\/tr>\n<tr bgcolor=\"#00ffff\">\n<td>10.<\/td>\n<td>Goda,Robert-Rene<\/td>\n<td>1680<\/td>\n<td>SV\u00a0Jedesheim<\/td>\n<td>3<\/td>\n<td>1<\/td>\n<td>6<\/td>\n<td>3.5<\/td>\n<td>9.75<\/td>\n<td>3<\/td>\n<\/tr>\n<tr bgcolor=\"#00ffff\">\n<td>11.<\/td>\n<td>Bengel,Berthold<\/td>\n<td>876<\/td>\n<td>TSV\u00a0Laichingen<\/td>\n<td>0<\/td>\n<td>0<\/td>\n<td>10<\/td>\n<td>0.0<\/td>\n<td>0.00<\/td>\n<td>0<\/td>\n<\/tr>\n<\/tbody>\n<\/table>\n<p>&nbsp;<\/p>\n","protected":false},"excerpt":{"rendered":"<p>&nbsp; &nbsp; Viel Beifall f\u00fcr Big Band des Weissenhorner Gymnasiums (Fotos: Otto Mittelbach, Illertisser Zeitung) Es war das bisher erfolgreichste Jahr f\u00fcr die Abteilung Schach des SV Jedesheim \u2013 aber auch das arbeitsreichste: beginnend&#46;&#46;&#46;<\/p>\n","protected":false},"author":1,"featured_media":11456,"comment_status":"closed","ping_status":"closed","sticky":false,"template":"","format":"standard","meta":{"_price":"","_stock":"","_tribe_ticket_header":"","_tribe_default_ticket_provider":"","_tribe_ticket_capacity":"0","_ticket_start_date":"","_ticket_end_date":"","_tribe_ticket_show_description":"","_tribe_ticket_show_not_going":false,"_tribe_ticket_use_global_stock":"","_tribe_ticket_global_stock_level":"","_global_stock_mode":"","_global_stock_cap":"","_tribe_rsvp_for_event":"","_tribe_ticket_going_count":"","_tribe_ticket_not_going_count":"","_tribe_tickets_list":"[]","_tribe_ticket_has_attendee_info_fields":false,"footnotes":""},"categories":[40],"tags":[],"class_list":["post-2299","post","type-post","status-publish","format-standard","has-post-thumbnail","hentry","category-chess-meets"],"_links":{"self":[{"href":"https:\/\/schach-jedesheim.de\/index.php?rest_route=\/wp\/v2\/posts\/2299","targetHints":{"allow":["GET"]}}],"collection":[{"href":"https:\/\/schach-jedesheim.de\/index.php?rest_route=\/wp\/v2\/posts"}],"about":[{"href":"https:\/\/schach-jedesheim.de\/index.php?rest_route=\/wp\/v2\/types\/post"}],"author":[{"embeddable":true,"href":"https:\/\/schach-jedesheim.de\/index.php?rest_route=\/wp\/v2\/users\/1"}],"replies":[{"embeddable":true,"href":"https:\/\/schach-jedesheim.de\/index.php?rest_route=%2Fwp%2Fv2%2Fcomments&post=2299"}],"version-history":[{"count":43,"href":"https:\/\/schach-jedesheim.de\/index.php?rest_route=\/wp\/v2\/posts\/2299\/revisions"}],"predecessor-version":[{"id":11457,"href":"https:\/\/schach-jedesheim.de\/index.php?rest_route=\/wp\/v2\/posts\/2299\/revisions\/11457"}],"wp:featuredmedia":[{"embeddable":true,"href":"https:\/\/schach-jedesheim.de\/index.php?rest_route=\/wp\/v2\/media\/11456"}],"wp:attachment":[{"href":"https:\/\/schach-jedesheim.de\/index.php?rest_route=%2Fwp%2Fv2%2Fmedia&parent=2299"}],"wp:term":[{"taxonomy":"category","embeddable":true,"href":"https:\/\/schach-jedesheim.de\/index.php?rest_route=%2Fwp%2Fv2%2Fcategories&post=2299"},{"taxonomy":"post_tag","embeddable":true,"href":"https:\/\/schach-jedesheim.de\/index.php?rest_route=%2Fwp%2Fv2%2Ftags&post=2299"}],"curies":[{"name":"wp","href":"https:\/\/api.w.org\/{rel}","templated":true}]}}