{"id":2678,"date":"2014-03-05T13:48:37","date_gmt":"2014-03-05T13:48:37","guid":{"rendered":"http:\/\/schach-jedesheim.de\/?p=2678"},"modified":"2020-06-14T13:41:30","modified_gmt":"2020-06-14T12:41:30","slug":"ol-derby-jedesheim-post-ulm-in-der-historischen-schranne","status":"publish","type":"post","link":"https:\/\/schach-jedesheim.de\/?p=2678","title":{"rendered":"OL: Spannung pur in toller Location &#8211; Viele Fotos und ein Film"},"content":{"rendered":"<p>&nbsp;<\/p>\n<table border=\"1\" width=\"158\" cellspacing=\"1\" cellpadding=\"1\" align=\"left\">\n<tbody>\n<tr>\n<td><a href=\"http:\/\/schach-jedesheim.de\/wp-content\/uploads\/2014\/02\/schach-in-der-Schranne.jpg\" rel=\"lightbox[2678]\"><img loading=\"lazy\" decoding=\"async\" class=\"aligncenter size-thumbnail wp-image-2760\" src=\"http:\/\/schach-jedesheim.de\/wp-content\/uploads\/2014\/02\/schach-in-der-Schranne-150x150.jpg\" alt=\"Schach in der Schranne\" width=\"150\" height=\"150\" \/><\/a><\/td>\n<\/tr>\n<\/tbody>\n<\/table>\n<p>Zum oberschw\u00e4bischen Lokalderby in der Oberliga hat der SV Jedesheim weder Kosten noch M\u00fche gescheut und einen attraktiven Spieltag ausgerichtet. Im wichtigen Heimspiel gegen die Mannschaft von Post-SV<\/p>\n<table style=\"height: 150px; width: 150px;\" border=\"1\" cellspacing=\"1\" cellpadding=\"1\" align=\"right\">\n<tbody>\n<tr>\n<td><a href=\"http:\/\/jalbum.net\/a\/1474564 \"><img loading=\"lazy\" decoding=\"async\" class=\"aligncenter size-thumbnail wp-image-2349\" src=\"http:\/\/schach-jedesheim.de\/wp-content\/uploads\/2013\/07\/Foto-album-150x150.png\" alt=\"Foto-Album Schach in der Schranne\" width=\"150\" height=\"150\" \/><\/a><\/td>\n<\/tr>\n<\/tbody>\n<\/table>\n<p>Ulm wurde kurzerhand die Historische Schranne in Illertissen angemietet- zumal auch die 2. Mannschaft des SV Jedesheim ein Heimspiel gegen WD Ulm 3 auszutragen hatte. Die Schachfreunde V\u00f6hringen verlegten daraufhin ebenfalls ihr Heimspiel gegen WD Ulm 4 in die attraktiven R\u00e4umlichkeiten, so dass mit 48 Spielern und etlichen Zuschauern viel Andrang herrschte.<br \/>\nDie historische Schranne (erbaut ca. 1697 als Zehenstadel) ist nach gr\u00fcndlicher Renovierung ein repr\u00e4sentatives Geb\u00e4ude mit Sitzungssaal. Doch diesmal rauchten nicht die K\u00f6pfe des Stadtrats auf der Suche nach L\u00f6sungen \u2013 sondern die der Schachspieler auf der Suche nach guten Z\u00fcgen auf dem Schachbrett.<br \/>\nDie Ausgangslage f\u00fcr alle sechs Mannschaften war klar. In der Oberliga liegen der SV Jedesheim und Post-SV Ulm im hinteren Tabellendrittel und nur der Sieger konnte sich etwas aus der Abstiegszone entfernen. Dementsprechend waren beide Mannschaften in bester Aufstellung angetreten. Nach zwei unspektakul\u00e4ren Remispartien an Brett 1 und Brett 6 entbrannte ein spannender Kampf, bei dem die Jedesheimer durch Valdimir Lukovic (Brett 4) in F\u00fchrung gehen konnten. Zwischenzeitlich steuerte Luca Kessler (Brett 2) gegen Roland Fritz (Post-Ulm) ein weiteres Remis bei. Die restlichen Partien sahen eher vielversprechend f\u00fcr die Ulmer aus \u2013 da an den Bretter 3, 5 und 7 alle Postler mit einem Mehrbauern ausgestattet waren. Die Jedesheimer schafften es aber, diese drei wichtigen Partien in den Remishafen zu bringen und somit fiel die Entscheidung an Brett 8. Hier hatte sich Dusan Vukovic aus der Umklammerung befreit und hatte ein Turmendspiel mit Mehrbauer auf dem Brett. Mit zunehmender Spieldauer spielte der Ulmer Uhlmann einige ungenaue Z\u00fcge, so dass noch der volle Punkt f\u00fcr Jedesheim heraussprang und somit der Wettkampf mit 5:3 gewonnen wurde.<\/p>\n<p><iframe loading=\"lazy\"  id=\"_ytid_21023\"  width=\"480\" height=\"270\"  data-origwidth=\"480\" data-origheight=\"270\" src=\"https:\/\/www.youtube.com\/embed\/vfFiAvgHV6k?enablejsapi=1&#038;autoplay=0&#038;cc_load_policy=0&#038;cc_lang_pref=&#038;iv_load_policy=1&#038;loop=0&#038;rel=1&#038;fs=1&#038;playsinline=0&#038;autohide=2&#038;theme=dark&#038;color=red&#038;controls=1&#038;disablekb=0&#038;\" class=\"__youtube_prefs__  epyt-is-override  no-lazyload\" title=\"YouTube player\"  allow=\"fullscreen; accelerometer; autoplay; clipboard-write; encrypted-media; gyroscope; picture-in-picture; web-share\" referrerpolicy=\"strict-origin-when-cross-origin\" allowfullscreen data-no-lazy=\"1\" data-skipgform_ajax_framebjll=\"\"><\/iframe><\/p>\n<p><strong>Die Einzelergebnisse:<\/strong><\/p>\n<p><!--more--><\/p>\n<p>&nbsp;<\/p>\n<table class=\"runde1\" style=\"width: 100%;\" border=\"1\" summary=\"Rundenergebnisse der 7. Runde\" align=\"center\">\n<thead>\n<tr>\n<th style=\"text-align: center;\">Br.<\/th>\n<th class=\"ieSp1\" style=\"text-align: center;\">SV Jedesheim 1<\/th>\n<th style=\"text-align: center;\">&#8211;<\/th>\n<th style=\"text-align: center;\">Post-SV Ulm 1<\/th>\n<th style=\"text-align: center;\">5:3<\/th>\n<\/tr>\n<\/thead>\n<tbody>\n<tr class=\"odd\">\n<td style=\"text-align: center;\">1<\/td>\n<td class=\"ieSp1\" style=\"text-align: center;\">Pikula, Dejan<\/td>\n<td style=\"text-align: center;\">&#8211;<\/td>\n<td style=\"text-align: center;\">Heidenfeld, Mark<\/td>\n<td style=\"text-align: center;\">\u00bd:\u00bd<\/td>\n<\/tr>\n<tr class=\"even\">\n<td style=\"text-align: center;\">2<\/td>\n<td class=\"ieSp1\" style=\"text-align: center;\">Kessler, Luca<\/td>\n<td style=\"text-align: center;\">&#8211;<\/td>\n<td style=\"text-align: center;\">Fritz, Roland<\/td>\n<td style=\"text-align: center;\">\u00bd:\u00bd<\/td>\n<\/tr>\n<tr class=\"odd\">\n<td style=\"text-align: center;\">3<\/td>\n<td class=\"ieSp1\" style=\"text-align: center;\">Anistratov, Dmitriy<\/td>\n<td style=\"text-align: center;\">&#8211;<\/td>\n<td style=\"text-align: center;\">Oberst, Thomas<\/td>\n<td style=\"text-align: center;\">\u00bd:\u00bd<\/td>\n<\/tr>\n<tr class=\"even\">\n<td style=\"text-align: center;\">4<\/td>\n<td class=\"ieSp1\" style=\"text-align: center;\">Lukovic, Vladimir<\/td>\n<td style=\"text-align: center;\">&#8211;<\/td>\n<td style=\"text-align: center;\">Pieper, Thomas<\/td>\n<td style=\"text-align: center;\">1:0<\/td>\n<\/tr>\n<tr class=\"odd\">\n<td style=\"text-align: center;\">5<\/td>\n<td class=\"ieSp1\" style=\"text-align: center;\">Stiepan, Hans-Michael<\/td>\n<td style=\"text-align: center;\">&#8211;<\/td>\n<td style=\"text-align: center;\">Engelhart, Achim<\/td>\n<td style=\"text-align: center;\">\u00bd:\u00bd<\/td>\n<\/tr>\n<tr class=\"even\">\n<td style=\"text-align: center;\">6<\/td>\n<td class=\"ieSp1\" style=\"text-align: center;\">R\u00f6mer, Ulrich<\/td>\n<td style=\"text-align: center;\">&#8211;<\/td>\n<td style=\"text-align: center;\">Preu\u00df, Heiko<\/td>\n<td style=\"text-align: center;\">\u00bd:\u00bd<\/td>\n<\/tr>\n<tr class=\"odd\">\n<td style=\"text-align: center;\">7<\/td>\n<td class=\"ieSp1\" style=\"text-align: center;\">Hofer, Emilian<\/td>\n<td style=\"text-align: center;\">&#8211;<\/td>\n<td style=\"text-align: center;\">D\u00f6rflinger, Josef<\/td>\n<td style=\"text-align: center;\">\u00bd:\u00bd<\/td>\n<\/tr>\n<tr class=\"even\">\n<td style=\"text-align: center;\">8<\/td>\n<td class=\"ieSp1\" style=\"text-align: center;\">Vukovic, Dusan<\/td>\n<td style=\"text-align: center;\">&#8211;<\/td>\n<td style=\"text-align: center;\">Uhlmann, David<\/td>\n<td style=\"text-align: center;\">1:0<\/td>\n<\/tr>\n<\/tbody>\n<\/table>\n<p>Nach 7 Spieltagen steht Jedesheim mit 5 : 9 Punkten auf dem 7. Tabellenrang, Post-SV Ulm ist mit 4:8 Punkten auf dem 8. Rang.<\/p>\n<p><span style=\"font-size: 14px;\"><strong>Bezirksliga: Riesenchancen verpasst<\/strong><\/span><\/p>\n<p>Auch in der Bezirksliga Nord war die Ausgangslage klar. Nur mit einem Sieg konnte Jedesheim 2 auf Tuchf\u00fchlung zum Tabellenersten WD Ulm 3 bleiben. Aber es blieb der Tag der verpassten Chancen und am Ende stand eine knappe 3,5:4,5 Niederlage fest. Der Wettkampf begann perfekt f\u00fcr Jedesheim: An Brett 1 konnte Michael Knuplesch seine Partie schnell gewinnen \u2013 nach einem fatalen \u00dcberseher hat der Ulmer einen Turm weniger.<br \/>\nDoch postwendend wurde Matthias Lerch (Brett 4) im K\u00f6nigsangriff \u00fcberspielt und verlor genau so schnell seine Partie. In den noch laufenden Partien wurde hart gek\u00e4mpft und geopfert. Robert-Ren\u00e9 Goda (Brett 7) mu\u00dfte in ein Unentschieden einwilligen, nachdem sein Gegner zuerst einen Turm in seine Rochadestellung schmetterte und dann auch noch ein Damenopfer anbot \u2013 dankend ablehnend f\u00fchrte dies aber zu Dauerschach. In vier weiteren Partien hatten die Jedesheimer aber zum Teil deutliche Vorteile. Clemens von Schwerin (Brett 2) gewann bereits in der Er\u00f6ffnung einen Mehrbauer, doch Falco Nogatz verteidigte sich z\u00e4h und einfallsreich, so dass nur ein Remis heraussprang. Klare Vorteile konnten an den Brettern drei und f\u00fcnf nicht umgesetzt werden. Markus Eichhorn (3) und Bernhard Jehle (5) \u00fcbersahen Matt und Damengewinn und so endeten diese Partien ebenfalls nur Unentschieden. Nachdem dann noch Norbert Gr\u00fcner (Brett 6) keine Gewinnfortsetzung fand und von seinem Gegner ausgekontert wurde, willigte Harald Haug an Brett 8 in ein Remis ein. Mit dem etwas gl\u00fccklichen Sieg konnte WD Ulm 3 seine F\u00fchrung ausbauen und steht somit vor dem Aufstieg in die Landesliga.<\/p>\n<p>Die zweite Partie in der Bezirksliga gewann die Schachfreunde V\u00f6hringen gegen WD Ulm 4 deutlich mit 6:2.<\/p>\n<table class=\"runde1\" style=\"width: 100%;\" border=\"1\" summary=\"Rundenergebnisse der 7. Runde\">\n<thead>\n<tr>\n<th style=\"text-align: center;\"><\/th>\n<th class=\"ieSp1\" style=\"text-align: center;\">SV Jedesheim 2<\/th>\n<th style=\"text-align: center;\">&#8211;<\/th>\n<th style=\"text-align: center;\">SC Wei\u00dfe Dame Ulm 3<\/th>\n<th style=\"text-align: center;\">3,5:4,5<\/th>\n<\/tr>\n<\/thead>\n<tbody>\n<tr class=\"odd\">\n<td style=\"text-align: center;\">1<\/td>\n<td class=\"ieSp1\" style=\"text-align: center;\">Knuplesch, Michael<\/td>\n<td style=\"text-align: center;\">&#8211;<\/td>\n<td style=\"text-align: center;\">Sieber, Heiko<\/td>\n<td style=\"text-align: center;\">1:0<\/td>\n<\/tr>\n<tr class=\"even\">\n<td style=\"text-align: center;\">2<\/td>\n<td class=\"ieSp1\" style=\"text-align: center;\">von Schwerin, Clemens<\/td>\n<td style=\"text-align: center;\">&#8211;<\/td>\n<td style=\"text-align: center;\">Nogatz, Falco<\/td>\n<td style=\"text-align: center;\">\u00bd:\u00bd<\/td>\n<\/tr>\n<tr class=\"odd\">\n<td style=\"text-align: center;\">3<\/td>\n<td class=\"ieSp1\" style=\"text-align: center;\">Eichhorn, Markus<\/td>\n<td style=\"text-align: center;\">&#8211;<\/td>\n<td style=\"text-align: center;\">Hoffart, Alexander<\/td>\n<td style=\"text-align: center;\">\u00bd:\u00bd<\/td>\n<\/tr>\n<tr class=\"even\">\n<td style=\"text-align: center;\">4<\/td>\n<td class=\"ieSp1\" style=\"text-align: center;\">Lerch, Matthias<\/td>\n<td style=\"text-align: center;\">&#8211;<\/td>\n<td style=\"text-align: center;\">Boeck, R\u00fcdiger<\/td>\n<td style=\"text-align: center;\">0:1<\/td>\n<\/tr>\n<tr class=\"odd\">\n<td style=\"text-align: center;\">5<\/td>\n<td class=\"ieSp1\" style=\"text-align: center;\">Jehle, Bernhard<\/td>\n<td style=\"text-align: center;\">&#8211;<\/td>\n<td style=\"text-align: center;\">Kelemen, Alexander<\/td>\n<td style=\"text-align: center;\">\u00bd:\u00bd<\/td>\n<\/tr>\n<tr class=\"even\">\n<td style=\"text-align: center;\">6<\/td>\n<td class=\"ieSp1\" style=\"text-align: center;\">Gr\u00fcner, Norbert<\/td>\n<td style=\"text-align: center;\">&#8211;<\/td>\n<td style=\"text-align: center;\">Mierzwa, Robert<\/td>\n<td style=\"text-align: center;\">0:1<\/td>\n<\/tr>\n<tr class=\"odd\">\n<td style=\"text-align: center;\">7<\/td>\n<td class=\"ieSp1\" style=\"text-align: center;\">Goda, Robert-Rene<\/td>\n<td style=\"text-align: center;\">&#8211;<\/td>\n<td style=\"text-align: center;\">Ringhut, David<\/td>\n<td style=\"text-align: center;\">\u00bd:\u00bd<\/td>\n<\/tr>\n<tr class=\"even\">\n<td style=\"text-align: center;\">8<\/td>\n<td class=\"ieSp1\" style=\"text-align: center;\">Haug, Harald<\/td>\n<td style=\"text-align: center;\">&#8211;<\/td>\n<td style=\"text-align: center;\">Dei\u00dfler, Helmut<\/td>\n<td style=\"text-align: center;\">\u00bd:\u00bd<\/td>\n<\/tr>\n<\/tbody>\n<\/table>\n<p class=\"MsoNormal\" style=\"margin: 0cm 0cm 10pt;\"><span style=\"color: #222222; line-height: 115%;\">Es war ein sch\u00f6ner Schachtag in der Historischen Schranne \u2013 mit vielen spannenden Partien, sch\u00f6nem Rahmenprogramm (Wei\u00dfwurstfr\u00fchst\u00fcck ab 9.00, Blitzturnier ab 16.00 Uhr) und guten Unterhaltungen.<br \/>\nRolf Geiger hat das Ereignis in einem sch\u00f6nen Film festgehalten, der auf <em><span style=\"text-decoration: underline;\"><strong><a href=\"http:\/\/www.youtube.com\/watch?v=vfFiAvgHV6k\" target=\"_blank\" rel=\"noopener noreferrer\">Youtube<\/a><\/strong><\/span><\/em> oder links oben unter &#8222;Schach in der Schranne&#8220; zu sehen ist. Die Fotos wurden von Ulrike Merz-Fritz zur Verf\u00fcgung gestellt &#8211; Vielen Dank.<br \/>\n<\/span><br \/>\nNach Beendigung der der letzten Partie fand noch ein Blitzturnier statt:<\/p>\n<table style=\"width: 100%;\" border=\"2\" cellspacing=\"2\" cellpadding=\"2\" bgcolor=\"#00ffff\">\n<tbody>\n<tr>\n<td colspan=\"17\">Rangliste: Stand nach der 11. Runde<\/td>\n<\/tr>\n<tr bgcolor=\"#00ffff\">\n<th>Nr.<\/th>\n<th>Teilnehmer<\/th>\n<th>TWZ<\/th>\n<th>1<\/th>\n<th>2<\/th>\n<th>3<\/th>\n<th>4<\/th>\n<th>5<\/th>\n<th>6<\/th>\n<th>7<\/th>\n<th>8<\/th>\n<th>9<\/th>\n<th>10<\/th>\n<th>11<\/th>\n<th>12<\/th>\n<th>Punkte<\/th>\n<th>SoBerg<\/th>\n<\/tr>\n<tr bgcolor=\"#ffffff\">\n<td>1.<\/td>\n<td>Lukovic,Vladimir<\/td>\n<td>2235<\/td>\n<td>**<\/td>\n<td>1<\/td>\n<td>\u00bd<\/td>\n<td>1<\/td>\n<td>1<\/td>\n<td>1<\/td>\n<td>1<\/td>\n<td>1<\/td>\n<td>1<\/td>\n<td>1<\/td>\n<td>1<\/td>\n<td>1<\/td>\n<td>10.5<\/td>\n<td>50.75<\/td>\n<\/tr>\n<tr bgcolor=\"#ffffff\">\n<td>2.<\/td>\n<td>Namyslo,Holger<\/td>\n<td>2161<\/td>\n<td>0<\/td>\n<td>**<\/td>\n<td>1<\/td>\n<td>1<\/td>\n<td>1<\/td>\n<td>1<\/td>\n<td>1<\/td>\n<td>1<\/td>\n<td>1<\/td>\n<td>1<\/td>\n<td>1<\/td>\n<td>1<\/td>\n<td>10.0<\/td>\n<td>45.50<\/td>\n<\/tr>\n<tr bgcolor=\"#ffffff\">\n<td>3.<\/td>\n<td>Pikula,Dejan<\/td>\n<td>2484<\/td>\n<td>\u00bd<\/td>\n<td>0<\/td>\n<td>**<\/td>\n<td>1<\/td>\n<td>1<\/td>\n<td>1<\/td>\n<td>1<\/td>\n<td>1<\/td>\n<td>1<\/td>\n<td>1<\/td>\n<td>1<\/td>\n<td>1<\/td>\n<td>9.5<\/td>\n<td>41.25<\/td>\n<\/tr>\n<tr bgcolor=\"#ffffff\">\n<td>4.<\/td>\n<td>Stiepan,Hans-Michael<\/td>\n<td>2090<\/td>\n<td>0<\/td>\n<td>0<\/td>\n<td>0<\/td>\n<td>**<\/td>\n<td>\u00bd<\/td>\n<td>1<\/td>\n<td>1<\/td>\n<td>1<\/td>\n<td>1<\/td>\n<td>1<\/td>\n<td>1<\/td>\n<td>1<\/td>\n<td>7.5<\/td>\n<td>25.25<\/td>\n<\/tr>\n<tr bgcolor=\"#ffffff\">\n<td>5.<\/td>\n<td>Dei\u00dfler,Helmut<\/td>\n<td>1837<\/td>\n<td>0<\/td>\n<td>0<\/td>\n<td>0<\/td>\n<td>\u00bd<\/td>\n<td>**<\/td>\n<td>\u00bd<\/td>\n<td>1<\/td>\n<td>\u00bd<\/td>\n<td>1<\/td>\n<td>1<\/td>\n<td>1<\/td>\n<td>1<\/td>\n<td>6.5<\/td>\n<td>20.50<\/td>\n<\/tr>\n<tr bgcolor=\"#ffffff\">\n<td>6.<\/td>\n<td>Anistratov,Dmitrij<\/td>\n<td>2197<\/td>\n<td>0<\/td>\n<td>0<\/td>\n<td>0<\/td>\n<td>0<\/td>\n<td>\u00bd<\/td>\n<td>**<\/td>\n<td>1<\/td>\n<td>1<\/td>\n<td>1<\/td>\n<td>1<\/td>\n<td>1<\/td>\n<td>1<\/td>\n<td>6.5<\/td>\n<td>18.75<\/td>\n<\/tr>\n<tr bgcolor=\"#ffffff\">\n<td>7.<\/td>\n<td>Neef,Wilfried<\/td>\n<td>1689<\/td>\n<td>0<\/td>\n<td>0<\/td>\n<td>0<\/td>\n<td>0<\/td>\n<td>0<\/td>\n<td>0<\/td>\n<td>**<\/td>\n<td>1<\/td>\n<td>1<\/td>\n<td>1<\/td>\n<td>1<\/td>\n<td>\u00bd<\/td>\n<td>4.5<\/td>\n<td>10.75<\/td>\n<\/tr>\n<tr bgcolor=\"#ffffff\">\n<td>8.<\/td>\n<td>Denkinger,Robert<\/td>\n<td>1559<\/td>\n<td>0<\/td>\n<td>0<\/td>\n<td>0<\/td>\n<td>0<\/td>\n<td>\u00bd<\/td>\n<td>0<\/td>\n<td>0<\/td>\n<td>**<\/td>\n<td>1<\/td>\n<td>\u00bd<\/td>\n<td>1<\/td>\n<td>1<\/td>\n<td>4.0<\/td>\n<td>9.25<\/td>\n<\/tr>\n<tr bgcolor=\"#ffffff\">\n<td>9.<\/td>\n<td>Eichhorn,Markus<\/td>\n<td>1815<\/td>\n<td>0<\/td>\n<td>0<\/td>\n<td>0<\/td>\n<td>0<\/td>\n<td>0<\/td>\n<td>0<\/td>\n<td>0<\/td>\n<td>0<\/td>\n<td>**<\/td>\n<td>1<\/td>\n<td>1<\/td>\n<td>1<\/td>\n<td>3.0<\/td>\n<td>4.00<\/td>\n<\/tr>\n<tr bgcolor=\"#ffffff\">\n<td>10.<\/td>\n<td>Lell,Stephan<\/td>\n<td>1646<\/td>\n<td>0<\/td>\n<td>0<\/td>\n<td>0<\/td>\n<td>0<\/td>\n<td>0<\/td>\n<td>0<\/td>\n<td>0<\/td>\n<td>\u00bd<\/td>\n<td>0<\/td>\n<td>**<\/td>\n<td>\u00bd<\/td>\n<td>1<\/td>\n<td>2.0<\/td>\n<td>3.25<\/td>\n<\/tr>\n<tr bgcolor=\"#ffffff\">\n<td>11.<\/td>\n<td>Bossinger,Patrick<\/td>\n<td>1461<\/td>\n<td>0<\/td>\n<td>0<\/td>\n<td>0<\/td>\n<td>0<\/td>\n<td>0<\/td>\n<td>0<\/td>\n<td>0<\/td>\n<td>0<\/td>\n<td>0<\/td>\n<td>\u00bd<\/td>\n<td>**<\/td>\n<td>1<\/td>\n<td>1.5<\/td>\n<td>1.50<\/td>\n<\/tr>\n<tr bgcolor=\"#ffffff\">\n<td>12.<\/td>\n<td>Herrscher,Siegfried<\/td>\n<td>1310<\/td>\n<td>0<\/td>\n<td>0<\/td>\n<td>0<\/td>\n<td>0<\/td>\n<td>0<\/td>\n<td>0<\/td>\n<td>\u00bd<\/td>\n<td>0<\/td>\n<td>0<\/td>\n<td>0<\/td>\n<td>0<\/td>\n<td>**<\/td>\n<td>0.5<\/td>\n<td>2.25<\/td>\n<\/tr>\n<\/tbody>\n<\/table>\n","protected":false},"excerpt":{"rendered":"<p>&nbsp; Zum oberschw\u00e4bischen Lokalderby in der Oberliga hat der SV Jedesheim weder Kosten noch M\u00fche gescheut und einen attraktiven Spieltag ausgerichtet. Im wichtigen Heimspiel gegen die Mannschaft von Post-SV Ulm wurde kurzerhand die Historische&#46;&#46;&#46;<\/p>\n","protected":false},"author":1,"featured_media":10876,"comment_status":"closed","ping_status":"closed","sticky":false,"template":"","format":"standard","meta":{"_price":"","_stock":"","_tribe_ticket_header":"","_tribe_default_ticket_provider":"","_tribe_ticket_capacity":"0","_ticket_start_date":"","_ticket_end_date":"","_tribe_ticket_show_description":"","_tribe_ticket_show_not_going":false,"_tribe_ticket_use_global_stock":"","_tribe_ticket_global_stock_level":"","_global_stock_mode":"","_global_stock_cap":"","_tribe_rsvp_for_event":"","_tribe_ticket_going_count":"","_tribe_ticket_not_going_count":"","_tribe_tickets_list":"[]","_tribe_ticket_has_attendee_info_fields":false,"footnotes":""},"categories":[1],"tags":[],"class_list":["post-2678","post","type-post","status-publish","format-standard","has-post-thumbnail","hentry","category-allgemein"],"_links":{"self":[{"href":"https:\/\/schach-jedesheim.de\/index.php?rest_route=\/wp\/v2\/posts\/2678","targetHints":{"allow":["GET"]}}],"collection":[{"href":"https:\/\/schach-jedesheim.de\/index.php?rest_route=\/wp\/v2\/posts"}],"about":[{"href":"https:\/\/schach-jedesheim.de\/index.php?rest_route=\/wp\/v2\/types\/post"}],"author":[{"embeddable":true,"href":"https:\/\/schach-jedesheim.de\/index.php?rest_route=\/wp\/v2\/users\/1"}],"replies":[{"embeddable":true,"href":"https:\/\/schach-jedesheim.de\/index.php?rest_route=%2Fwp%2Fv2%2Fcomments&post=2678"}],"version-history":[{"count":43,"href":"https:\/\/schach-jedesheim.de\/index.php?rest_route=\/wp\/v2\/posts\/2678\/revisions"}],"predecessor-version":[{"id":11434,"href":"https:\/\/schach-jedesheim.de\/index.php?rest_route=\/wp\/v2\/posts\/2678\/revisions\/11434"}],"wp:featuredmedia":[{"embeddable":true,"href":"https:\/\/schach-jedesheim.de\/index.php?rest_route=\/wp\/v2\/media\/10876"}],"wp:attachment":[{"href":"https:\/\/schach-jedesheim.de\/index.php?rest_route=%2Fwp%2Fv2%2Fmedia&parent=2678"}],"wp:term":[{"taxonomy":"category","embeddable":true,"href":"https:\/\/schach-jedesheim.de\/index.php?rest_route=%2Fwp%2Fv2%2Fcategories&post=2678"},{"taxonomy":"post_tag","embeddable":true,"href":"https:\/\/schach-jedesheim.de\/index.php?rest_route=%2Fwp%2Fv2%2Ftags&post=2678"}],"curies":[{"name":"wp","href":"https:\/\/api.w.org\/{rel}","templated":true}]}}