{"id":3634,"date":"2015-01-08T15:24:49","date_gmt":"2015-01-08T15:24:49","guid":{"rendered":"http:\/\/schach-jedesheim.de\/?p=3634"},"modified":"2020-06-07T12:23:30","modified_gmt":"2020-06-07T11:23:30","slug":"bjem-2014-hannah-zell-ist-bezirksjugendmeisterin","status":"publish","type":"post","link":"https:\/\/schach-jedesheim.de\/?p=3634","title":{"rendered":"BJEM 2014: Hannah Zell ist Bezirksjugendmeisterin"},"content":{"rendered":"<p><a href=\"http:\/\/schach-jedesheim.de\/wp-content\/uploads\/2015\/01\/BJEM-Jedesheimer.jpg\" rel=\"lightbox[3634]\"><img loading=\"lazy\" decoding=\"async\" class=\"alignleft wp-image-3638\" src=\"http:\/\/schach-jedesheim.de\/wp-content\/uploads\/2015\/01\/BJEM-Jedesheimer-300x268.jpg\" alt=\"BJEM-Jedesheimer\" width=\"195\" height=\"175\" srcset=\"https:\/\/schach-jedesheim.de\/wp-content\/uploads\/2015\/01\/BJEM-Jedesheimer-300x268.jpg 300w, https:\/\/schach-jedesheim.de\/wp-content\/uploads\/2015\/01\/BJEM-Jedesheimer.jpg 800w\" sizes=\"auto, (max-width: 195px) 100vw, 195px\" \/><\/a>Vom 28.-30. Dezember 2014 fanden in der Jugendherberge in Biberach\/Riss die Bezirksjugendeinzelmeisterschaften der Oberschw\u00e4bischen Schachjugend statt. Acht Jedesheimer S<\/p>\n<table class=\" alignright\" style=\"width: 133px; height: 208px;\">\n<tbody>\n<tr>\n<td>\u00a0<a href=\"http:\/\/schach-jedesheim.de\/wp-content\/uploads\/2015\/01\/BJEM-U14.jpg\" rel=\"lightbox[3634]\"><img loading=\"lazy\" decoding=\"async\" class=\"alignleft wp-image-3639\" src=\"http:\/\/schach-jedesheim.de\/wp-content\/uploads\/2015\/01\/BJEM-U14-187x300.jpg\" alt=\"BJEM-Patrick Bossinger und Mirjam Zell\" width=\"127\" height=\"204\" srcset=\"https:\/\/schach-jedesheim.de\/wp-content\/uploads\/2015\/01\/BJEM-U14-187x300.jpg 187w, https:\/\/schach-jedesheim.de\/wp-content\/uploads\/2015\/01\/BJEM-U14.jpg 499w\" sizes=\"auto, (max-width: 127px) 100vw, 127px\" \/><\/a><\/td>\n<\/tr>\n<\/tbody>\n<\/table>\n<p>chachspieler hatten sich bei den Kreismeisterschaften in Ulm f\u00fcr die Bezirksmeisterschaften qualifiziert. Die Altersklassen U18, U16 und U14 spielten f\u00fcnf Runden Schweizer System mit 90 Minuten Bedenkzeit f\u00fcr 30 Z\u00fcge + 30 Minuten f\u00fcr den Rest. In der Altersklasse U12 wurden neun Runden ausgetragen, in der U10 sieben Runden mit 60 Minuten Bedenkzeit pro Spieler und Partie.<\/p>\n<p>In der Altersklasse U12 gingen 16 Teilnehmer an den Start, gleich f\u00fcnf davon vom SV Jedesheim. <strong>Hannah Zell<\/strong> wurde ihrer Favoritenrolle bei den M\u00e4dchen gerecht. Mit 4,5 Punkten aus 9 Partien wurde sie Achte in der Gesamtwertung\u00a0und somit bestes M\u00e4dchen. Nach 2012 und 2013 wurde Hannah zum dritten mal in Folge oberschw\u00e4bische Bezirksmeisterin. <strong>Thomas Lang<\/strong> (7,5 Punkte) wurde Gesamtzweiter und oberschw\u00e4bischer Vizemeister. Auf den Pl\u00e4tzen drei, vier und f\u00fcnf folgten <strong>Max Gr\u00fcnwald<\/strong> (7,0 Punkte), <strong>Max Rieger<\/strong> (6,0 Punkte) und <strong>Manuel Zebandt<\/strong> (5,5 Punkte). Hannah Zell, Thomas Lang, Max Gr\u00fcnwald und Max Rieger haben sich f\u00fcr die w\u00fcrttembergischen Jugendmeisterschaften qualifiziert, die vom\u00a0 07. &#8211; 11. April in W\u00fcrzburg stattfinden<\/p>\n<p>In der Alterklasse U16 gingen zw\u00f6lf Spieler an den Start, zwei davon vom SV Jedesheim. <strong>Patrick Bossinger<\/strong> wurde mit 3,5 Punkten\u00a0aus\u00a0 5 Partien zweiter Jugendlicher (Gesamtdritter) in seiner Altersklasse und oberschw\u00e4bischer<\/p>\n<table class=\" alignleft\" style=\"width: 138px; height: 216px;\">\n<tbody>\n<tr>\n<td><a href=\"http:\/\/schach-jedesheim.de\/wp-content\/uploads\/2015\/01\/BJEM-Hannah-klein.jpg\" rel=\"lightbox[3634]\"><img loading=\"lazy\" decoding=\"async\" class=\"alignleft wp-image-3637\" src=\"http:\/\/schach-jedesheim.de\/wp-content\/uploads\/2015\/01\/BJEM-Hannah-klein-224x300.jpg\" alt=\"BJEM-Hannah Zell (rechts) mit Fritz Gatzke und Katrin Leser (links)\" width=\"117\" height=\"157\" srcset=\"https:\/\/schach-jedesheim.de\/wp-content\/uploads\/2015\/01\/BJEM-Hannah-klein-224x300.jpg 224w, https:\/\/schach-jedesheim.de\/wp-content\/uploads\/2015\/01\/BJEM-Hannah-klein.jpg 598w\" sizes=\"auto, (max-width: 117px) 100vw, 117px\" \/><\/a><\/td>\n<\/tr>\n<\/tbody>\n<\/table>\n<p>Vizemeister. Das gelang auch<strong> Mirjam Zell<\/strong>: mit 2,0 Punkten wurde sie zweite Jugendliche (Gesamtachte) und oberschw\u00e4bische Vizemeisterin. Beide haben sich ebenfalls f\u00fcr die w\u00fcrttembergischen Einzelmeisterschaften qualifiziert.<\/p>\n<p>In der U10 ging ein weiterer Spieler des SV Jedesheim an den Start. <strong>Felix Rieger<\/strong> wurde mit 2,0 aus max. 7,0 Punkten Siebter. Insgesamt ein tolles Turnier mit sch\u00f6nen Erfolgen f\u00fcr unseren Nachwuchs und gleich mit sechs Qualifkanten zur W\u00fcrttembergischen Jugend-Einzelmeisterschaft.<\/p>\n<p><!--more--><\/p>\n<table border=\"2\" cellspacing=\"2\" cellpadding=\"2\" bgcolor=\"#c0c0c0\">\n<tbody>\n<tr>\n<td colspan=\"12\">Rangliste U12: Stand nach der 9. Runde<\/td>\n<\/tr>\n<tr bgcolor=\"#00ff00\">\n<th>Rang<\/th>\n<th>Teilnehmer<\/th>\n<th>TWZ<\/th>\n<th>Att<\/th>\n<th>Verein\/Ort<\/th>\n<th>G<\/th>\n<th>S<\/th>\n<th>R<\/th>\n<th>V<\/th>\n<th>Punk<\/th>\n<th>Buchh<\/th>\n<th>BuSumm<\/th>\n<\/tr>\n<tr bgcolor=\"#00ffff\">\n<td>1.<\/td>\n<td>Leser,Stefan<\/td>\n<td>1440<\/td>\n<td><\/td>\n<td>SV Weingarten<\/td>\n<td>9<\/td>\n<td>7<\/td>\n<td>2<\/td>\n<td>0<\/td>\n<td>8.0<\/td>\n<td>48.0<\/td>\n<td>396.5<\/td>\n<\/tr>\n<tr bgcolor=\"#00ffff\">\n<td>2.<\/td>\n<td>Lang,Thomas<\/td>\n<td>1423<\/td>\n<td><\/td>\n<td>SV Jedesheim<\/td>\n<td>9<\/td>\n<td>7<\/td>\n<td>1<\/td>\n<td>1<\/td>\n<td>7.5<\/td>\n<td>47.5<\/td>\n<td>391.0<\/td>\n<\/tr>\n<tr bgcolor=\"#00ffff\">\n<td>3.<\/td>\n<td>Gr\u00fcnwald,Max<\/td>\n<td>1311<\/td>\n<td><\/td>\n<td>SV Jedesheim<\/td>\n<td>9<\/td>\n<td>7<\/td>\n<td>0<\/td>\n<td>2<\/td>\n<td>7.0<\/td>\n<td>49.0<\/td>\n<td>395.5<\/td>\n<\/tr>\n<tr bgcolor=\"#00ffff\">\n<td>4.<\/td>\n<td>Rieger,Max<\/td>\n<td>988<\/td>\n<td><\/td>\n<td>SV Jedesheim<\/td>\n<td>9<\/td>\n<td>6<\/td>\n<td>0<\/td>\n<td>3<\/td>\n<td>6.0<\/td>\n<td>41.5<\/td>\n<td>376.5<\/td>\n<\/tr>\n<tr bgcolor=\"#00ffff\">\n<td>5.<\/td>\n<td>Zebandt,Manuel<\/td>\n<td>1100<\/td>\n<td><\/td>\n<td>SV Jedesheim<\/td>\n<td>9<\/td>\n<td>5<\/td>\n<td>1<\/td>\n<td>3<\/td>\n<td>5.5<\/td>\n<td>42.0<\/td>\n<td>385.5<\/td>\n<\/tr>\n<tr bgcolor=\"#00ffff\">\n<td>6.<\/td>\n<td>Omert,Daniel<\/td>\n<td>876<\/td>\n<td><\/td>\n<td>SC Lindau<\/td>\n<td>9<\/td>\n<td>5<\/td>\n<td>0<\/td>\n<td>4<\/td>\n<td>5.0<\/td>\n<td>38.0<\/td>\n<td>367.0<\/td>\n<\/tr>\n<tr bgcolor=\"#00ffff\">\n<td>7.<\/td>\n<td>Reif,Richard<\/td>\n<td>992<\/td>\n<td><\/td>\n<td>SV Friedrichshafen<\/td>\n<td>9<\/td>\n<td>4<\/td>\n<td>1<\/td>\n<td>4<\/td>\n<td>4.5<\/td>\n<td>48.5<\/td>\n<td>372.0<\/td>\n<\/tr>\n<tr bgcolor=\"#00ffff\">\n<td>8.<\/td>\n<td>Zell,Hannah<\/td>\n<td>1047<\/td>\n<td>W<\/td>\n<td>SV Jedesheim<\/td>\n<td>9<\/td>\n<td>4<\/td>\n<td>1<\/td>\n<td>4<\/td>\n<td>4.5<\/td>\n<td>41.0<\/td>\n<td>358.5<\/td>\n<\/tr>\n<tr bgcolor=\"#00ffff\">\n<td>9.<\/td>\n<td>Aberle,Frederico<\/td>\n<td>1094<\/td>\n<td><\/td>\n<td>SC Laupheim<\/td>\n<td>9<\/td>\n<td>3<\/td>\n<td>2<\/td>\n<td>4<\/td>\n<td>4.0<\/td>\n<td>51.0<\/td>\n<td>389.0<\/td>\n<\/tr>\n<tr bgcolor=\"#00ffff\">\n<td>10.<\/td>\n<td>Wiethoff,Aikko<\/td>\n<td>916<\/td>\n<td><\/td>\n<td>SK Markdorf<\/td>\n<td>9<\/td>\n<td>4<\/td>\n<td>0<\/td>\n<td>5<\/td>\n<td>4.0<\/td>\n<td>38.0<\/td>\n<td>334.5<\/td>\n<\/tr>\n<tr bgcolor=\"#00ffff\">\n<td>11.<\/td>\n<td>Weiss,Nils<\/td>\n<td>885<\/td>\n<td><\/td>\n<td>SC Wei\u00dfe Dame Ulm<\/td>\n<td>9<\/td>\n<td>4<\/td>\n<td>0<\/td>\n<td>5<\/td>\n<td>4.0<\/td>\n<td>32.0<\/td>\n<td>305.0<\/td>\n<\/tr>\n<tr bgcolor=\"#00ffff\">\n<td>12.<\/td>\n<td>Haas,Lena Vanessa<\/td>\n<td>750<\/td>\n<td>W<\/td>\n<td>SK Markdorf<\/td>\n<td>9<\/td>\n<td>3<\/td>\n<td>0<\/td>\n<td>6<\/td>\n<td>3.0<\/td>\n<td>33.5<\/td>\n<td>332.0<\/td>\n<\/tr>\n<tr bgcolor=\"#00ffff\">\n<td>13.<\/td>\n<td>Tellbach,Joshua<\/td>\n<td><\/td>\n<td><\/td>\n<td>SC Wei\u00dfe Dame Ulm<\/td>\n<td>9<\/td>\n<td>2<\/td>\n<td>1<\/td>\n<td>6<\/td>\n<td>2.5<\/td>\n<td>31.0<\/td>\n<td>297.5<\/td>\n<\/tr>\n<tr bgcolor=\"#00ffff\">\n<td>14.<\/td>\n<td>Garde,Maximilian<\/td>\n<td><\/td>\n<td>*<\/td>\n<td>SC Lindau<\/td>\n<td>6<\/td>\n<td>1<\/td>\n<td>1<\/td>\n<td>4<\/td>\n<td>1.5<\/td>\n<td>17.0<\/td>\n<td>205.0<\/td>\n<\/tr>\n<tr bgcolor=\"#00ffff\">\n<td>15.<\/td>\n<td>Pufahl,Paul<\/td>\n<td>780<\/td>\n<td><\/td>\n<td>SC Obersulmetingen<\/td>\n<td>9<\/td>\n<td>1<\/td>\n<td>0<\/td>\n<td>8<\/td>\n<td>1.0<\/td>\n<td>36.0<\/td>\n<td>314.0<\/td>\n<\/tr>\n<tr bgcolor=\"#00ffff\">\n<td>16.<\/td>\n<td>Schlecker,Luca<\/td>\n<td>705<\/td>\n<td>*<\/td>\n<td>SF V\u00f6hringen<\/td>\n<td>6<\/td>\n<td>1<\/td>\n<td>0<\/td>\n<td>5<\/td>\n<td>1.0<\/td>\n<td>19.5<\/td>\n<td>192.5<\/td>\n<\/tr>\n<\/tbody>\n<\/table>\n<h3>U 16:<\/h3>\n<table border=\"2\" cellspacing=\"2\" cellpadding=\"2\" bgcolor=\"#c0c0c0\">\n<tbody>\n<tr>\n<td colspan=\"12\">Rangliste U16: Stand nach der 5. Runde<\/td>\n<\/tr>\n<tr bgcolor=\"#00ff00\">\n<th>Rang<\/th>\n<th>Teilnehmer<\/th>\n<th>TWZ<\/th>\n<th>Att<\/th>\n<th>Verein\/Ort<\/th>\n<th>G<\/th>\n<th>S<\/th>\n<th>R<\/th>\n<th>V<\/th>\n<th>Punk<\/th>\n<th>Buchh<\/th>\n<th>BuSumm<\/th>\n<\/tr>\n<tr bgcolor=\"#00ffff\">\n<td>1.<\/td>\n<td>Reif,Gerold<\/td>\n<td>1683<\/td>\n<td><\/td>\n<td>SV Friedrichshafen<\/td>\n<td>5<\/td>\n<td>4<\/td>\n<td>1<\/td>\n<td>0<\/td>\n<td>4.5<\/td>\n<td>15.5<\/td>\n<td>73.5<\/td>\n<\/tr>\n<tr bgcolor=\"#00ffff\">\n<td>2.<\/td>\n<td>Leser,Katrin<\/td>\n<td>1607<\/td>\n<td>W<\/td>\n<td>SV Weingarten<\/td>\n<td>5<\/td>\n<td>3<\/td>\n<td>1<\/td>\n<td>1<\/td>\n<td>3.5<\/td>\n<td>16.0<\/td>\n<td>63.0<\/td>\n<\/tr>\n<tr bgcolor=\"#00ffff\">\n<td>3.<\/td>\n<td>Bossinger,Patrick<\/td>\n<td>1670<\/td>\n<td><\/td>\n<td>SV Jedesheim<\/td>\n<td>5<\/td>\n<td>3<\/td>\n<td>1<\/td>\n<td>1<\/td>\n<td>3.5<\/td>\n<td>15.0<\/td>\n<td>58.5<\/td>\n<\/tr>\n<tr bgcolor=\"#00ffff\">\n<td>4.<\/td>\n<td>Finkous,Robert<\/td>\n<td>1670<\/td>\n<td><\/td>\n<td>SC Lindau<\/td>\n<td>5<\/td>\n<td>2<\/td>\n<td>3<\/td>\n<td>0<\/td>\n<td>3.5<\/td>\n<td>14.5<\/td>\n<td>70.5<\/td>\n<\/tr>\n<tr bgcolor=\"#00ffff\">\n<td>5.<\/td>\n<td>Omert,Oliver<\/td>\n<td>1624<\/td>\n<td><\/td>\n<td>SC Lindau<\/td>\n<td>5<\/td>\n<td>2<\/td>\n<td>2<\/td>\n<td>1<\/td>\n<td>3.0<\/td>\n<td>14.0<\/td>\n<td>67.0<\/td>\n<\/tr>\n<tr bgcolor=\"#00ffff\">\n<td>6.<\/td>\n<td>Freitag,Vittorio<\/td>\n<td>877<\/td>\n<td><\/td>\n<td>SC Lindau<\/td>\n<td>5<\/td>\n<td>3<\/td>\n<td>0<\/td>\n<td>2<\/td>\n<td>3.0<\/td>\n<td>9.5<\/td>\n<td>63.0<\/td>\n<\/tr>\n<tr bgcolor=\"#00ffff\">\n<td>7.<\/td>\n<td>Zhong,Colin<\/td>\n<td>1470<\/td>\n<td><\/td>\n<td>SC Wei\u00dfe Dame Ulm<\/td>\n<td>5<\/td>\n<td>3<\/td>\n<td>0<\/td>\n<td>2<\/td>\n<td>3.0<\/td>\n<td>9.5<\/td>\n<td>62.0<\/td>\n<\/tr>\n<tr bgcolor=\"#00ffff\">\n<td>8.<\/td>\n<td>Zell,Mirjam<\/td>\n<td>1194<\/td>\n<td>W<\/td>\n<td>SV Jedesheim<\/td>\n<td>5<\/td>\n<td>2<\/td>\n<td>0<\/td>\n<td>3<\/td>\n<td>2.0<\/td>\n<td>14.0<\/td>\n<td>67.0<\/td>\n<\/tr>\n<tr bgcolor=\"#00ffff\">\n<td>9.<\/td>\n<td>Wunder,Isabella<\/td>\n<td>1144<\/td>\n<td>W<\/td>\n<td>SC Weiler im Allg\u00e4u<\/td>\n<td>5<\/td>\n<td>1<\/td>\n<td>1<\/td>\n<td>3<\/td>\n<td>1.5<\/td>\n<td>11.0<\/td>\n<td>58.0<\/td>\n<\/tr>\n<tr bgcolor=\"#00ffff\">\n<td>10.<\/td>\n<td>Rothermel,Lara<\/td>\n<td>989<\/td>\n<td>W<\/td>\n<td>SK Leutkirch<\/td>\n<td>5<\/td>\n<td>1<\/td>\n<td>1<\/td>\n<td>3<\/td>\n<td>1.5<\/td>\n<td>10.0<\/td>\n<td>59.5<\/td>\n<\/tr>\n<tr bgcolor=\"#00ffff\">\n<td>11.<\/td>\n<td>Schlecker,Elena<\/td>\n<td>924<\/td>\n<td>W<\/td>\n<td>SF V\u00f6hringen<\/td>\n<td>5<\/td>\n<td>1<\/td>\n<td>0<\/td>\n<td>4<\/td>\n<td>1.0<\/td>\n<td>11.0<\/td>\n<td>57.0<\/td>\n<\/tr>\n<tr bgcolor=\"#00ffff\">\n<td>12.<\/td>\n<td>Schlereth,Florian<\/td>\n<td><\/td>\n<td><\/td>\n<td>SK Leutkirch<\/td>\n<td>5<\/td>\n<td>0<\/td>\n<td>0<\/td>\n<td>5<\/td>\n<td>0.0<\/td>\n<td>10.0<\/td>\n<td>51.0<\/td>\n<\/tr>\n<\/tbody>\n<\/table>\n<h3><\/h3>\n","protected":false},"excerpt":{"rendered":"<p>Vom 28.-30. Dezember 2014 fanden in der Jugendherberge in Biberach\/Riss die Bezirksjugendeinzelmeisterschaften der Oberschw\u00e4bischen Schachjugend statt. Acht Jedesheimer S \u00a0 chachspieler hatten sich bei den Kreismeisterschaften in Ulm f\u00fcr die Bezirksmeisterschaften qualifiziert. Die Altersklassen&#46;&#46;&#46;<\/p>\n","protected":false},"author":1,"featured_media":3638,"comment_status":"open","ping_status":"open","sticky":false,"template":"","format":"standard","meta":{"_price":"","_stock":"","_tribe_ticket_header":"","_tribe_default_ticket_provider":"","_tribe_ticket_capacity":"0","_ticket_start_date":"","_ticket_end_date":"","_tribe_ticket_show_description":"","_tribe_ticket_show_not_going":false,"_tribe_ticket_use_global_stock":"","_tribe_ticket_global_stock_level":"","_global_stock_mode":"","_global_stock_cap":"","_tribe_rsvp_for_event":"","_tribe_ticket_going_count":"","_tribe_ticket_not_going_count":"","_tribe_tickets_list":"[]","_tribe_ticket_has_attendee_info_fields":false,"footnotes":""},"categories":[4],"tags":[],"class_list":["post-3634","post","type-post","status-publish","format-standard","has-post-thumbnail","hentry","category-jugend"],"_links":{"self":[{"href":"https:\/\/schach-jedesheim.de\/index.php?rest_route=\/wp\/v2\/posts\/3634","targetHints":{"allow":["GET"]}}],"collection":[{"href":"https:\/\/schach-jedesheim.de\/index.php?rest_route=\/wp\/v2\/posts"}],"about":[{"href":"https:\/\/schach-jedesheim.de\/index.php?rest_route=\/wp\/v2\/types\/post"}],"author":[{"embeddable":true,"href":"https:\/\/schach-jedesheim.de\/index.php?rest_route=\/wp\/v2\/users\/1"}],"replies":[{"embeddable":true,"href":"https:\/\/schach-jedesheim.de\/index.php?rest_route=%2Fwp%2Fv2%2Fcomments&post=3634"}],"version-history":[{"count":12,"href":"https:\/\/schach-jedesheim.de\/index.php?rest_route=\/wp\/v2\/posts\/3634\/revisions"}],"predecessor-version":[{"id":3691,"href":"https:\/\/schach-jedesheim.de\/index.php?rest_route=\/wp\/v2\/posts\/3634\/revisions\/3691"}],"wp:featuredmedia":[{"embeddable":true,"href":"https:\/\/schach-jedesheim.de\/index.php?rest_route=\/wp\/v2\/media\/3638"}],"wp:attachment":[{"href":"https:\/\/schach-jedesheim.de\/index.php?rest_route=%2Fwp%2Fv2%2Fmedia&parent=3634"}],"wp:term":[{"taxonomy":"category","embeddable":true,"href":"https:\/\/schach-jedesheim.de\/index.php?rest_route=%2Fwp%2Fv2%2Fcategories&post=3634"},{"taxonomy":"post_tag","embeddable":true,"href":"https:\/\/schach-jedesheim.de\/index.php?rest_route=%2Fwp%2Fv2%2Ftags&post=3634"}],"curies":[{"name":"wp","href":"https:\/\/api.w.org\/{rel}","templated":true}]}}