{"id":3680,"date":"2015-01-15T16:46:05","date_gmt":"2015-01-15T16:46:05","guid":{"rendered":"http:\/\/schach-jedesheim.de\/?p=3680"},"modified":"2020-06-07T12:21:26","modified_gmt":"2020-06-07T11:21:26","slug":"hohenems-gute-ergebnisse","status":"publish","type":"post","link":"https:\/\/schach-jedesheim.de\/?p=3680","title":{"rendered":"Hohenems: gute Ergebnisse"},"content":{"rendered":"<table class=\" alignleft\" style=\"width: 166px; height: 205px;\">\n<tbody>\n<tr>\n<td>\n<p><div id=\"attachment_3686\" style=\"width: 160px\" class=\"wp-caption alignleft\"><a href=\"http:\/\/schach-jedesheim.de\/wp-content\/uploads\/2015\/01\/Hohenems-Max-und-Felix-klein.jpg\" rel=\"lightbox[3680]\"><img loading=\"lazy\" decoding=\"async\" aria-describedby=\"caption-attachment-3686\" class=\"size-thumbnail wp-image-3686\" src=\"http:\/\/schach-jedesheim.de\/wp-content\/uploads\/2015\/01\/Hohenems-Max-und-Felix-klein-150x150.jpg\" alt=\"Max und Felix\" width=\"150\" height=\"150\" \/><\/a><p id=\"caption-attachment-3686\" class=\"wp-caption-text\">Max und Felix<\/p><\/div><\/td>\n<\/tr>\n<\/tbody>\n<\/table>\n<p>Vom 2. bis 3. Januar fand im Altacher Veranstaltungszentrum KOM (\u00d6sterreich) die 27. Voralberger Schacholympiade f\u00fcr Kinder und Jugendliche statt. Den Organisatoren war es gelungen, hervorragende Rahmenbedingungen f\u00fcr das Turnier zu schaffen. Insgesamt 78 Kinder in den Altersklassen U8 bis U20, aus \u00d6sterreich, der Schweiz und Deutschland gingen an den Start. Der SV Jedesheim wurde durch\u00a0drei Spieler vertreten: <strong>Felix Rieger<\/strong> (Altersklasse U10) spielte ein starkes Turnier. Mit 4 Punkten aus 7 Runden belegte er einen sehr guten 4. Platz. Sein Bruder<strong> Max Rieger<\/strong> (Altersklasse U12) konnte mit 3,5 Punkten einen guten 13. Platz erreichen. Unser Jugendlicher <strong>Manuel Zebandt<\/strong>, diesmal f\u00fcr Bregenz startend, zeigte seine Klasse\u00a0und belegte mit 6 Punkten\u00a0Rang 1.<br \/>\nIm Anschluss gab es noch eine Simultanveranstaltung, zu der die IM\u00a0\u00a0Helene Mira, Georg Fr\u00f6wis und Guntram G\u00e4rtner antraten.<\/p>\n<p>Ergebnisse:<\/p>\n<p><!--more--><\/p>\n<p><a href=\"http:\/\/www.chess-results.com\/tnr152925.aspx?lan=1&amp;art=1&amp;rd=7&amp;wi=821\" target=\"_blank\" rel=\"noopener noreferrer\">Hohenems Schacholympiade U10<\/a><\/p>\n<p><a href=\"http:\/\/www.chess-results.com\/tnr152926.aspx?lan=1&amp;art=1&amp;rd=7&amp;wi=821\" target=\"_blank\" rel=\"noopener noreferrer\">Hohenems Schacholympiade U12<\/a><\/p>\n<p><a href=\"http:\/\/skhohenems.at\/index.php\/661-traumhafte-bedingungen-fuer-die-teilnehmer-der-27-vbg-schacholympiade-im-altacher-kom\" target=\"_blank\" rel=\"noopener noreferrer\">Bericht beim SK Hohenems<\/a><\/p>\n","protected":false},"excerpt":{"rendered":"<p>Vom 2. bis 3. Januar fand im Altacher Veranstaltungszentrum KOM (\u00d6sterreich) die 27. Voralberger Schacholympiade f\u00fcr Kinder und Jugendliche statt. Den Organisatoren war es gelungen, hervorragende Rahmenbedingungen f\u00fcr das Turnier zu schaffen. Insgesamt 78&#46;&#46;&#46;<\/p>\n","protected":false},"author":1,"featured_media":3686,"comment_status":"open","ping_status":"open","sticky":false,"template":"","format":"standard","meta":{"_price":"","_stock":"","_tribe_ticket_header":"","_tribe_default_ticket_provider":"","_tribe_ticket_capacity":"0","_ticket_start_date":"","_ticket_end_date":"","_tribe_ticket_show_description":"","_tribe_ticket_show_not_going":false,"_tribe_ticket_use_global_stock":"","_tribe_ticket_global_stock_level":"","_global_stock_mode":"","_global_stock_cap":"","_tribe_rsvp_for_event":"","_tribe_ticket_going_count":"","_tribe_ticket_not_going_count":"","_tribe_tickets_list":"[]","_tribe_ticket_has_attendee_info_fields":false,"footnotes":""},"categories":[4],"tags":[],"class_list":["post-3680","post","type-post","status-publish","format-standard","has-post-thumbnail","hentry","category-jugend"],"_links":{"self":[{"href":"https:\/\/schach-jedesheim.de\/index.php?rest_route=\/wp\/v2\/posts\/3680","targetHints":{"allow":["GET"]}}],"collection":[{"href":"https:\/\/schach-jedesheim.de\/index.php?rest_route=\/wp\/v2\/posts"}],"about":[{"href":"https:\/\/schach-jedesheim.de\/index.php?rest_route=\/wp\/v2\/types\/post"}],"author":[{"embeddable":true,"href":"https:\/\/schach-jedesheim.de\/index.php?rest_route=\/wp\/v2\/users\/1"}],"replies":[{"embeddable":true,"href":"https:\/\/schach-jedesheim.de\/index.php?rest_route=%2Fwp%2Fv2%2Fcomments&post=3680"}],"version-history":[{"count":9,"href":"https:\/\/schach-jedesheim.de\/index.php?rest_route=\/wp\/v2\/posts\/3680\/revisions"}],"predecessor-version":[{"id":11031,"href":"https:\/\/schach-jedesheim.de\/index.php?rest_route=\/wp\/v2\/posts\/3680\/revisions\/11031"}],"wp:featuredmedia":[{"embeddable":true,"href":"https:\/\/schach-jedesheim.de\/index.php?rest_route=\/wp\/v2\/media\/3686"}],"wp:attachment":[{"href":"https:\/\/schach-jedesheim.de\/index.php?rest_route=%2Fwp%2Fv2%2Fmedia&parent=3680"}],"wp:term":[{"taxonomy":"category","embeddable":true,"href":"https:\/\/schach-jedesheim.de\/index.php?rest_route=%2Fwp%2Fv2%2Fcategories&post=3680"},{"taxonomy":"post_tag","embeddable":true,"href":"https:\/\/schach-jedesheim.de\/index.php?rest_route=%2Fwp%2Fv2%2Ftags&post=3680"}],"curies":[{"name":"wp","href":"https:\/\/api.w.org\/{rel}","templated":true}]}}