{"id":3813,"date":"2015-04-01T19:17:32","date_gmt":"2015-04-01T19:17:32","guid":{"rendered":"http:\/\/schach-jedesheim.de\/?p=3813"},"modified":"2020-06-08T17:56:08","modified_gmt":"2020-06-08T16:56:08","slug":"jedesheim-3-wuerttembergisches-jugend-pokalturnier-wjpt-und-amateurmeisterschaft-wam","status":"publish","type":"post","link":"https:\/\/schach-jedesheim.de\/?p=3813","title":{"rendered":"WAM+WJPT 2015: Gelungenes Turnier in der Gemeindehalle &#8211; mit vielen Fotos"},"content":{"rendered":"<p>Am Samstag, dem 7. M\u00e4rz 2015 war die Schachabteilung des SV Jedesheim Gastgeber und Ausrichter eines W\u00fcrttembergischen Jugend-Pokalturniers. In den Altersklassen U8, U10 und U12 wurden f\u00fcnf Runden nach Schweizer System<\/p>\n<table class=\" alignright\">\n<tbody>\n<tr>\n<td>\n<p><div id=\"attachment_2349\" style=\"width: 160px\" class=\"wp-caption alignright\"><a href=\"http:\/\/jalbum.net\/a\/1606598\"><img loading=\"lazy\" decoding=\"async\" aria-describedby=\"caption-attachment-2349\" class=\"wp-image-2349 size-thumbnail\" src=\"http:\/\/schach-jedesheim.de\/wp-content\/uploads\/2013\/07\/Foto-album-150x150.png\" alt=\"Foto-Album WAM 2015\" width=\"150\" height=\"150\" \/><\/a><p id=\"caption-attachment-2349\" class=\"wp-caption-text\">Foto-Album WAM 2015<\/p><\/div><\/td>\n<\/tr>\n<\/tbody>\n<\/table>\n<p>gespielt (60 Minuten Bedenkzeit pro Partie und Spieler, Schreibpflicht, DWZ-Auswertung). F\u00fcr die ersten drei Sieger jeder Altersklasse gab es Pokale sowie zahlreiche Sachpreise.<\/p>\n<div id=\"attachment_3835\" style=\"width: 310px\" class=\"wp-caption alignleft\"><a href=\"http:\/\/schach-jedesheim.de\/wp-content\/uploads\/2015\/03\/2015-03-07-Mirjam-Jedesheim1.jpg\" rel=\"lightbox[3813]\"><img loading=\"lazy\" decoding=\"async\" aria-describedby=\"caption-attachment-3835\" class=\"size-medium wp-image-3835\" src=\"http:\/\/schach-jedesheim.de\/wp-content\/uploads\/2015\/03\/2015-03-07-Mirjam-Jedesheim1-300x225.jpg\" alt=\"Mirjam Zell spielt gegen Niklas Bolenski\" width=\"300\" height=\"225\" srcset=\"https:\/\/schach-jedesheim.de\/wp-content\/uploads\/2015\/03\/2015-03-07-Mirjam-Jedesheim1-300x225.jpg 300w, https:\/\/schach-jedesheim.de\/wp-content\/uploads\/2015\/03\/2015-03-07-Mirjam-Jedesheim1.jpg 800w\" sizes=\"auto, (max-width: 300px) 100vw, 300px\" \/><\/a><p id=\"caption-attachment-3835\" class=\"wp-caption-text\">Mirjam Zell spielt gegen Niklas Bolenski<\/p><\/div>\n<p>Parallel dazu wurde ein Turnier der W\u00fcrttembergischen Amateurmeisterschaft ausgerichtet. Gem\u00e4\u00df der Startrangliste aller Teilnehmer wurden Vierergruppen gebildet. Innerhalb jeder Vierergruppe wurde ein Rundenturnier mit drei Runden nach CH-System gespielt (90 Minuten Bedenkzeit pro Partie und Spieler, Schreibpflicht, DWZ-Auswertung). Auch hier gab es Pokale f\u00fcr die Gruppensieger, Medaillen f\u00fcr alle Zweit- und Drittplazierten sowie kleine Sachpreise. Im Jugendturnier starteten 18 Kinder, in der Amateurmeisterschaft 56 Teilnehmer, insgesamt also 74 Teilnehmer. Laut Dr. Konrad M\u00fcller, dem Initiator dieser Serien, bedeutete dies f\u00fcr die Amateurmeisterschaft ein neuer Teilnehmerrekord. Die weiteste Anreise hatten etliche Spieler aus N\u00fcrnberg sowie aus Kornwestheim bei Stuttgart. Aus dem eigenen Verein gingen insgesamt 17 Spieler an den Start. Die Br\u00fcder <strong>Felix und Max Rieger<\/strong> starteten im Jugend-Pokalturnier.<\/p>\n<div id=\"attachment_3834\" style=\"width: 160px\" class=\"wp-caption alignright\"><a href=\"http:\/\/schach-jedesheim.de\/wp-content\/uploads\/2015\/03\/2015-03-07-Max-Jedesheim1.jpg\" rel=\"lightbox[3813]\"><img loading=\"lazy\" decoding=\"async\" aria-describedby=\"caption-attachment-3834\" class=\"wp-image-3834 size-thumbnail\" src=\"http:\/\/schach-jedesheim.de\/wp-content\/uploads\/2015\/03\/2015-03-07-Max-Jedesheim1-150x150.jpg\" alt=\"rechts Max Rieger mit Pokal\" width=\"150\" height=\"150\" \/><\/a><p id=\"caption-attachment-3834\" class=\"wp-caption-text\">rechts Max Rieger mit Pokal<\/p><\/div>\n<p><strong>Felix<\/strong> spielte ein starkes Turnier (4,0 Punkte aus max. 5,0) und wurde Dritter in der U10 (Gesamtvierter). Er freute sich riesig \u00fcber den gewonnenen Pokal. <strong>Max<\/strong> konnte drei von f\u00fcnf Partien f\u00fcr sich entscheiden und wurde Zweiter in der Altersklasse U12 (Gesamtf\u00fcnfter).<\/p>\n<p>&nbsp;<\/p>\n<p>&nbsp;<\/p>\n<div id=\"attachment_3833\" style=\"width: 235px\" class=\"wp-caption alignleft\"><a href=\"http:\/\/schach-jedesheim.de\/wp-content\/uploads\/2015\/03\/2015-03-07-Hannah-Jedesheim1.jpg\" rel=\"lightbox[3813]\"><img loading=\"lazy\" decoding=\"async\" aria-describedby=\"caption-attachment-3833\" class=\"size-medium wp-image-3833\" src=\"http:\/\/schach-jedesheim.de\/wp-content\/uploads\/2015\/03\/2015-03-07-Hannah-Jedesheim1-225x300.jpg\" alt=\"Hannah Zell mit Dr. Konrad M\u00fcller\" width=\"225\" height=\"300\" srcset=\"https:\/\/schach-jedesheim.de\/wp-content\/uploads\/2015\/03\/2015-03-07-Hannah-Jedesheim1-225x300.jpg 225w, https:\/\/schach-jedesheim.de\/wp-content\/uploads\/2015\/03\/2015-03-07-Hannah-Jedesheim1.jpg 450w\" sizes=\"auto, (max-width: 225px) 100vw, 225px\" \/><\/a><p id=\"caption-attachment-3833\" class=\"wp-caption-text\">Hannah Zell mit Dr. Konrad M\u00fcller<\/p><\/div>\n<p><span style=\"color: #444444; font-family: 'Arial','sans-serif'; font-size: 11.5pt;\">Wir bedanken uns herzlich f\u00fcr Eure Teilnahme am Jedesheimer Jugend-Pokal-Turnier.74 Spielerinnen und Spieler haben\u00a0spannende Partien an den Brettern gezeigt. Es ging stets fair zu. Den Turnierleiter Dr. Konrad M\u00fcller und Martin Zebandt hat es ebenfalls viel Spa\u00df gemacht und Martin hat\u00a0noch als Turnier-Fotograf Zeit f\u00fcr viele Fotos.Ein besonderer Dank geht an die zahlreichen Helferinnen und Helfer aus dem Verein, ohne die so eine Veranstaltung nicht m\u00f6glich w\u00e4re.<\/span><\/p>\n<p><span style=\"color: #444444; font-family: 'Arial','sans-serif'; font-size: 11.5pt;\">Der n\u00e4chste Jedesheimer\u00a0WAM und WJPT-Turnier findet voraussichtlich am <strong><span style=\"font-family: 'Arial','sans-serif';\">5. Juni 2016<\/span><\/strong> statt. Am <strong>19. Juli 2015<\/strong> findet erneut ein WJPT-Turnier in Oberschwaben statt: Laichingen. Wir freuen uns auf ein Wiedersehen<\/span><\/p>\n<p><span style=\"text-decoration: underline;\">Ergebnisse Jugendpoklaturnier:<\/span> 2. Platz U12: <strong>Max Rieger<\/strong> (3,0 Punkte aus max. 5,0) 3. Platz U10: <strong>Felix Rieger<\/strong> (4,0 aus 5,0)<\/p>\n<p><span style=\"text-decoration: underline;\">Ergebnisse Amateurmeisterschaft:<\/span> 1. Platz: <strong>Florian L\u00f6ffler<\/strong> (2,5 Punkte aus max. 3,0), <strong>Rolf Brischar<\/strong> (2,5), <strong>Hannah Zell<\/strong> (2,5) 2. Platz: <strong>Arndt Mayer<\/strong> (2,0), <strong>Hans-Michael Kowalski<\/strong> (1,5), <strong>Manuel Zebandt<\/strong> (2,0) 3. Platz: <strong>Patrick Bossinger<\/strong> (1,0), <strong>Bernd K\u00fchn<\/strong> (1,5), <strong>Thomas Lang<\/strong> (1,5),<strong> Mirjam Zell<\/strong> (1,5), <strong>Andr\u00e9 Ertle<\/strong> (1,0) 4. Platz: <strong>Markus Eichhorn<\/strong> (0,5), <strong>Markus Jeckle<\/strong> (0,5), <strong>Max Gr\u00fcnwald<\/strong> (0), <strong>R\u00fcdiger Zell<\/strong> (0,5)<\/p>\n<p><strong><a href=\"http:\/\/www.svw.info\/wts\/wam\/wam-2014-15\/10531-3-wam-07-03-2015-jedesheim\" target=\"_blank\" rel=\"noopener noreferrer\">Ergebnisse WAM<\/a><\/strong><br \/>\n<strong><a href=\"http:\/\/www.svw.info\/wts\/wjpt\/wjpt-2014-15\/10529-3-jedesheimer-jugend-pokal-turnier\" target=\"_blank\" rel=\"noopener noreferrer\">Ergebnisse WJPT<\/a><\/strong><\/p>\n","protected":false},"excerpt":{"rendered":"<p>Am Samstag, dem 7. M\u00e4rz 2015 war die Schachabteilung des SV Jedesheim Gastgeber und Ausrichter eines W\u00fcrttembergischen Jugend-Pokalturniers. In den Altersklassen U8, U10 und U12 wurden f\u00fcnf Runden nach Schweizer System gespielt (60 Minuten&#46;&#46;&#46;<\/p>\n","protected":false},"author":9,"featured_media":3835,"comment_status":"open","ping_status":"open","sticky":false,"template":"","format":"standard","meta":{"_price":"","_stock":"","_tribe_ticket_header":"","_tribe_default_ticket_provider":"","_tribe_ticket_capacity":"0","_ticket_start_date":"","_ticket_end_date":"","_tribe_ticket_show_description":"","_tribe_ticket_show_not_going":false,"_tribe_ticket_use_global_stock":"","_tribe_ticket_global_stock_level":"","_global_stock_mode":"","_global_stock_cap":"","_tribe_rsvp_for_event":"","_tribe_ticket_going_count":"","_tribe_ticket_not_going_count":"","_tribe_tickets_list":"[]","_tribe_ticket_has_attendee_info_fields":false,"footnotes":""},"categories":[24],"tags":[],"class_list":["post-3813","post","type-post","status-publish","format-standard","has-post-thumbnail","hentry","category-wurttembergische-meisterschaften"],"_links":{"self":[{"href":"https:\/\/schach-jedesheim.de\/index.php?rest_route=\/wp\/v2\/posts\/3813","targetHints":{"allow":["GET"]}}],"collection":[{"href":"https:\/\/schach-jedesheim.de\/index.php?rest_route=\/wp\/v2\/posts"}],"about":[{"href":"https:\/\/schach-jedesheim.de\/index.php?rest_route=\/wp\/v2\/types\/post"}],"author":[{"embeddable":true,"href":"https:\/\/schach-jedesheim.de\/index.php?rest_route=\/wp\/v2\/users\/9"}],"replies":[{"embeddable":true,"href":"https:\/\/schach-jedesheim.de\/index.php?rest_route=%2Fwp%2Fv2%2Fcomments&post=3813"}],"version-history":[{"count":16,"href":"https:\/\/schach-jedesheim.de\/index.php?rest_route=\/wp\/v2\/posts\/3813\/revisions"}],"predecessor-version":[{"id":11154,"href":"https:\/\/schach-jedesheim.de\/index.php?rest_route=\/wp\/v2\/posts\/3813\/revisions\/11154"}],"wp:featuredmedia":[{"embeddable":true,"href":"https:\/\/schach-jedesheim.de\/index.php?rest_route=\/wp\/v2\/media\/3835"}],"wp:attachment":[{"href":"https:\/\/schach-jedesheim.de\/index.php?rest_route=%2Fwp%2Fv2%2Fmedia&parent=3813"}],"wp:term":[{"taxonomy":"category","embeddable":true,"href":"https:\/\/schach-jedesheim.de\/index.php?rest_route=%2Fwp%2Fv2%2Fcategories&post=3813"},{"taxonomy":"post_tag","embeddable":true,"href":"https:\/\/schach-jedesheim.de\/index.php?rest_route=%2Fwp%2Fv2%2Ftags&post=3813"}],"curies":[{"name":"wp","href":"https:\/\/api.w.org\/{rel}","templated":true}]}}