{"id":3837,"date":"2015-03-16T05:41:51","date_gmt":"2015-03-16T05:41:51","guid":{"rendered":"http:\/\/schach-jedesheim.de\/?p=3837"},"modified":"2020-06-07T10:37:36","modified_gmt":"2020-06-07T09:37:36","slug":"leutkirch-jedesheimer-jugendliche-beenden-erfolgreich-die-oberschwaebische-jugendturnierserie-20142015","status":"publish","type":"post","link":"https:\/\/schach-jedesheim.de\/?p=3837","title":{"rendered":"Jugendturnierserie: Erfolgreiche Jedesheimer Jugendliche ganz vorne"},"content":{"rendered":"<p style=\"text-align: left;\">Am Samstag, dem 14. M\u00e4rz 2015 waren der Schachclub Leutkirch Ausrichter des f\u00fcnften und letzten Jugendschachturniers der Saison 2014\/2015 der Region Oberschwaben S\u00fcd. Vierzig Kinder und Jugendliche spielten in den Altersklassen U18, U14, U12 und U10 sieben Runden Schnellschach nach Schweizer System mit je 15 Minuten Bedenkzeit. Gespielt wurde in zwei Gruppen, die nach DWZ eingeteilt wurden: Gruppe A f\u00fcr DWZ \u00fcber 900 und Gruppe B f\u00fcr DWZ unter 900.<\/p>\n<div id=\"attachment_3845\" style=\"width: 310px\" class=\"wp-caption alignleft\"><a href=\"http:\/\/schach-jedesheim.de\/wp-content\/uploads\/2015\/03\/2015-03-14-Leutkirch.jpg\" rel=\"lightbox[3837]\"><img loading=\"lazy\" decoding=\"async\" aria-describedby=\"caption-attachment-3845\" class=\"wp-image-3845 size-medium\" src=\"http:\/\/schach-jedesheim.de\/wp-content\/uploads\/2015\/03\/2015-03-14-Leutkirch-300x225.jpg\" alt=\"2015-03-14-Leutkirch\" width=\"300\" height=\"225\" srcset=\"https:\/\/schach-jedesheim.de\/wp-content\/uploads\/2015\/03\/2015-03-14-Leutkirch-300x225.jpg 300w, https:\/\/schach-jedesheim.de\/wp-content\/uploads\/2015\/03\/2015-03-14-Leutkirch.jpg 800w\" sizes=\"auto, (max-width: 300px) 100vw, 300px\" \/><\/a><p id=\"caption-attachment-3845\" class=\"wp-caption-text\">Erfolgreiche Jedesheimer Jugend<\/p><\/div>\n<p>F\u00fcnf Spieler des SV Jedesheim gingen an den Start. Der elfj\u00e4hrige <strong>Manuel Zebandt<\/strong> zeigte sein Talent und wurde in der Gruppe A (17 Teilnehmer) Gruppensieger (5,0 Punkte aus 7,0). Die 14j\u00e4hrige <strong>Mirjam Zell<\/strong> und ihre zehnj\u00e4hrige Schwester <strong>Hannah<\/strong> landeten auf den Pl\u00e4tzen zehn (3,5 Punkte aus 7,0) und zw\u00f6lf (3,0 Punkte aus 7,0). Der zehnj\u00e4hrige <strong>Max Rieger<\/strong> belegte Platz 16 (2,0 Punkte aus 7,0). In der Gruppe B (23 Teilnehmer) belegte der achtj\u00e4hrige <strong>Felix Rieger<\/strong> Platz 16 (3,0 Punkte aus 7,0).<\/p>\n<p>In der Gesamtwertung (nach f\u00fcnf Turnieren) belegen die f\u00fcnf Jedesheimer folgende Pl\u00e4tze:<\/p>\n<table style=\"height: 199px;\" width=\"466\">\n<tbody>\n<tr>\n<td>\u00a0<span style=\"text-decoration: underline;\"><strong>Gruppe A<\/strong><\/span><\/td>\n<td><\/td>\n<td><\/td>\n<td><\/td>\n<\/tr>\n<tr>\n<td>\u00a0U18w<\/td>\n<td>2. Platz<\/td>\n<td><strong>Mirjam Zell<\/strong><\/td>\n<td>38 Pkt.<\/td>\n<\/tr>\n<tr>\n<td>\u00a0U12w<\/td>\n<td>1. Platz<\/td>\n<td><strong>Hannah Zell<\/strong><\/td>\n<td>44 Pkt.<\/td>\n<\/tr>\n<tr>\n<td>\u00a0U12m<\/td>\n<td>1. Platz<\/td>\n<td><strong>Manuel Zebandt<\/strong><\/td>\n<td>44 Pkt.<\/td>\n<\/tr>\n<tr>\n<td>\u00a0U12m<\/td>\n<td>4. Platz<\/td>\n<td><strong>Max Rieger<\/strong><\/td>\n<td>26 Pkt.<\/td>\n<\/tr>\n<tr>\n<td><span style=\"text-decoration: underline;\"><strong>Gruppe B<\/strong><\/span><\/td>\n<td><\/td>\n<td><\/td>\n<td><\/td>\n<\/tr>\n<tr>\n<td>U10m<\/td>\n<td>3. Platz<\/td>\n<td><strong>Felix Rieger<\/strong><\/td>\n<td>34 Pkt.<\/td>\n<\/tr>\n<\/tbody>\n<\/table>\n<p>&nbsp;<\/p>\n","protected":false},"excerpt":{"rendered":"<p>Am Samstag, dem 14. M\u00e4rz 2015 waren der Schachclub Leutkirch Ausrichter des f\u00fcnften und letzten Jugendschachturniers der Saison 2014\/2015 der Region Oberschwaben S\u00fcd. Vierzig Kinder und Jugendliche spielten in den Altersklassen U18, U14, U12&#46;&#46;&#46;<\/p>\n","protected":false},"author":9,"featured_media":3845,"comment_status":"open","ping_status":"open","sticky":false,"template":"","format":"standard","meta":{"_price":"","_stock":"","_tribe_ticket_header":"","_tribe_default_ticket_provider":"","_tribe_ticket_capacity":"0","_ticket_start_date":"","_ticket_end_date":"","_tribe_ticket_show_description":"","_tribe_ticket_show_not_going":false,"_tribe_ticket_use_global_stock":"","_tribe_ticket_global_stock_level":"","_global_stock_mode":"","_global_stock_cap":"","_tribe_rsvp_for_event":"","_tribe_ticket_going_count":"","_tribe_ticket_not_going_count":"","_tribe_tickets_list":"[]","_tribe_ticket_has_attendee_info_fields":false,"footnotes":""},"categories":[4],"tags":[],"class_list":["post-3837","post","type-post","status-publish","format-standard","has-post-thumbnail","hentry","category-jugend"],"_links":{"self":[{"href":"https:\/\/schach-jedesheim.de\/index.php?rest_route=\/wp\/v2\/posts\/3837","targetHints":{"allow":["GET"]}}],"collection":[{"href":"https:\/\/schach-jedesheim.de\/index.php?rest_route=\/wp\/v2\/posts"}],"about":[{"href":"https:\/\/schach-jedesheim.de\/index.php?rest_route=\/wp\/v2\/types\/post"}],"author":[{"embeddable":true,"href":"https:\/\/schach-jedesheim.de\/index.php?rest_route=\/wp\/v2\/users\/9"}],"replies":[{"embeddable":true,"href":"https:\/\/schach-jedesheim.de\/index.php?rest_route=%2Fwp%2Fv2%2Fcomments&post=3837"}],"version-history":[{"count":12,"href":"https:\/\/schach-jedesheim.de\/index.php?rest_route=\/wp\/v2\/posts\/3837\/revisions"}],"predecessor-version":[{"id":3870,"href":"https:\/\/schach-jedesheim.de\/index.php?rest_route=\/wp\/v2\/posts\/3837\/revisions\/3870"}],"wp:featuredmedia":[{"embeddable":true,"href":"https:\/\/schach-jedesheim.de\/index.php?rest_route=\/wp\/v2\/media\/3845"}],"wp:attachment":[{"href":"https:\/\/schach-jedesheim.de\/index.php?rest_route=%2Fwp%2Fv2%2Fmedia&parent=3837"}],"wp:term":[{"taxonomy":"category","embeddable":true,"href":"https:\/\/schach-jedesheim.de\/index.php?rest_route=%2Fwp%2Fv2%2Fcategories&post=3837"},{"taxonomy":"post_tag","embeddable":true,"href":"https:\/\/schach-jedesheim.de\/index.php?rest_route=%2Fwp%2Fv2%2Ftags&post=3837"}],"curies":[{"name":"wp","href":"https:\/\/api.w.org\/{rel}","templated":true}]}}