{"id":4596,"date":"2015-09-13T23:51:40","date_gmt":"2015-09-13T23:51:40","guid":{"rendered":"http:\/\/schach-jedesheim.de\/?p=4596"},"modified":"2020-06-14T18:40:24","modified_gmt":"2020-06-14T17:40:24","slug":"saisoneroeffnung-und-herbstfest","status":"publish","type":"post","link":"https:\/\/schach-jedesheim.de\/?p=4596","title":{"rendered":"33. Sommerfest 2015 &#8211; diesmal im Herbst"},"content":{"rendered":"<p><a href=\"http:\/\/schach-jedesheim.de\/wp-content\/uploads\/2015\/08\/Saisoner\u00f6ffnung-2015.jpg\" rel=\"lightbox[4596]\"><img loading=\"lazy\" decoding=\"async\" class=\"alignleft size-medium wp-image-4599\" src=\"http:\/\/schach-jedesheim.de\/wp-content\/uploads\/2015\/08\/Saisoner\u00f6ffnung-2015-208x300.jpg\" alt=\"Saisoner\u00f6ffnung 2015\" width=\"208\" height=\"300\" srcset=\"https:\/\/schach-jedesheim.de\/wp-content\/uploads\/2015\/08\/Saisoner\u00f6ffnung-2015-208x300.jpg 208w, https:\/\/schach-jedesheim.de\/wp-content\/uploads\/2015\/08\/Saisoner\u00f6ffnung-2015.jpg 554w\" sizes=\"auto, (max-width: 208px) 100vw, 208px\" \/><\/a><\/p>\n<p>Gab es bisher das Sommerfest zum Saisonende im Juli \u2013 so haben wir in diesmal die Saisoner\u00f6ffnung mit dem sog. Herbstfest im September gefeiert. Das kam bei<\/p>\n<div id=\"attachment_2351\" style=\"width: 160px\" class=\"wp-caption alignright\"><a href=\"http:\/\/jalbum.net\/a\/1659184\" target=\"_blank\" rel=\"noopener noreferrer\"><img loading=\"lazy\" decoding=\"async\" aria-describedby=\"caption-attachment-2351\" class=\"size-thumbnail wp-image-2351\" src=\"http:\/\/schach-jedesheim.de\/wp-content\/uploads\/2013\/07\/camera-8-150x150.png\" alt=\"Foto-Album Saisoner\u00f6ffnung 2015\" width=\"150\" height=\"150\" \/><\/a><p id=\"caption-attachment-2351\" class=\"wp-caption-text\">Foto-Album Saisoner\u00f6ffnung 2015<\/p><\/div>\n<p>den Mitgliedern sehr gut an &#8211; der Zuspruch war mit 45 Teilnehmern erfreulich hoch. So entwickelten sich bei Spanferkel, mitgebrachten Salaten und Freibier kurzweilige Gespr\u00e4che und nat\u00fcrlich gab es auch einige Blitzpartien zwischendurch.<\/p>\n<p>Als neue Mitglieder wurden <strong>Dietmar Seitz<\/strong> (2. Mannschaft), <strong>Reinhard Frommer<\/strong> (4. Mannschaft) pers\u00f6nlich begr\u00fc\u00dft und vorgestellt. Aber auch zwei besondere Ehrungen standen auf dem Programm: F\u00fcr 40 Jahre Mitgliedschaft im Sportverein Jedesheim wurden <strong>Georg Schm\u00f6lzer<\/strong> und <strong>Stefan Stark<\/strong> ausgezeichnet.<br \/>\nBeide sind bis heute aktiv und blicken auch auf eine langj\u00e4hrige Funktion\u00e4rst\u00e4tigkeit zur\u00fcck. Bereits 1975 bekleidete Georg das Amt des Schriftf\u00fchrers und Stefan war von 1975 bis 2012 Materialwart der Schachabteilung. 12 Jahre \u2013 von 1987 bis 1999 war Georg Schm\u00f6lzer Abteilungsleiter und ab 1999 bis heute ist der der Kassier der Abteilung Schach.<br \/>\nZudem wurde die Siegerehrung im K\u00f6nigspokal durchgef\u00fchrt. Zum erstenmal konnte sich <strong>Markus Eichhorn<\/strong> in die Siegerliste eintragen. Er kann das Endspiel gegen Titelverteidiger <strong>Florian L\u00f6ffler<\/strong>.<\/p>\n","protected":false},"excerpt":{"rendered":"<p>Gab es bisher das Sommerfest zum Saisonende im Juli \u2013 so haben wir in diesmal die Saisoner\u00f6ffnung mit dem sog. Herbstfest im September gefeiert. Das kam bei den Mitgliedern sehr gut an &#8211; der&#46;&#46;&#46;<\/p>\n","protected":false},"author":1,"featured_media":11546,"comment_status":"closed","ping_status":"closed","sticky":false,"template":"","format":"standard","meta":{"_price":"","_stock":"","_tribe_ticket_header":"","_tribe_default_ticket_provider":"","_tribe_ticket_capacity":"0","_ticket_start_date":"","_ticket_end_date":"","_tribe_ticket_show_description":"","_tribe_ticket_show_not_going":false,"_tribe_ticket_use_global_stock":"","_tribe_ticket_global_stock_level":"","_global_stock_mode":"","_global_stock_cap":"","_tribe_rsvp_for_event":"","_tribe_ticket_going_count":"","_tribe_ticket_not_going_count":"","_tribe_tickets_list":"[]","_tribe_ticket_has_attendee_info_fields":false,"footnotes":""},"categories":[8],"tags":[],"class_list":["post-4596","post","type-post","status-publish","format-standard","has-post-thumbnail","hentry","category-gartenfest"],"_links":{"self":[{"href":"https:\/\/schach-jedesheim.de\/index.php?rest_route=\/wp\/v2\/posts\/4596","targetHints":{"allow":["GET"]}}],"collection":[{"href":"https:\/\/schach-jedesheim.de\/index.php?rest_route=\/wp\/v2\/posts"}],"about":[{"href":"https:\/\/schach-jedesheim.de\/index.php?rest_route=\/wp\/v2\/types\/post"}],"author":[{"embeddable":true,"href":"https:\/\/schach-jedesheim.de\/index.php?rest_route=\/wp\/v2\/users\/1"}],"replies":[{"embeddable":true,"href":"https:\/\/schach-jedesheim.de\/index.php?rest_route=%2Fwp%2Fv2%2Fcomments&post=4596"}],"version-history":[{"count":19,"href":"https:\/\/schach-jedesheim.de\/index.php?rest_route=\/wp\/v2\/posts\/4596\/revisions"}],"predecessor-version":[{"id":11547,"href":"https:\/\/schach-jedesheim.de\/index.php?rest_route=\/wp\/v2\/posts\/4596\/revisions\/11547"}],"wp:featuredmedia":[{"embeddable":true,"href":"https:\/\/schach-jedesheim.de\/index.php?rest_route=\/wp\/v2\/media\/11546"}],"wp:attachment":[{"href":"https:\/\/schach-jedesheim.de\/index.php?rest_route=%2Fwp%2Fv2%2Fmedia&parent=4596"}],"wp:term":[{"taxonomy":"category","embeddable":true,"href":"https:\/\/schach-jedesheim.de\/index.php?rest_route=%2Fwp%2Fv2%2Fcategories&post=4596"},{"taxonomy":"post_tag","embeddable":true,"href":"https:\/\/schach-jedesheim.de\/index.php?rest_route=%2Fwp%2Fv2%2Ftags&post=4596"}],"curies":[{"name":"wp","href":"https:\/\/api.w.org\/{rel}","templated":true}]}}