{"id":4964,"date":"2015-12-29T22:49:54","date_gmt":"2015-12-29T22:49:54","guid":{"rendered":"http:\/\/schach-jedesheim.de\/?p=4964"},"modified":"2020-06-07T11:55:50","modified_gmt":"2020-06-07T10:55:50","slug":"bjem-2015-jedesheim-mit-6-teilnehmern-in-biberach-vertreten","status":"publish","type":"post","link":"https:\/\/schach-jedesheim.de\/?p=4964","title":{"rendered":"BJEM 2015: Vier Titel und alle sechs Teilnehmer f\u00fcr die WJEM qualifiziert"},"content":{"rendered":"<p>Vom 28.-30. Dezember 2015 fanden in Biberach\/Ri\u00df die oberschw\u00e4bischen Bezirksjugendeinzelmeisterschaften (BJEM) statt.<\/p>\n<p>Kinder und Jugendliche aus dem Bezirk Oberschwaben spielten in den Altersklassen U18, U16, U14, U12, U10 und U8 um die zw\u00f6lf zu vergebenden Meistertitel. Gespielt wurde in den Altersklassen U8\/10 und U18 jeweils ein Rundenturnier (jeder gegen jeden), in der U12 ein Turnier mit sieben Runden im Schweizer System und in der Altersklasse U14 und U16 ein Turnier mit 5 Runden nach Schweizer System. Die Bedenkzeit betrug bei der U8\/10 und U12 je 60 Minuten pro Spieler und Partie, ab der U14 je 90 Minuten pro Spieler und Partie plus 30 Minuten nach 30 Z\u00fcgen.<\/p>\n<p>Vom SV Jedesheim konnten sich dieses Jahr sechs Spieler qualifizieren: in der Altersklasse U16w <strong>Mirjam Zell<\/strong>, U14 <strong>Thomas Lang<\/strong>, U12w <strong>Hannah Zell<\/strong>, U12 <strong>Max Gr\u00fcnwald<\/strong>, <strong>Max Rieger<\/strong> und in der U10 <strong>Felix Rieger<\/strong>.<\/p>\n<p><!--more--><\/p>\n<p><span style=\"text-decoration: underline;\">1. Tag, 28.12.2015:<\/span><br \/>\n<strong>Mirjam Zell<\/strong> und <strong>Thomas Lang<\/strong> konnten jeweils ihr erstes Spiel gewinnen.<br \/>\n<strong>Max Gr\u00fcnwald<\/strong>, <strong>Hannah Zell<\/strong> und <strong>Max Rieger<\/strong> mussten jeweils zwei Spiele absolvieren, welche alle gewonnen wurden.<br \/>\n<strong>Felix Rieger<\/strong> hatte aufgrund der ungeraden Spieleranzahl (9 Spieler) in der ersten Runde spielfrei und gewann dann ebenfalls sein erstes Spiel.<\/p>\n<p><span style=\"text-decoration: underline;\">2. Tag, 29.12.2015:<\/span><br \/>\n<strong>Mirjam Zell<\/strong> holte einen Punkt aus Zwei, <strong>Thomas Lang<\/strong> gewann beide Spiele.<br \/>\n<strong>Max Gr\u00fcnwald<\/strong> und <strong>Hannah Zell<\/strong> konnten je ein Spiel gewinnen und spielten gegeneinander Remis. <strong>Max Rieger<\/strong> musste sich <strong>Max Gr\u00fcnwald<\/strong> geschlagen geben, konnte aber das zweite Spiel des Tages f\u00fcr sich entscheiden.<br \/>\n<strong>Felix Rieger<\/strong> absolvierte alle Spiele erfolgreich und sicherte sich damit vier Punkte.<\/p>\n<p><span style=\"text-decoration: underline;\">3. Tag, 30.12.2015:<\/span><br \/>\n<strong>Mirjam Zell<\/strong> konnte heute beide Spiele gewinnen und belegte am Ende nur aufgrund schlechterer Buchholzpunkte punktgleich mit dem Erstplazierten den zweiten Platz in der Gesamtwertung U16, konnte aber den Bezirksmeistertitel U16 weiblich mit nach Hause nehmen,<br \/>\n<strong>Thomas Lang<\/strong> gewann ebenfalls beide Spiele und belegte ohne Punktverlust den ersten Rang in der Gesamtwertung U14 und ist damit Bezirksjugendmeister U14.<br \/>\n<strong>Max Gr\u00fcnwald<\/strong> ging heute aus allen drei Spielen als Sieger hervor und belegte souver\u00e4n den ersten Platz in der Gesamtwertung U12. <strong>Hannah Zell<\/strong> und <strong>Max Rieger<\/strong> erspielten jeweils zwei Remis und einen Sieg. <strong>Hannah<\/strong> wurde damit zweite in der Gesamtwertung U12 und als mit Abstand bestes M\u00e4dchen Bezirksjugendmeisterin U12 weiblich. <strong>Max<\/strong> hingegen konnte sich damit den dritten Platz in der Gesamtwertung U12 (Platz zwei bei U12 m\u00e4nnlich) sichern.<br \/>\n<strong>Felix Rieger<\/strong> musste heute leider zwei von drei Spielen abgeben und fiel so in der Gesamtwertung U8\/10 noch auf den dritten Rang zur\u00fcck. Er belegte damit am Ende den zweiten Platz in der Bezirksjugendmeisterschaft U10 m\u00e4nnlich.<br \/>\nAlle Spieler haben sich damit f\u00fcr die w\u00fcrttembergische Jugendeinzelmeisterschaft (WJEM) qualifiziert. Herzlichen Gl\u00fcckwunsch an alle Jedesheimer Teilnehmer.<\/p>\n<p><a href=\"http:\/\/www.svw.info\/bezirke\/os\/11313-oberschwaebische-bjem-hat-begonnen\" target=\"_blank\" rel=\"noopener noreferrer\">Informationen beim Schachverband W\u00fcrttemberg e.V.<\/a><\/p>\n    <style>      #bwg_container1_0 #bwg_container2_0 .bwg_standart_thumbnails_0 * {        -moz-box-sizing: border-box;        box-sizing: border-box;      }      #bwg_container1_0 #bwg_container2_0 .bwg_standart_thumb_spun1_0 {        -moz-box-sizing: content-box;        box-sizing: content-box;        background-color: #FFFFFF;        display: inline-block;        height: 90px;        margin: 4px;        padding: 0px;        opacity: 1.00;        filter: Alpha(opacity=100);        text-align: center;        vertical-align: middle;        transition: all 0.3s ease 0s;-webkit-transition: all 0.3s ease 0s;        width: 180px;        z-index: 100;      }      #bwg_container1_0 #bwg_container2_0 .bwg_standart_thumb_spun1_0:hover {        -ms-transform: scale(1.1);        -webkit-transform: scale(1.1);        backface-visibility: hidden;        -webkit-backface-visibility: hidden;        -moz-backface-visibility: hidden;        -ms-backface-visibility: hidden;        opacity: 1;        filter: Alpha(opacity=100);        transform: scale(1.1);        z-index: 102;        position: relative;      }      #bwg_container1_0 #bwg_container2_0 .bwg_standart_thumb_spun2_0 {        border: 0px none #CCCCCC;        border-radius: 0;        box-shadow: 0px 0px 0px #888888;        display: inline-block;        height: 90px;        overflow: hidden;        width: 180px;      }      #bwg_container1_0 #bwg_container2_0 .bwg_standart_thumbnails_0 {        background-color: rgba(255, 255, 255, 0.00);        display: inline-block;        font-size: 0;        max-width: 960px;        text-align: center;      }      #bwg_container1_0 #bwg_container2_0 .bwg_standart_thumb_0 {        display: inline-block;        text-align: center;      }              #bwg_container1_0 #bwg_container2_0 .bwg_title_spun1_0 {          display: table;          height: inherit;          left: -3000px;          opacity: 0;          filter: Alpha(opacity=0);          position: absolute;          top: 0px;          width: inherit;        }              #bwg_container1_0 #bwg_container2_0 .bwg_standart_thumb_spun1_0:hover .bwg_title_spun1_0 {        left: 0px;        top: 0px;        opacity: 1;        filter: Alpha(opacity=100);      }      #bwg_container1_0 #bwg_container2_0 .bwg_title_spun2_0 {        color: #CCCCCC;        display: table-cell;        font-family: segoe ui;        font-size: 16px;        font-weight: bold;        height: inherit;        padding: 2px;        text-shadow: 0px 0px 0px #888888;        vertical-align: middle;        width: inherit;        word-wrap: break-word;      }      \/*pagination styles*\/      #bwg_container1_0 #bwg_container2_0 .tablenav-pages_0 {        text-align: center;        font-size: 12px;        font-family: segoe ui;        font-weight: bold;        color: #666666;        margin: 6px 0 4px;        display: block;        height: 30px;        line-height: 30px;      }      @media only screen and (max-width : 320px) {        #bwg_container1_0 #bwg_container2_0 .displaying-num_0 {          display: none;        }      }      #bwg_container1_0 #bwg_container2_0 .displaying-num_0 {        font-size: 12px;        font-family: segoe ui;        font-weight: bold;        color: #666666;        margin-right: 10px;        vertical-align: middle;      }      #bwg_container1_0 #bwg_container2_0 .paging-input_0 {        font-size: 12px;        font-family: segoe ui;        font-weight: bold;        color: #666666;        vertical-align: middle;      }      #bwg_container1_0 #bwg_container2_0 .tablenav-pages_0 a.disabled,      #bwg_container1_0 #bwg_container2_0 .tablenav-pages_0 a.disabled:hover,      #bwg_container1_0 #bwg_container2_0 .tablenav-pages_0 a.disabled:focus {        cursor: default;        color: rgba(102, 102, 102, 0.5);      }      #bwg_container1_0 #bwg_container2_0 .tablenav-pages_0 a {        cursor: pointer;        font-size: 12px;        font-family: segoe ui;        font-weight: bold;        color: #666666;        text-decoration: none;        padding: 3px 6px;        margin: 0;        border-radius: 0;        border-style: solid;        border-width: 1px;        border-color: #E3E3E3;        background-color: #FFFFFF;        opacity: 1.00;        filter: Alpha(opacity=100);        box-shadow: 0;        transition: all 0.3s ease 0s;-webkit-transition: all 0.3s ease 0s;      }      #bwg_container1_0 #bwg_container2_0 .bwg_back_0 {        background-color: rgba(0, 0, 0, 0);        color: #000000 !important;        cursor: pointer;        display: block;        font-family: segoe ui;        font-size: 16px;        font-weight: bold;        text-decoration: none;        padding: 0;      }      #bwg_container1_0 #bwg_container2_0 #spider_popup_overlay_0 {        background-color: #000000;        opacity: 0.70;        filter: Alpha(opacity=70);      }     .bwg_play_icon_spun_0 {        width: inherit;        height: inherit;        display: table;        position: absolute;      }\t      .bwg_play_icon_0 {        color: #CCCCCC;        font-size: 32px;        vertical-align: middle;        display: table-cell !important;        z-index: 1;        text-align: center;        margin: 0 auto;      }    <\/style>    <div id=\"bwg_container1_0\">      <div id=\"bwg_container2_0\">        <form id=\"gal_front_form_0\" method=\"post\" action=\"#\">                    <div class=\"bwg_back_0\"><\/div>          <div style=\"background-color:rgba(0, 0, 0, 0); text-align: center; width:100%; position: relative;\">            <div id=\"ajax_loading_0\" style=\"position:absolute;width: 100%; z-index: 115; text-align: center; height: 100%; vertical-align: middle; display:none;\">              <div style=\"display: table; vertical-align: middle; width: 100%; height: 100%; background-color: #FFFFFF; opacity: 0.7; filter: Alpha(opacity=70);\">                <div style=\"display: table-cell; text-align: center; position: relative; vertical-align: middle;\" >                  <div id=\"loading_div_0\" class=\"spider_ajax_loading\" style=\"display: inline-block; text-align:center; position:relative; vertical-align:middle; background-image:url(https:\/\/schach-jedesheim.de\/wp-content\/plugins\/photo-gallery\/images\/ajax_loader.png); float: none; width:50px;height:50px;background-size:50px 50px;\">                  <\/div>                <\/div>              <\/div>            <\/div>                        <div id=\"bwg_standart_thumbnails_0\" class=\"bwg_standart_thumbnails_0\">                              <a  class=\"bwg_lightbox_0\" href=\"https:\/\/schach-jedesheim.de\/wp-content\/uploads\/photo-gallery\/IMG_2200_B.JPG\" data-image-id=\"32\" rel=\"lightbox[4964]\">                  <span class=\"bwg_standart_thumb_0\">                                        <span class=\"bwg_standart_thumb_spun1_0\">                      <span class=\"bwg_standart_thumb_spun2_0\">                                                  <span class=\"bwg_title_spun1_0\">                            <span class=\"bwg_title_spun2_0\">                              Siegergruppe U8\/U10                                  <\/span>                          <\/span>                                                  <img decoding=\"async\" class=\"bwg_standart_thumb_img_0 bwg_img_clear bwg_img_custom\" style=\"width:180px; height:119.4px; margin-left: 0px; margin-top: -14.7px;\" id=\"32\" src=\"https:\/\/schach-jedesheim.de\/wp-content\/uploads\/photo-gallery\/thumb\/IMG_2200_B.JPG\" alt=\"Siegergruppe U8\/U10      \" \/>                      <\/span>                    <\/span>                                      <\/span>                <\/a>                                <a  class=\"bwg_lightbox_0\" href=\"https:\/\/schach-jedesheim.de\/wp-content\/uploads\/photo-gallery\/DSC00478.JPG\" data-image-id=\"31\" rel=\"lightbox[4964]\">                  <span class=\"bwg_standart_thumb_0\">                                        <span class=\"bwg_standart_thumb_spun1_0\">                      <span class=\"bwg_standart_thumb_spun2_0\">                                                  <span class=\"bwg_title_spun1_0\">                            <span class=\"bwg_title_spun2_0\">                              Felix                                   <\/span>                          <\/span>                                                  <img decoding=\"async\" class=\"bwg_standart_thumb_img_0 bwg_img_clear bwg_img_custom\" style=\"width:180px; height:270px; margin-left: 0px; margin-top: -90px;\" id=\"31\" src=\"https:\/\/schach-jedesheim.de\/wp-content\/uploads\/photo-gallery\/thumb\/DSC00478.JPG\" alt=\"Felix       \" \/>                      <\/span>                    <\/span>                                      <\/span>                <\/a>                                <a  class=\"bwg_lightbox_0\" href=\"https:\/\/schach-jedesheim.de\/wp-content\/uploads\/photo-gallery\/IMG_6888.JPG\" data-image-id=\"30\" rel=\"lightbox[4964]\">                  <span class=\"bwg_standart_thumb_0\">                                        <span class=\"bwg_standart_thumb_spun1_0\">                      <span class=\"bwg_standart_thumb_spun2_0\">                                                  <span class=\"bwg_title_spun1_0\">                            <span class=\"bwg_title_spun2_0\">                              die Jedesheimer Teilnehmer v.l.n.r. Mirjam, Felix, Max, Hannah, Thomas und Max                                    <\/span>                          <\/span>                                                  <img decoding=\"async\" class=\"bwg_standart_thumb_img_0 bwg_img_clear bwg_img_custom\" style=\"width:180px; height:135px; margin-left: 0px; margin-top: -22.5px;\" id=\"30\" src=\"https:\/\/schach-jedesheim.de\/wp-content\/uploads\/photo-gallery\/thumb\/IMG_6888.JPG\" alt=\"die Jedesheimer Teilnehmer v.l.n.r. Mirjam, Felix, Max, Hannah, Thomas und Max        \" \/>                      <\/span>                    <\/span>                                      <\/span>                <\/a>                                <a  class=\"bwg_lightbox_0\" href=\"https:\/\/schach-jedesheim.de\/wp-content\/uploads\/photo-gallery\/IMG_6881.JPG\" data-image-id=\"29\" rel=\"lightbox[4964]\">                  <span class=\"bwg_standart_thumb_0\">                                        <span class=\"bwg_standart_thumb_spun1_0\">                      <span class=\"bwg_standart_thumb_spun2_0\">                                                  <span class=\"bwg_title_spun1_0\">                            <span class=\"bwg_title_spun2_0\">                              Siegerfoto U16                                  <\/span>                          <\/span>                                                  <img decoding=\"async\" class=\"bwg_standart_thumb_img_0 bwg_img_clear bwg_img_custom\" style=\"width:180px; height:132.6px; margin-left: 0px; margin-top: -21.3px;\" id=\"29\" src=\"https:\/\/schach-jedesheim.de\/wp-content\/uploads\/photo-gallery\/thumb\/IMG_6881.JPG\" alt=\"Siegerfoto U16      \" \/>                      <\/span>                    <\/span>                                      <\/span>                <\/a>                                <a  class=\"bwg_lightbox_0\" href=\"https:\/\/schach-jedesheim.de\/wp-content\/uploads\/photo-gallery\/IMG_6877.JPG\" data-image-id=\"28\" rel=\"lightbox[4964]\">                  <span class=\"bwg_standart_thumb_0\">                                        <span class=\"bwg_standart_thumb_spun1_0\">                      <span class=\"bwg_standart_thumb_spun2_0\">                                                  <span class=\"bwg_title_spun1_0\">                            <span class=\"bwg_title_spun2_0\">                              Mirjam erh\u00e4lt den Pokal                                     <\/span>                          <\/span>                                                  <img decoding=\"async\" class=\"bwg_standart_thumb_img_0 bwg_img_clear bwg_img_custom\" style=\"width:180px; height:240px; margin-left: 0px; margin-top: -75px;\" id=\"28\" src=\"https:\/\/schach-jedesheim.de\/wp-content\/uploads\/photo-gallery\/thumb\/IMG_6877.JPG\" alt=\"Mirjam erh\u00e4lt den Pokal         \" \/>                      <\/span>                    <\/span>                                      <\/span>                <\/a>                                <a  class=\"bwg_lightbox_0\" href=\"https:\/\/schach-jedesheim.de\/wp-content\/uploads\/photo-gallery\/IMG_6874.JPG\" data-image-id=\"27\" rel=\"lightbox[4964]\">                  <span class=\"bwg_standart_thumb_0\">                                        <span class=\"bwg_standart_thumb_spun1_0\">                      <span class=\"bwg_standart_thumb_spun2_0\">                                                  <span class=\"bwg_title_spun1_0\">                            <span class=\"bwg_title_spun2_0\">                              Siegerfoto U14                                  <\/span>                          <\/span>                                                  <img decoding=\"async\" class=\"bwg_standart_thumb_img_0 bwg_img_clear bwg_img_custom\" style=\"width:180px; height:192.85714285714px; margin-left: 0px; margin-top: -51.428571428571px;\" id=\"27\" src=\"https:\/\/schach-jedesheim.de\/wp-content\/uploads\/photo-gallery\/thumb\/IMG_6874.JPG\" alt=\"Siegerfoto U14      \" \/>                      <\/span>                    <\/span>                                      <\/span>                <\/a>                                <a  class=\"bwg_lightbox_0\" href=\"https:\/\/schach-jedesheim.de\/wp-content\/uploads\/photo-gallery\/IMG_6872.JPG\" data-image-id=\"26\" rel=\"lightbox[4964]\">                  <span class=\"bwg_standart_thumb_0\">                                        <span class=\"bwg_standart_thumb_spun1_0\">                      <span class=\"bwg_standart_thumb_spun2_0\">                                                  <span class=\"bwg_title_spun1_0\">                            <span class=\"bwg_title_spun2_0\">                              Thomas Lang mit Urkunde und Pokal                                   <\/span>                          <\/span>                                                  <img decoding=\"async\" class=\"bwg_standart_thumb_img_0 bwg_img_clear bwg_img_custom\" style=\"width:180px; height:260.86956521739px; margin-left: 0px; margin-top: -85.434782608696px;\" id=\"26\" src=\"https:\/\/schach-jedesheim.de\/wp-content\/uploads\/photo-gallery\/thumb\/IMG_6872.JPG\" alt=\"Thomas Lang mit Urkunde und Pokal       \" \/>                      <\/span>                    <\/span>                                      <\/span>                <\/a>                                <a  class=\"bwg_lightbox_0\" href=\"https:\/\/schach-jedesheim.de\/wp-content\/uploads\/photo-gallery\/IMG_6871.JPG\" data-image-id=\"25\" rel=\"lightbox[4964]\">                  <span class=\"bwg_standart_thumb_0\">                                        <span class=\"bwg_standart_thumb_spun1_0\">                      <span class=\"bwg_standart_thumb_spun2_0\">                                                  <span class=\"bwg_title_spun1_0\">                            <span class=\"bwg_title_spun2_0\">                              Siegerfoto U12                                   <\/span>                          <\/span>                                                  <img decoding=\"async\" class=\"bwg_standart_thumb_img_0 bwg_img_clear bwg_img_custom\" style=\"width:180px; height:134.4px; margin-left: 0px; margin-top: -22.2px;\" id=\"25\" src=\"https:\/\/schach-jedesheim.de\/wp-content\/uploads\/photo-gallery\/thumb\/IMG_6871.JPG\" alt=\"Siegerfoto U12       \" \/>                      <\/span>                    <\/span>                                      <\/span>                <\/a>                                <a  class=\"bwg_lightbox_0\" href=\"https:\/\/schach-jedesheim.de\/wp-content\/uploads\/photo-gallery\/IMG_6869.JPG\" data-image-id=\"24\" rel=\"lightbox[4964]\">                  <span class=\"bwg_standart_thumb_0\">                                        <span class=\"bwg_standart_thumb_spun1_0\">                      <span class=\"bwg_standart_thumb_spun2_0\">                                                  <span class=\"bwg_title_spun1_0\">                            <span class=\"bwg_title_spun2_0\">                              Max Rieger mit Urkunde und Pokal                                     <\/span>                          <\/span>                                                  <img decoding=\"async\" class=\"bwg_standart_thumb_img_0 bwg_img_clear bwg_img_custom\" style=\"width:180px; height:275.51020408163px; margin-left: 0px; margin-top: -92.755102040816px;\" id=\"24\" src=\"https:\/\/schach-jedesheim.de\/wp-content\/uploads\/photo-gallery\/thumb\/IMG_6869.JPG\" alt=\"Max Rieger mit Urkunde und Pokal         \" \/>                      <\/span>                    <\/span>                                      <\/span>                <\/a>                                <a  class=\"bwg_lightbox_0\" href=\"https:\/\/schach-jedesheim.de\/wp-content\/uploads\/photo-gallery\/IMG_6867.JPG\" data-image-id=\"23\" rel=\"lightbox[4964]\">                  <span class=\"bwg_standart_thumb_0\">                                        <span class=\"bwg_standart_thumb_spun1_0\">                      <span class=\"bwg_standart_thumb_spun2_0\">                                                  <span class=\"bwg_title_spun1_0\">                            <span class=\"bwg_title_spun2_0\">                              Hannah erh\u00e4lt die Urkunde und den Pokal                                  <\/span>                          <\/span>                                                  <img decoding=\"async\" class=\"bwg_standart_thumb_img_0 bwg_img_clear bwg_img_custom\" style=\"width:180px; height:296.7032967033px; margin-left: 0px; margin-top: -103.35164835165px;\" id=\"23\" src=\"https:\/\/schach-jedesheim.de\/wp-content\/uploads\/photo-gallery\/thumb\/IMG_6867.JPG\" alt=\"Hannah erh\u00e4lt die Urkunde und den Pokal      \" \/>                      <\/span>                    <\/span>                                      <\/span>                <\/a>                                <a  class=\"bwg_lightbox_0\" href=\"https:\/\/schach-jedesheim.de\/wp-content\/uploads\/photo-gallery\/IMG_6865.JPG\" data-image-id=\"22\" rel=\"lightbox[4964]\">                  <span class=\"bwg_standart_thumb_0\">                                        <span class=\"bwg_standart_thumb_spun1_0\">                      <span class=\"bwg_standart_thumb_spun2_0\">                                                  <span class=\"bwg_title_spun1_0\">                            <span class=\"bwg_title_spun2_0\">                              Pokale                                   <\/span>                          <\/span>                                                  <img decoding=\"async\" class=\"bwg_standart_thumb_img_0 bwg_img_clear bwg_img_custom\" style=\"width:190.14084507042px; height:90px; margin-left: -5.0704225352113px; margin-top: 0px;\" id=\"22\" src=\"https:\/\/schach-jedesheim.de\/wp-content\/uploads\/photo-gallery\/thumb\/IMG_6865.JPG\" alt=\"Pokale       \" \/>                      <\/span>                    <\/span>                                      <\/span>                <\/a>                                <a  class=\"bwg_lightbox_0\" href=\"https:\/\/schach-jedesheim.de\/wp-content\/uploads\/photo-gallery\/IMG_6862.JPG\" data-image-id=\"21\" rel=\"lightbox[4964]\">                  <span class=\"bwg_standart_thumb_0\">                                        <span class=\"bwg_standart_thumb_spun1_0\">                      <span class=\"bwg_standart_thumb_spun2_0\">                                                  <span class=\"bwg_title_spun1_0\">                            <span class=\"bwg_title_spun2_0\">                              Die Sieger des Blitzturniers U12                                  <\/span>                          <\/span>                                                  <img decoding=\"async\" class=\"bwg_standart_thumb_img_0 bwg_img_clear bwg_img_custom\" style=\"width:180px; height:188.81118881119px; margin-left: 0px; margin-top: -49.405594405594px;\" id=\"21\" src=\"https:\/\/schach-jedesheim.de\/wp-content\/uploads\/photo-gallery\/thumb\/IMG_6862.JPG\" alt=\"Die Sieger des Blitzturniers U12      \" \/>                      <\/span>                    <\/span>                                      <\/span>                <\/a>                                <a  class=\"bwg_lightbox_0\" href=\"https:\/\/schach-jedesheim.de\/wp-content\/uploads\/photo-gallery\/IMG_6858.JPG\" data-image-id=\"20\" rel=\"lightbox[4964]\">                  <span class=\"bwg_standart_thumb_0\">                                        <span class=\"bwg_standart_thumb_spun1_0\">                      <span class=\"bwg_standart_thumb_spun2_0\">                                                  <span class=\"bwg_title_spun1_0\">                            <span class=\"bwg_title_spun2_0\">                              Spiellokal U14 bis U18                                  <\/span>                          <\/span>                                                  <img decoding=\"async\" class=\"bwg_standart_thumb_img_0 bwg_img_clear bwg_img_custom\" style=\"width:180px; height:96px; margin-left: 0px; margin-top: -3px;\" id=\"20\" src=\"https:\/\/schach-jedesheim.de\/wp-content\/uploads\/photo-gallery\/thumb\/IMG_6858.JPG\" alt=\"Spiellokal U14 bis U18      \" \/>                      <\/span>                    <\/span>                                      <\/span>                <\/a>                                <a  class=\"bwg_lightbox_0\" href=\"https:\/\/schach-jedesheim.de\/wp-content\/uploads\/photo-gallery\/IMG_6857.JPG\" data-image-id=\"19\" rel=\"lightbox[4964]\">                  <span class=\"bwg_standart_thumb_0\">                                        <span class=\"bwg_standart_thumb_spun1_0\">                      <span class=\"bwg_standart_thumb_spun2_0\">                                                  <span class=\"bwg_title_spun1_0\">                            <span class=\"bwg_title_spun2_0\">                              Mirjam                                   <\/span>                          <\/span>                                                  <img decoding=\"async\" class=\"bwg_standart_thumb_img_0 bwg_img_clear bwg_img_custom\" style=\"width:180px; height:135px; margin-left: 0px; margin-top: -22.5px;\" id=\"19\" src=\"https:\/\/schach-jedesheim.de\/wp-content\/uploads\/photo-gallery\/thumb\/IMG_6857.JPG\" alt=\"Mirjam       \" \/>                      <\/span>                    <\/span>                                      <\/span>                <\/a>                                <a  class=\"bwg_lightbox_0\" href=\"https:\/\/schach-jedesheim.de\/wp-content\/uploads\/photo-gallery\/IMG_6853.JPG\" data-image-id=\"18\" rel=\"lightbox[4964]\">                  <span class=\"bwg_standart_thumb_0\">                                        <span class=\"bwg_standart_thumb_spun1_0\">                      <span class=\"bwg_standart_thumb_spun2_0\">                                                  <span class=\"bwg_title_spun1_0\">                            <span class=\"bwg_title_spun2_0\">                              Hannah                                <\/span>                          <\/span>                                                  <img decoding=\"async\" class=\"bwg_standart_thumb_img_0 bwg_img_clear bwg_img_custom\" style=\"width:180px; height:135px; margin-left: 0px; margin-top: -22.5px;\" id=\"18\" src=\"https:\/\/schach-jedesheim.de\/wp-content\/uploads\/photo-gallery\/thumb\/IMG_6853.JPG\" alt=\"Hannah    \" \/>                      <\/span>                    <\/span>                                      <\/span>                <\/a>                                <a  class=\"bwg_lightbox_0\" href=\"https:\/\/schach-jedesheim.de\/wp-content\/uploads\/photo-gallery\/IMG_6850.JPG\" data-image-id=\"17\" rel=\"lightbox[4964]\">                  <span class=\"bwg_standart_thumb_0\">                                        <span class=\"bwg_standart_thumb_spun1_0\">                      <span class=\"bwg_standart_thumb_spun2_0\">                                                  <span class=\"bwg_title_spun1_0\">                            <span class=\"bwg_title_spun2_0\">                              Hannah                                   <\/span>                          <\/span>                                                  <img decoding=\"async\" class=\"bwg_standart_thumb_img_0 bwg_img_clear bwg_img_custom\" style=\"width:180px; height:135px; margin-left: 0px; margin-top: -22.5px;\" id=\"17\" src=\"https:\/\/schach-jedesheim.de\/wp-content\/uploads\/photo-gallery\/thumb\/IMG_6850.JPG\" alt=\"Hannah       \" \/>                      <\/span>                    <\/span>                                      <\/span>                <\/a>                                <a  class=\"bwg_lightbox_0\" href=\"https:\/\/schach-jedesheim.de\/wp-content\/uploads\/photo-gallery\/IMG_6849.JPG\" data-image-id=\"16\" rel=\"lightbox[4964]\">                  <span class=\"bwg_standart_thumb_0\">                                        <span class=\"bwg_standart_thumb_spun1_0\">                      <span class=\"bwg_standart_thumb_spun2_0\">                                                  <span class=\"bwg_title_spun1_0\">                            <span class=\"bwg_title_spun2_0\">                              Hannah                                   <\/span>                          <\/span>                                                  <img decoding=\"async\" class=\"bwg_standart_thumb_img_0 bwg_img_clear bwg_img_custom\" style=\"width:180px; height:126.6px; margin-left: 0px; margin-top: -18.3px;\" id=\"16\" src=\"https:\/\/schach-jedesheim.de\/wp-content\/uploads\/photo-gallery\/thumb\/IMG_6849.JPG\" alt=\"Hannah       \" \/>                      <\/span>                    <\/span>                                      <\/span>                <\/a>                                <a  class=\"bwg_lightbox_0\" href=\"https:\/\/schach-jedesheim.de\/wp-content\/uploads\/photo-gallery\/IMG_6846.JPG\" data-image-id=\"15\" rel=\"lightbox[4964]\">                  <span class=\"bwg_standart_thumb_0\">                                        <span class=\"bwg_standart_thumb_spun1_0\">                      <span class=\"bwg_standart_thumb_spun2_0\">                                                  <span class=\"bwg_title_spun1_0\">                            <span class=\"bwg_title_spun2_0\">                              Hannah, hinten links Max                                <\/span>                          <\/span>                                                  <img decoding=\"async\" class=\"bwg_standart_thumb_img_0 bwg_img_clear bwg_img_custom\" style=\"width:180px; height:132px; margin-left: 0px; margin-top: -21px;\" id=\"15\" src=\"https:\/\/schach-jedesheim.de\/wp-content\/uploads\/photo-gallery\/thumb\/IMG_6846.JPG\" alt=\"Hannah, hinten links Max    \" \/>                      <\/span>                    <\/span>                                      <\/span>                <\/a>                                <a  class=\"bwg_lightbox_0\" href=\"https:\/\/schach-jedesheim.de\/wp-content\/uploads\/photo-gallery\/IMG_6842.JPG\" data-image-id=\"14\" rel=\"lightbox[4964]\">                  <span class=\"bwg_standart_thumb_0\">                                        <span class=\"bwg_standart_thumb_spun1_0\">                      <span class=\"bwg_standart_thumb_spun2_0\">                                                  <span class=\"bwg_title_spun1_0\">                            <span class=\"bwg_title_spun2_0\">                              Die Teilnehmer der U12                                   <\/span>                          <\/span>                                                  <img decoding=\"async\" class=\"bwg_standart_thumb_img_0 bwg_img_clear bwg_img_custom\" style=\"width:180px; height:135px; margin-left: 0px; margin-top: -22.5px;\" id=\"14\" src=\"https:\/\/schach-jedesheim.de\/wp-content\/uploads\/photo-gallery\/thumb\/IMG_6842.JPG\" alt=\"Die Teilnehmer der U12       \" \/>                      <\/span>                    <\/span>                                      <\/span>                <\/a>                                <a  class=\"bwg_lightbox_0\" href=\"https:\/\/schach-jedesheim.de\/wp-content\/uploads\/photo-gallery\/IMG_6839.JPG\" data-image-id=\"13\" rel=\"lightbox[4964]\">                  <span class=\"bwg_standart_thumb_0\">                                        <span class=\"bwg_standart_thumb_spun1_0\">                      <span class=\"bwg_standart_thumb_spun2_0\">                                                  <span class=\"bwg_title_spun1_0\">                            <span class=\"bwg_title_spun2_0\">                              Mirjam                                <\/span>                          <\/span>                                                  <img decoding=\"async\" class=\"bwg_standart_thumb_img_0 bwg_img_clear bwg_img_custom\" style=\"width:180px; height:135px; margin-left: 0px; margin-top: -22.5px;\" id=\"13\" src=\"https:\/\/schach-jedesheim.de\/wp-content\/uploads\/photo-gallery\/thumb\/IMG_6839.JPG\" alt=\"Mirjam    \" \/>                      <\/span>                    <\/span>                                      <\/span>                <\/a>                                <a  class=\"bwg_lightbox_0\" href=\"https:\/\/schach-jedesheim.de\/wp-content\/uploads\/photo-gallery\/IMG_6838.JPG\" data-image-id=\"12\" rel=\"lightbox[4964]\">                  <span class=\"bwg_standart_thumb_0\">                                        <span class=\"bwg_standart_thumb_spun1_0\">                      <span class=\"bwg_standart_thumb_spun2_0\">                                                  <span class=\"bwg_title_spun1_0\">                            <span class=\"bwg_title_spun2_0\">                              Mirjam gegen Julian Kraft, SV Weingarten                                 <\/span>                          <\/span>                                                  <img decoding=\"async\" class=\"bwg_standart_thumb_img_0 bwg_img_clear bwg_img_custom\" style=\"width:180px; height:135px; margin-left: 0px; margin-top: -22.5px;\" id=\"12\" src=\"https:\/\/schach-jedesheim.de\/wp-content\/uploads\/photo-gallery\/thumb\/IMG_6838.JPG\" alt=\"Mirjam gegen Julian Kraft, SV Weingarten     \" \/>                      <\/span>                    <\/span>                                      <\/span>                <\/a>                                <a  class=\"bwg_lightbox_0\" href=\"https:\/\/schach-jedesheim.de\/wp-content\/uploads\/photo-gallery\/IMG_6836.JPG\" data-image-id=\"11\" rel=\"lightbox[4964]\">                  <span class=\"bwg_standart_thumb_0\">                                        <span class=\"bwg_standart_thumb_spun1_0\">                      <span class=\"bwg_standart_thumb_spun2_0\">                                                  <span class=\"bwg_title_spun1_0\">                            <span class=\"bwg_title_spun2_0\">                              U12                                 <\/span>                          <\/span>                                                  <img decoding=\"async\" class=\"bwg_standart_thumb_img_0 bwg_img_clear bwg_img_custom\" style=\"width:180px; height:103.2px; margin-left: 0px; margin-top: -6.6px;\" id=\"11\" src=\"https:\/\/schach-jedesheim.de\/wp-content\/uploads\/photo-gallery\/thumb\/IMG_6836.JPG\" alt=\"U12     \" \/>                      <\/span>                    <\/span>                                      <\/span>                <\/a>                                <a  class=\"bwg_lightbox_0\" href=\"https:\/\/schach-jedesheim.de\/wp-content\/uploads\/photo-gallery\/IMG_6834.JPG\" data-image-id=\"10\" rel=\"lightbox[4964]\">                  <span class=\"bwg_standart_thumb_0\">                                        <span class=\"bwg_standart_thumb_spun1_0\">                      <span class=\"bwg_standart_thumb_spun2_0\">                                                  <span class=\"bwg_title_spun1_0\">                            <span class=\"bwg_title_spun2_0\">                              Hannah gegen Max Rieger, Max Gr\u00fcnwald gegen Sebastian Roll, SC Tettnang                               <\/span>                          <\/span>                                                  <img decoding=\"async\" class=\"bwg_standart_thumb_img_0 bwg_img_clear bwg_img_custom\" style=\"width:180px; height:146.4px; margin-left: 0px; margin-top: -28.2px;\" id=\"10\" src=\"https:\/\/schach-jedesheim.de\/wp-content\/uploads\/photo-gallery\/thumb\/IMG_6834.JPG\" alt=\"Hannah gegen Max Rieger, Max Gr\u00fcnwald gegen Sebastian Roll, SC Tettnang   \" \/>                      <\/span>                    <\/span>                                      <\/span>                <\/a>                                <a  class=\"bwg_lightbox_0\" href=\"https:\/\/schach-jedesheim.de\/wp-content\/uploads\/photo-gallery\/IMG_6833.JPG\" data-image-id=\"9\" rel=\"lightbox[4964]\">                  <span class=\"bwg_standart_thumb_0\">                                        <span class=\"bwg_standart_thumb_spun1_0\">                      <span class=\"bwg_standart_thumb_spun2_0\">                                                  <span class=\"bwg_title_spun1_0\">                            <span class=\"bwg_title_spun2_0\">                              Mirjam gegen Phillip Buth, SV Weingarten                                <\/span>                          <\/span>                                                  <img decoding=\"async\" class=\"bwg_standart_thumb_img_0 bwg_img_clear bwg_img_custom\" style=\"width:180px; height:148.8px; margin-left: 0px; margin-top: -29.4px;\" id=\"9\" src=\"https:\/\/schach-jedesheim.de\/wp-content\/uploads\/photo-gallery\/thumb\/IMG_6833.JPG\" alt=\"Mirjam gegen Phillip Buth, SV Weingarten    \" \/>                      <\/span>                    <\/span>                                      <\/span>                <\/a>                                <a  class=\"bwg_lightbox_0\" href=\"https:\/\/schach-jedesheim.de\/wp-content\/uploads\/photo-gallery\/IMG_6830.JPG\" data-image-id=\"8\" rel=\"lightbox[4964]\">                  <span class=\"bwg_standart_thumb_0\">                                        <span class=\"bwg_standart_thumb_spun1_0\">                      <span class=\"bwg_standart_thumb_spun2_0\">                                                  <span class=\"bwg_title_spun1_0\">                            <span class=\"bwg_title_spun2_0\">                              Hannah gegen Max                               <\/span>                          <\/span>                                                  <img decoding=\"async\" class=\"bwg_standart_thumb_img_0 bwg_img_clear bwg_img_custom\" style=\"width:180px; height:146.4px; margin-left: 0px; margin-top: -28.2px;\" id=\"8\" src=\"https:\/\/schach-jedesheim.de\/wp-content\/uploads\/photo-gallery\/thumb\/IMG_6830.JPG\" alt=\"Hannah gegen Max   \" \/>                      <\/span>                    <\/span>                                      <\/span>                <\/a>                                <a  class=\"bwg_lightbox_0\" href=\"https:\/\/schach-jedesheim.de\/wp-content\/uploads\/photo-gallery\/IMG_6825.JPG\" data-image-id=\"7\" rel=\"lightbox[4964]\">                  <span class=\"bwg_standart_thumb_0\">                                        <span class=\"bwg_standart_thumb_spun1_0\">                      <span class=\"bwg_standart_thumb_spun2_0\">                                                  <span class=\"bwg_title_spun1_0\">                            <span class=\"bwg_title_spun2_0\">                              Mirjam gegen Yannick Wyss, SC Lindau                              <\/span>                          <\/span>                                                  <img decoding=\"async\" class=\"bwg_standart_thumb_img_0 bwg_img_clear bwg_img_custom\" style=\"width:180px; height:135px; margin-left: 0px; margin-top: -22.5px;\" id=\"7\" src=\"https:\/\/schach-jedesheim.de\/wp-content\/uploads\/photo-gallery\/thumb\/IMG_6825.JPG\" alt=\"Mirjam gegen Yannick Wyss, SC Lindau  \" \/>                      <\/span>                    <\/span>                                      <\/span>                <\/a>                                <a  class=\"bwg_lightbox_0\" href=\"https:\/\/schach-jedesheim.de\/wp-content\/uploads\/photo-gallery\/IMG_6823.JPG\" data-image-id=\"6\" rel=\"lightbox[4964]\">                  <span class=\"bwg_standart_thumb_0\">                                        <span class=\"bwg_standart_thumb_spun1_0\">                      <span class=\"bwg_standart_thumb_spun2_0\">                                                  <span class=\"bwg_title_spun1_0\">                            <span class=\"bwg_title_spun2_0\">                              Hannah gegen Aikko Wiethoff, SK Markdorf                               <\/span>                          <\/span>                                                  <img decoding=\"async\" class=\"bwg_standart_thumb_img_0 bwg_img_clear bwg_img_custom\" style=\"width:180px; height:118.2px; margin-left: 0px; margin-top: -14.1px;\" id=\"6\" src=\"https:\/\/schach-jedesheim.de\/wp-content\/uploads\/photo-gallery\/thumb\/IMG_6823.JPG\" alt=\"Hannah gegen Aikko Wiethoff, SK Markdorf   \" \/>                      <\/span>                    <\/span>                                      <\/span>                <\/a>                                <a  class=\"bwg_lightbox_0\" href=\"https:\/\/schach-jedesheim.de\/wp-content\/uploads\/photo-gallery\/IMG_6814.JPG\" data-image-id=\"5\" rel=\"lightbox[4964]\">                  <span class=\"bwg_standart_thumb_0\">                                        <span class=\"bwg_standart_thumb_spun1_0\">                      <span class=\"bwg_standart_thumb_spun2_0\">                                                  <span class=\"bwg_title_spun1_0\">                            <span class=\"bwg_title_spun2_0\">                              Hannah gegen Simon Baron, SC Lindau                             <\/span>                          <\/span>                                                  <img decoding=\"async\" class=\"bwg_standart_thumb_img_0 bwg_img_clear bwg_img_custom\" style=\"width:180px; height:126.6px; margin-left: 0px; margin-top: -18.3px;\" id=\"5\" src=\"https:\/\/schach-jedesheim.de\/wp-content\/uploads\/photo-gallery\/thumb\/IMG_6814.JPG\" alt=\"Hannah gegen Simon Baron, SC Lindau \" \/>                      <\/span>                    <\/span>                                      <\/span>                <\/a>                                <a  class=\"bwg_lightbox_0\" href=\"https:\/\/schach-jedesheim.de\/wp-content\/uploads\/photo-gallery\/IMG_6809.JPG\" data-image-id=\"4\" rel=\"lightbox[4964]\">                  <span class=\"bwg_standart_thumb_0\">                                        <span class=\"bwg_standart_thumb_spun1_0\">                      <span class=\"bwg_standart_thumb_spun2_0\">                                                  <span class=\"bwg_title_spun1_0\">                            <span class=\"bwg_title_spun2_0\">                              U14 bis U18                             <\/span>                          <\/span>                                                  <img decoding=\"async\" class=\"bwg_standart_thumb_img_0 bwg_img_clear bwg_img_custom\" style=\"width:180px; height:135px; margin-left: 0px; margin-top: -22.5px;\" id=\"4\" src=\"https:\/\/schach-jedesheim.de\/wp-content\/uploads\/photo-gallery\/thumb\/IMG_6809.JPG\" alt=\"U14 bis U18 \" \/>                      <\/span>                    <\/span>                                      <\/span>                <\/a>                                <a  class=\"bwg_lightbox_0\" href=\"https:\/\/schach-jedesheim.de\/wp-content\/uploads\/photo-gallery\/IMG_6807.JPG\" data-image-id=\"3\" rel=\"lightbox[4964]\">                  <span class=\"bwg_standart_thumb_0\">                                        <span class=\"bwg_standart_thumb_spun1_0\">                      <span class=\"bwg_standart_thumb_spun2_0\">                                                  <span class=\"bwg_title_spun1_0\">                            <span class=\"bwg_title_spun2_0\">                              Mirjam  (rechts) gegen Sarah Bergomi von der Weissen Dame Ulm                             <\/span>                          <\/span>                                                  <img decoding=\"async\" class=\"bwg_standart_thumb_img_0 bwg_img_clear bwg_img_custom\" style=\"width:180px; height:135px; margin-left: 0px; margin-top: -22.5px;\" id=\"3\" src=\"https:\/\/schach-jedesheim.de\/wp-content\/uploads\/photo-gallery\/thumb\/IMG_6807.JPG\" alt=\"Mirjam  (rechts) gegen Sarah Bergomi von der Weissen Dame Ulm \" \/>                      <\/span>                    <\/span>                                      <\/span>                <\/a>                            <\/div>                <span class=\"bwg_nav_cont_0\">        <div class=\"tablenav-pages_0\">            <span class=\"pagination-links_0\">        <a class=\"first-page disabled\" title=\"Zur ersten Seite\">\u00ab<\/a>        <a class=\"prev-page disabled\" title=\"Zur vorherigen Seite\" >\u2039<\/a>        <span class=\"paging-input_0\">          <span class=\"total-pages_0\">1<\/span> von <span class=\"total-pages_0\">            2          <\/span>        <\/span>        <a class=\"next-page-0\" title=\"Zur n\u00e4chsten Seite\" href=\"\/index.php?rest_route=%2Fwp%2Fv2%2Fposts%2F4964&page_number_0=2\">\u203a<\/a>        <a class=\"last-page-0\" title=\"Zur letzten Seite\">\u00bb<\/a>      <\/span>          <\/div>          <input type=\"hidden\" id=\"page_number_0\" name=\"page_number_0\" value=\"1\" \/>    <script type=\"text\/javascript\">      function spider_page_0(cur, x, y, load_more) {        if (typeof load_more == \"undefined\") {          var load_more = false;        }        if (jQuery(cur).hasClass('disabled')) {          return false;        }        var items_county_0 = 2;        switch (y) {          case 1:            if (x >= items_county_0) {              document.getElementById('page_number_0').value = items_county_0;            }            else {              document.getElementById('page_number_0').value = x + 1;            }            break;          case 2:            document.getElementById('page_number_0').value = items_county_0;            break;          case -1:            if (x == 1) {              document.getElementById('page_number_0').value = 1;            }            else {              document.getElementById('page_number_0').value = x - 1;            }            break;          case -2:            document.getElementById('page_number_0').value = 1;            break;          default:            document.getElementById('page_number_0').value = 1;        }        spider_frontend_ajax('gal_front_form_0', '0', 'bwg_standart_thumbnails_0', '0', '', 'album', 0, '', '', load_more);      }      jQuery(document).ready(function() {        jQuery('.first-page disabled').on('click', function() {          spider_page_0(this, 1, -2);        });        jQuery('.prev-page disabled').on('click', function() {          spider_page_0(this, 1, -1);          return false;        });        jQuery('.next-page-0').on('click', function() {          spider_page_0(this, 1, 1);          return false;        });        jQuery('.last-page-0').on('click', function() {          spider_page_0(this, 1, 2);        });        jQuery('.bwg_load_btn_0').on('click', function() {          spider_page_0(this, 1, 1, true);          return false;        });      });    <\/script>    <\/span>              <\/div>        <\/form>        <div id=\"spider_popup_loading_0\" class=\"spider_popup_loading\"><\/div>        <div id=\"spider_popup_overlay_0\" class=\"spider_popup_overlay\" onclick=\"spider_destroypopup(1000)\"><\/div>      <\/div>    <\/div>    <script>            function bwg_gallery_box_0(image_id) {        var filterTags = jQuery(\"#bwg_tags_id_bwg_standart_thumbnails_0\" ).val() ? jQuery(\"#bwg_tags_id_bwg_standart_thumbnails_0\" ).val() : 0;        spider_createpopup('https:\/\/schach-jedesheim.de\/wp-admin\/admin-ajax.php?tag_id=0&action=GalleryBox&current_view=0&gallery_id=2&theme_id=1&thumb_width=180&thumb_height=90&open_with_fullscreen=0&open_with_autoplay=0&image_width=800&image_height=500&image_effect=fade&wd_sor=order&wd_ord= asc &enable_image_filmstrip=1&image_filmstrip_height=70&enable_image_ctrl_btn=1&enable_image_fullscreen=1&popup_enable_info=1&popup_info_always_show=0&popup_info_full_width=0&popup_hit_counter=0&popup_enable_rate=0&slideshow_interval=5&enable_comment_social=1&enable_image_facebook=1&enable_image_twitter=1&enable_image_google=1&enable_image_pinterest=0&enable_image_tumblr=0&watermark_type=none&current_url&image_id=' + image_id + \"&filter_tag_0=\" +  filterTags, '0', '800', '500', 1, 'testpopup', 5, \"bottom\");      }      var bwg_hash = window.location.hash.substring(1);      if (bwg_hash) {        if (bwg_hash.indexOf(\"bwg\") != \"-1\") {          bwg_hash_array = bwg_hash.replace(\"bwg\", \"\").split(\"\/\");                    if(bwg_hash_array[0] == 2){            bwg_gallery_box_0(bwg_hash_array[1]);          }        }      }      function bwg_document_ready_0() {        var bwg_touch_flag = false;        jQuery(\".bwg_lightbox_0\").on(\"click\", function () {          if (!bwg_touch_flag) {            bwg_touch_flag = true;            setTimeout(function(){ bwg_touch_flag = false; }, 100);            bwg_gallery_box_0(jQuery(this).attr(\"data-image-id\"));            return false;          }        });      }      jQuery(document).ready(function () {        bwg_document_ready_0();      });    <\/script>    \n","protected":false},"excerpt":{"rendered":"<p>Vom 28.-30. Dezember 2015 fanden in Biberach\/Ri\u00df die oberschw\u00e4bischen Bezirksjugendeinzelmeisterschaften (BJEM) statt. Kinder und Jugendliche aus dem Bezirk Oberschwaben spielten in den Altersklassen U18, U16, U14, U12, U10 und U8 um die zw\u00f6lf zu&#46;&#46;&#46;<\/p>\n","protected":false},"author":10,"featured_media":4974,"comment_status":"open","ping_status":"open","sticky":false,"template":"","format":"standard","meta":{"_price":"","_stock":"","_tribe_ticket_header":"","_tribe_default_ticket_provider":"","_tribe_ticket_capacity":"0","_ticket_start_date":"","_ticket_end_date":"","_tribe_ticket_show_description":"","_tribe_ticket_show_not_going":false,"_tribe_ticket_use_global_stock":"","_tribe_ticket_global_stock_level":"","_global_stock_mode":"","_global_stock_cap":"","_tribe_rsvp_for_event":"","_tribe_ticket_going_count":"","_tribe_ticket_not_going_count":"","_tribe_tickets_list":"[]","_tribe_ticket_has_attendee_info_fields":false,"footnotes":""},"categories":[4],"tags":[],"class_list":["post-4964","post","type-post","status-publish","format-standard","has-post-thumbnail","hentry","category-jugend"],"_links":{"self":[{"href":"https:\/\/schach-jedesheim.de\/index.php?rest_route=\/wp\/v2\/posts\/4964","targetHints":{"allow":["GET"]}}],"collection":[{"href":"https:\/\/schach-jedesheim.de\/index.php?rest_route=\/wp\/v2\/posts"}],"about":[{"href":"https:\/\/schach-jedesheim.de\/index.php?rest_route=\/wp\/v2\/types\/post"}],"author":[{"embeddable":true,"href":"https:\/\/schach-jedesheim.de\/index.php?rest_route=\/wp\/v2\/users\/10"}],"replies":[{"embeddable":true,"href":"https:\/\/schach-jedesheim.de\/index.php?rest_route=%2Fwp%2Fv2%2Fcomments&post=4964"}],"version-history":[{"count":14,"href":"https:\/\/schach-jedesheim.de\/index.php?rest_route=\/wp\/v2\/posts\/4964\/revisions"}],"predecessor-version":[{"id":11019,"href":"https:\/\/schach-jedesheim.de\/index.php?rest_route=\/wp\/v2\/posts\/4964\/revisions\/11019"}],"wp:featuredmedia":[{"embeddable":true,"href":"https:\/\/schach-jedesheim.de\/index.php?rest_route=\/wp\/v2\/media\/4974"}],"wp:attachment":[{"href":"https:\/\/schach-jedesheim.de\/index.php?rest_route=%2Fwp%2Fv2%2Fmedia&parent=4964"}],"wp:term":[{"taxonomy":"category","embeddable":true,"href":"https:\/\/schach-jedesheim.de\/index.php?rest_route=%2Fwp%2Fv2%2Fcategories&post=4964"},{"taxonomy":"post_tag","embeddable":true,"href":"https:\/\/schach-jedesheim.de\/index.php?rest_route=%2Fwp%2Fv2%2Ftags&post=4964"}],"curies":[{"name":"wp","href":"https:\/\/api.w.org\/{rel}","templated":true}]}}