{"id":548,"date":"2011-12-20T14:37:43","date_gmt":"2011-12-20T14:37:43","guid":{"rendered":"http:\/\/schach-jedesheim.de\/?p=548"},"modified":"2020-06-14T19:20:52","modified_gmt":"2020-06-14T18:20:52","slug":"weihnachtsfeier-2011","status":"publish","type":"post","link":"https:\/\/schach-jedesheim.de\/?p=548","title":{"rendered":"Weihnachtsfeier 2011"},"content":{"rendered":"<table style=\"height: 150px; width: 150px;\" border=\"1\" cellspacing=\"1\" cellpadding=\"1\" align=\"left\">\n<tbody>\n<tr>\n<td><a href=\"http:\/\/schach-jedesheim.de\/wp-content\/uploads\/image\/Tombola.jpg\" rel=\"lightbox[548]\"><img decoding=\"async\" style=\"width: 200px; height: 150px;\" src=\"http:\/\/schach-jedesheim.de\/wp-content\/uploads\/image\/Tombola.jpg\" alt=\"\" \/><\/a><\/td>\n<\/tr>\n<\/tbody>\n<\/table>\n<p>Unsere traditionelle Weihnachtsfeier am 17.12.2011 im Rathausst\u00fcberl in Au war mit 60 Teilnehmern wieder sehr gut besucht.<\/p>\n<table style=\"height: 150px; width: 150px;\" border=\"1\" cellspacing=\"1\" cellpadding=\"1\" align=\"right\">\n<tbody>\n<tr>\n<td><a href=\"http:\/\/schach-jedesheim.de\/wp-content\/uploads\/image\/MatthiasPatrick.jpg\" rel=\"lightbox[548]\"><img loading=\"lazy\" decoding=\"async\" src=\"http:\/\/schach-jedesheim.de\/wp-content\/uploads\/image\/MatthiasPatrick.jpg\" alt=\"\" width=\"200\" height=\"138\" \/><\/a><\/td>\n<\/tr>\n<\/tbody>\n<\/table>\n<p>Als unsere G\u00e4ste konnten wir\u00a0 <strong>Artur Jussupow<\/strong> mit seiner Familie begr\u00fc\u00dfen, die noch die beiden Schweizer Nachwuchshoffnungen <strong>Nuri Kambez<\/strong> und <strong>Nico Georgiadis<\/strong> mitbrachten.<br \/>\nVor dem Abendessen gab es noch zwei Siegerehrungen:<br \/>\n<strong>Bernd K\u00fchn<\/strong> und <strong>Alexander Hoffart<\/strong> (WD Ulm) wurden jeweils ein Pokal f\u00fcr den 1. und 2. Platz der Illertisser Senioren-Meisterschaft \u00fcberreicht.<br \/>\nAuch unsere Nachwuchsmannschaft wurde mit Pokalen geehrt: Schw\u00e4bischer Mannschafts-Meister (U12) und der 3. Platz bei der W\u00fcrttembergischen Meisterschaft (U12) waren die herausragenden Ergebnisse f\u00fcr <strong>Patrick Bossinger, Christian Kircher, Dennis Bauer und Nico Fuchs. <\/strong><br \/>\nNach dem Bufett lies Rolf das ereignisreiche Schachjahr 2011 Revue passieren und wie jedes Jahr konnte er \u00fcberraschende Bilder mit unterhaltsamen Kommentaren kombinieren. Beim anschlie\u00dfenden Quiz konnte jede Gruppe noch Prominente erraten und Zahlenr\u00e4tsel l\u00f6sen.<br \/>\nMusikalisch umrahmt wurde die Weihnachtsfeier von<strong> Matthias Lerch <\/strong>(Klarinette) und <strong>Patrick Barth <\/strong>(Saxophon). Herzlichen Dank f\u00fcr die gelungenen Einlagen.<br \/>\nEin weiterer H\u00f6hepunkt ist wie immer die Verlosung. 300 Preise, zum gro\u00dfen Teil von Freunden und G\u00f6nnern der Schachabteilung gespendet, standen zur Verteilung bereit.<\/p>\n<p><!--more-->&#8222;Welches Los ist der Hauptgewinn ?&#8220; Genau geschaut hat dieser Teilnehmer &#8211; beobachtet von den Tischnachbarn:<\/p>\n<table style=\"height: 94px; width: 146px;\" border=\"1\" cellspacing=\"1\" cellpadding=\"1\" align=\"left\">\n<tbody>\n<tr>\n<td><a href=\"http:\/\/schach-jedesheim.de\/wp-content\/uploads\/image\/Artur_zieht_lose.jpg\" rel=\"lightbox[548]\"><img loading=\"lazy\" decoding=\"async\" src=\"http:\/\/schach-jedesheim.de\/wp-content\/uploads\/image\/Artur_zieht_lose.jpg\" alt=\"\" width=\"150\" height=\"113\" \/><\/a><\/td>\n<\/tr>\n<\/tbody>\n<\/table>\n<p>&nbsp;<\/p>\n<p>&nbsp;<\/p>\n<p>&nbsp;<\/p>\n<p>&nbsp;<\/p>\n<p>&nbsp;<\/p>\n<p>Aber es hat ihnen nicht viel gen\u00fctzt:\u00a0 Artur Jussupow gewann den Hauptpreis: 2 Eintrittskarten f\u00fcr das KCC in Ulm.<\/p>\n<p>&nbsp;<\/p>\n<p><img loading=\"lazy\" decoding=\"async\" src=\"http:\/\/schach-jedesheim.de\/wp-content\/uploads\/image\/Artur_Hauptgewinn.jpg\" alt=\"\" width=\"800\" height=\"600\" align=\"left\" \/><\/p>\n<p>&nbsp;<\/p>\n<p>&nbsp;<\/p>\n<p>&nbsp;<\/p>\n<p>&nbsp;<\/p>\n<p>&nbsp;<\/p>\n<p>&nbsp;<\/p>\n<p>&nbsp;<\/p>\n<p>&nbsp;<\/p>\n<p>&nbsp;<\/p>\n<p>&nbsp;<\/p>\n<p>&nbsp;<\/p>\n<p>&nbsp;<\/p>\n<p>&nbsp;<\/p>\n<p>&nbsp;<\/p>\n<p>&nbsp;<\/p>\n<p>&nbsp;<\/p>\n<p>&nbsp;<\/p>\n<p>&nbsp;<\/p>\n<p>&nbsp;<\/p>\n<p>&nbsp;<\/p>\n<p>&nbsp;<\/p>\n<p>&nbsp;<\/p>\n<p>&nbsp;<\/p>\n<p><strong>Noch ein paar Schnappsch\u00fcsse von der Weihnachtsfeier 2011:<br \/>\n<\/strong><\/p>\n<table style=\"width: 712px; height: 164px;\" border=\"1\" cellspacing=\"1\" cellpadding=\"1\">\n<tbody>\n<tr>\n<td><a href=\"http:\/\/schach-jedesheim.de\/wp-content\/uploads\/image\/Tobias.jpg\" rel=\"lightbox[548]\"><img loading=\"lazy\" decoding=\"async\" src=\"http:\/\/schach-jedesheim.de\/wp-content\/uploads\/image\/Tobias.jpg\" alt=\"Tobias\" width=\"150\" height=\"200\" \/><\/a><\/td>\n<td><a href=\"http:\/\/schach-jedesheim.de\/wp-content\/uploads\/image\/Buffett1.jpg\" rel=\"lightbox[548]\"><img loading=\"lazy\" decoding=\"async\" src=\"http:\/\/schach-jedesheim.de\/wp-content\/uploads\/image\/Buffett1.jpg\" alt=\"Buffett\" width=\"200\" height=\"150\" \/><\/a><\/td>\n<td><a href=\"http:\/\/schach-jedesheim.de\/wp-content\/uploads\/image\/Buffett2.jpg\" rel=\"lightbox[548]\"><img loading=\"lazy\" decoding=\"async\" src=\"http:\/\/schach-jedesheim.de\/wp-content\/uploads\/image\/Buffett2.jpg\" alt=\"Buffett\" width=\"200\" height=\"144\" \/><\/a><\/td>\n<td><a href=\"http:\/\/schach-jedesheim.de\/wp-content\/uploads\/image\/PaulundRolf.jpg\" rel=\"lightbox[548]\"><img loading=\"lazy\" decoding=\"async\" src=\"http:\/\/schach-jedesheim.de\/wp-content\/uploads\/image\/PaulundRolf.jpg\" alt=\"Paul und Rolf\" width=\"200\" height=\"188\" \/><\/a><\/td>\n<\/tr>\n<\/tbody>\n<\/table>\n","protected":false},"excerpt":{"rendered":"<p>Unsere traditionelle Weihnachtsfeier am 17.12.2011 im Rathausst\u00fcberl in Au war mit 60 Teilnehmern wieder sehr gut besucht. Als unsere G\u00e4ste konnten wir\u00a0 Artur Jussupow mit seiner Familie begr\u00fc\u00dfen, die noch die beiden Schweizer Nachwuchshoffnungen&#46;&#46;&#46;<\/p>\n","protected":false},"author":1,"featured_media":11609,"comment_status":"open","ping_status":"open","sticky":false,"template":"","format":"standard","meta":{"_price":"","_stock":"","_tribe_ticket_header":"","_tribe_default_ticket_provider":"","_tribe_ticket_capacity":"0","_ticket_start_date":"","_ticket_end_date":"","_tribe_ticket_show_description":"","_tribe_ticket_show_not_going":false,"_tribe_ticket_use_global_stock":"","_tribe_ticket_global_stock_level":"","_global_stock_mode":"","_global_stock_cap":"","_tribe_rsvp_for_event":"","_tribe_ticket_going_count":"","_tribe_ticket_not_going_count":"","_tribe_tickets_list":"[]","_tribe_ticket_has_attendee_info_fields":false,"footnotes":""},"categories":[9],"tags":[],"class_list":["post-548","post","type-post","status-publish","format-standard","has-post-thumbnail","hentry","category-weihnachtsfeier"],"_links":{"self":[{"href":"https:\/\/schach-jedesheim.de\/index.php?rest_route=\/wp\/v2\/posts\/548","targetHints":{"allow":["GET"]}}],"collection":[{"href":"https:\/\/schach-jedesheim.de\/index.php?rest_route=\/wp\/v2\/posts"}],"about":[{"href":"https:\/\/schach-jedesheim.de\/index.php?rest_route=\/wp\/v2\/types\/post"}],"author":[{"embeddable":true,"href":"https:\/\/schach-jedesheim.de\/index.php?rest_route=\/wp\/v2\/users\/1"}],"replies":[{"embeddable":true,"href":"https:\/\/schach-jedesheim.de\/index.php?rest_route=%2Fwp%2Fv2%2Fcomments&post=548"}],"version-history":[{"count":13,"href":"https:\/\/schach-jedesheim.de\/index.php?rest_route=\/wp\/v2\/posts\/548\/revisions"}],"predecessor-version":[{"id":11611,"href":"https:\/\/schach-jedesheim.de\/index.php?rest_route=\/wp\/v2\/posts\/548\/revisions\/11611"}],"wp:featuredmedia":[{"embeddable":true,"href":"https:\/\/schach-jedesheim.de\/index.php?rest_route=\/wp\/v2\/media\/11609"}],"wp:attachment":[{"href":"https:\/\/schach-jedesheim.de\/index.php?rest_route=%2Fwp%2Fv2%2Fmedia&parent=548"}],"wp:term":[{"taxonomy":"category","embeddable":true,"href":"https:\/\/schach-jedesheim.de\/index.php?rest_route=%2Fwp%2Fv2%2Fcategories&post=548"},{"taxonomy":"post_tag","embeddable":true,"href":"https:\/\/schach-jedesheim.de\/index.php?rest_route=%2Fwp%2Fv2%2Ftags&post=548"}],"curies":[{"name":"wp","href":"https:\/\/api.w.org\/{rel}","templated":true}]}}