{"id":5655,"date":"2016-06-14T06:48:34","date_gmt":"2016-06-14T06:48:34","guid":{"rendered":"http:\/\/schach-jedesheim.de\/?p=5655"},"modified":"2020-06-07T10:53:27","modified_gmt":"2020-06-07T09:53:27","slug":"ulmer-kinder-und-jugendschachtag-zwei-sieger-kommen-aus-jedesheim","status":"publish","type":"post","link":"https:\/\/schach-jedesheim.de\/?p=5655","title":{"rendered":"Ulmer Kinder- und Jugendschachtag: Zwei Sieger kommen aus Jedesheim"},"content":{"rendered":"<p>Der Ulmer Kinder- und Jugendschachtag war mit 72 Teilnehmern in diesem Jahr wieder gut besucht. Der SV Jedesheim trat mit sechs Spielern an: <strong>Patrick Bossinger<\/strong> (U18), <strong>Mirjam Zell<\/strong> (U16), <strong>Hannah Zell<\/strong>, <strong>Max Gr\u00fcnewald<\/strong> und <strong>Max Rieger<\/strong> (alle U12) und <strong>Felix Rieger<\/strong> (U10).<\/p>\n<div id=\"attachment_5660\" style=\"width: 310px\" class=\"wp-caption alignleft\"><a href=\"http:\/\/schach-jedesheim.de\/wp-content\/uploads\/2016\/06\/IMG_7733.jpg\" rel=\"lightbox[5655]\"><img loading=\"lazy\" decoding=\"async\" aria-describedby=\"caption-attachment-5660\" class=\"size-medium wp-image-5660\" src=\"http:\/\/schach-jedesheim.de\/wp-content\/uploads\/2016\/06\/IMG_7733-300x232.jpg\" alt=\"Die Jedesheimer v.l.n.r.: Mirjam, Max, Hannah, Felix, Patrick und Max \" width=\"300\" height=\"232\" srcset=\"https:\/\/schach-jedesheim.de\/wp-content\/uploads\/2016\/06\/IMG_7733-300x232.jpg 300w, https:\/\/schach-jedesheim.de\/wp-content\/uploads\/2016\/06\/IMG_7733-768x593.jpg 768w, https:\/\/schach-jedesheim.de\/wp-content\/uploads\/2016\/06\/IMG_7733-1024x791.jpg 1024w, https:\/\/schach-jedesheim.de\/wp-content\/uploads\/2016\/06\/IMG_7733.jpg 1457w\" sizes=\"auto, (max-width: 300px) 100vw, 300px\" \/><\/a><p id=\"caption-attachment-5660\" class=\"wp-caption-text\">Die Jedesheimer v.l.n.r.: Mirjam, Max, Hannah, Felix, Patrick und Max<\/p><\/div>\n<p>Besonders erfreulich war die gro\u00dfe Teilnehmerzahl in der U8. Elf Spieler, die 2008 und fr\u00fcher geboren wurden, waren gekommen, der J\u00fcngste noch nicht einmal sechs Jahre alt. Dennoch spielten sie mit der U10 in einer gemeinsamen Spielgruppe \u2013 andernfalls h\u00e4tte es in beiden Gruppen ein spielfrei gegeben. Souver\u00e4ner Gesamtsieger wurde Nikolas Wildermuth vom SK Bebenhausen. <strong>Felix Rieger<\/strong> belegte mit 4 Punkten Platz neun. Sieger in der U8 wurde Jan-Philipp Rechner vom SC Stetten.<\/p>\n<p>Die mit Abstand gr\u00f6\u00dfte Gruppe war die U12 mit 22 Teilnehmern. Gesamtsiegerin wurde <strong>Hannah Zell<\/strong> vom SV Jedesheim (5,5 Punkte), punktgleich gefolgt von Georg Jakob von den K\u00f6nigskindern Hohent\u00fcbingen. <strong>Max Gr\u00fcnwald<\/strong> wurde Dritter (5 Punkte), <strong>Max Rieger<\/strong> Elfter (3,5 Punkte).<\/p>\n<div id=\"attachment_5661\" style=\"width: 310px\" class=\"wp-caption alignright\"><a href=\"http:\/\/schach-jedesheim.de\/wp-content\/uploads\/2016\/06\/IMG_7730.jpg\" rel=\"lightbox[5655]\"><img loading=\"lazy\" decoding=\"async\" aria-describedby=\"caption-attachment-5661\" class=\"size-medium wp-image-5661\" src=\"http:\/\/schach-jedesheim.de\/wp-content\/uploads\/2016\/06\/IMG_7730-300x181.jpg\" alt=\"Die Sieger in Ulm v.l.n.r.: Nikolas Wildermuth (U10), Jan Philipp Rechner (U8), Patrick Bossinger (U18), Hannah Zell (U12), Philipp Lerche (U14) und Daniel Walter (U16) \" width=\"300\" height=\"181\" srcset=\"https:\/\/schach-jedesheim.de\/wp-content\/uploads\/2016\/06\/IMG_7730-300x181.jpg 300w, https:\/\/schach-jedesheim.de\/wp-content\/uploads\/2016\/06\/IMG_7730-768x463.jpg 768w, https:\/\/schach-jedesheim.de\/wp-content\/uploads\/2016\/06\/IMG_7730-1024x618.jpg 1024w, https:\/\/schach-jedesheim.de\/wp-content\/uploads\/2016\/06\/IMG_7730.jpg 1140w\" sizes=\"auto, (max-width: 300px) 100vw, 300px\" \/><\/a><p id=\"caption-attachment-5661\" class=\"wp-caption-text\">Die Sieger in Ulm v.l.n.r.: Nikolas Wildermuth (U10), Jan Philipp Rechner (U8), Patrick Bossinger (U18), Hannah Zell (U12), Philipp Lerche (U14) und Daniel Walter (U16)<\/p><\/div>\n<p>Die Spielgruppen U14, U16 und U18 spielten zusammen, wenngleich die Bezeichnung \u201eSpielgruppe\u201c f\u00fcr die U18 etwas \u00fcbertrieben war \u2013 gerade zwei Spieler nahmen hier teil. Doch der Sieger der U18 war mit 7\/7 auch der Sieger der Gesamtgruppe: <strong>Patrick Bossinger<\/strong>. Bester Spieler der U16 wurde Daniel Walter vom SK Sontheim\/Brenz, <strong>Mirjam Zell<\/strong> wurde mit\u00a0vier Punkten F\u00fcnfte. Bester Spieler der U14 wurde Lorenz Hofmann vom SV Lauf.<\/p>\n<p>Nat\u00fcrlich gab es auch eine gro\u00df angelegte Gel\u00e4ndeschachschlacht in der Pause und nach der Siegerehrung ein Tandemblitzturnier, an dem immer noch 34 Jugendspieler \u2013 teilweise unterst\u00fctzt durch Erwachsene \u2013 gegeneinander antraten. H + M (<strong>Hannah <\/strong>und<strong> Mirjam Zell<\/strong>) belegten mit 5 Punkten Platz zwei und freuten sich \u00fcber den gewonnenen Geldpreis.<\/p>\n<div id=\"attachment_5659\" style=\"width: 310px\" class=\"wp-caption alignleft\"><a href=\"http:\/\/schach-jedesheim.de\/wp-content\/uploads\/2016\/06\/IMG_7745.jpg\" rel=\"lightbox[5655]\"><img loading=\"lazy\" decoding=\"async\" aria-describedby=\"caption-attachment-5659\" class=\"size-medium wp-image-5659\" src=\"http:\/\/schach-jedesheim.de\/wp-content\/uploads\/2016\/06\/IMG_7745-300x228.jpg\" alt=\"Die Tandemgewinner, rechts Hannah und Mirjam (Platz 2) \" width=\"300\" height=\"228\" srcset=\"https:\/\/schach-jedesheim.de\/wp-content\/uploads\/2016\/06\/IMG_7745-300x228.jpg 300w, https:\/\/schach-jedesheim.de\/wp-content\/uploads\/2016\/06\/IMG_7745-768x583.jpg 768w, https:\/\/schach-jedesheim.de\/wp-content\/uploads\/2016\/06\/IMG_7745-1024x778.jpg 1024w, https:\/\/schach-jedesheim.de\/wp-content\/uploads\/2016\/06\/IMG_7745.jpg 1210w\" sizes=\"auto, (max-width: 300px) 100vw, 300px\" \/><\/a><p id=\"caption-attachment-5659\" class=\"wp-caption-text\">Die Tandemgewinner, rechts Hannah und Mirjam (Platz 2)<\/p><\/div>\n<p>&nbsp;<\/p>\n<p>&nbsp;<\/p>\n","protected":false},"excerpt":{"rendered":"<p>Der Ulmer Kinder- und Jugendschachtag war mit 72 Teilnehmern in diesem Jahr wieder gut besucht. Der SV Jedesheim trat mit sechs Spielern an: Patrick Bossinger (U18), Mirjam Zell (U16), Hannah Zell, Max Gr\u00fcnewald und&#46;&#46;&#46;<\/p>\n","protected":false},"author":9,"featured_media":5660,"comment_status":"open","ping_status":"open","sticky":false,"template":"","format":"standard","meta":{"_price":"","_stock":"","_tribe_ticket_header":"","_tribe_default_ticket_provider":"","_tribe_ticket_capacity":"0","_ticket_start_date":"","_ticket_end_date":"","_tribe_ticket_show_description":"","_tribe_ticket_show_not_going":false,"_tribe_ticket_use_global_stock":"","_tribe_ticket_global_stock_level":"","_global_stock_mode":"","_global_stock_cap":"","_tribe_rsvp_for_event":"","_tribe_ticket_going_count":"","_tribe_ticket_not_going_count":"","_tribe_tickets_list":"[]","_tribe_ticket_has_attendee_info_fields":false,"footnotes":""},"categories":[4],"tags":[],"class_list":["post-5655","post","type-post","status-publish","format-standard","has-post-thumbnail","hentry","category-jugend"],"_links":{"self":[{"href":"https:\/\/schach-jedesheim.de\/index.php?rest_route=\/wp\/v2\/posts\/5655","targetHints":{"allow":["GET"]}}],"collection":[{"href":"https:\/\/schach-jedesheim.de\/index.php?rest_route=\/wp\/v2\/posts"}],"about":[{"href":"https:\/\/schach-jedesheim.de\/index.php?rest_route=\/wp\/v2\/types\/post"}],"author":[{"embeddable":true,"href":"https:\/\/schach-jedesheim.de\/index.php?rest_route=\/wp\/v2\/users\/9"}],"replies":[{"embeddable":true,"href":"https:\/\/schach-jedesheim.de\/index.php?rest_route=%2Fwp%2Fv2%2Fcomments&post=5655"}],"version-history":[{"count":2,"href":"https:\/\/schach-jedesheim.de\/index.php?rest_route=\/wp\/v2\/posts\/5655\/revisions"}],"predecessor-version":[{"id":5662,"href":"https:\/\/schach-jedesheim.de\/index.php?rest_route=\/wp\/v2\/posts\/5655\/revisions\/5662"}],"wp:featuredmedia":[{"embeddable":true,"href":"https:\/\/schach-jedesheim.de\/index.php?rest_route=\/wp\/v2\/media\/5660"}],"wp:attachment":[{"href":"https:\/\/schach-jedesheim.de\/index.php?rest_route=%2Fwp%2Fv2%2Fmedia&parent=5655"}],"wp:term":[{"taxonomy":"category","embeddable":true,"href":"https:\/\/schach-jedesheim.de\/index.php?rest_route=%2Fwp%2Fv2%2Fcategories&post=5655"},{"taxonomy":"post_tag","embeddable":true,"href":"https:\/\/schach-jedesheim.de\/index.php?rest_route=%2Fwp%2Fv2%2Ftags&post=5655"}],"curies":[{"name":"wp","href":"https:\/\/api.w.org\/{rel}","templated":true}]}}