{"id":584,"date":"2010-09-13T22:46:11","date_gmt":"2010-09-13T22:46:11","guid":{"rendered":"http:\/\/schach-jedesheim.de\/?p=584"},"modified":"2020-06-14T19:01:28","modified_gmt":"2020-06-14T18:01:28","slug":"2-turnier-der-generationen-2010","status":"publish","type":"post","link":"https:\/\/schach-jedesheim.de\/?p=584","title":{"rendered":"2. Turnier der Generationen 2010"},"content":{"rendered":"<table style=\"height: 108px; width: 114px;\" border=\"1\" cellspacing=\"1\" cellpadding=\"1\" align=\"left\">\n<tbody>\n<tr>\n<td><a href=\"http:\/\/schach-jedesheim.de\/wp-content\/uploads\/image\/Generation2011.jpg\" rel=\"lightbox[584]\"><img loading=\"lazy\" decoding=\"async\" src=\"http:\/\/schach-jedesheim.de\/wp-content\/uploads\/image\/Generation2011.jpg\" alt=\"\" width=\"150\" height=\"113\" \/><\/a><\/td>\n<\/tr>\n<\/tbody>\n<\/table>\n<h4>Schach begeistert Jugend und Senioren<\/h4>\n<p>Aus Nah und Fern kamen die 46 Teilnehmer zum zweiten<strong> &#8222;Turnier der Generationen&#8220;,<\/strong> darunter 16 Jugendliche und 12 Senioren.<br \/>\nSchachspieler von zehn bis 84 Jahren nahmen teil. So ganz nebenbei zeigte sich, dass auch Hobbyspieler durchaus neben den Aktiven in den Vereinen bestehen k\u00f6nnen. Nach sieben Runden, die in vier Stunden angestrengter Denkarbeit absolviert wurden, standen die Sieger fest.<br \/>\n<strong>Marco Sch\u00f6neich<\/strong> aus Ottobeuren wurde unangefochten Erster. Bei den Jugendlichen gewann <strong>Florian L\u00f6ffler<\/strong>, SV Jedesheim, bei den Senioren <strong>Wolfgang Siebel<\/strong> aus Laupheim.<br \/>\nBei der Siegerehrung ging auch niemand leer aus, denn es gab f\u00fcr alle Teilnehmer sch\u00f6ne Preise.<\/p>\n<p><!--more--><\/p>\n<p>Siegerfoto Illertisser Zeitung:<br \/>\n<img decoding=\"async\" class=\"foto\" style=\"float: none;\" src=\"http:\/\/www.sv-jedesheim.de\/daten\/inhalt\/bilder\/2522.jpg\" \/><br \/>\nDie Gewinner des spannenden Schach-Generationenturniers (von rechts): Turniersieger Marco Sch\u00f6neich (Ottobeuren), Florian L\u00f6ffler (SV Jedesheim, bester Jugendlicher), der beste Senior Wolfgang Siebel (Laupheim), der \u00e4lteste Teilnehmer Georg Wiedemann (84, G\u00fcnzburg), Organisator Bruno L\u00f6ffler, der Drittplatzierte Simon von Koschitzki (Wei\u00dfe Dame Ulm) sowie der Zweite Walter Lechler aus Rainau. Vorne die beiden J\u00fcngsten, rechts Christian Kircher, Jedesheim, und Marvin Maurus aus Ottobeuren.<\/p>\n<p><strong>Abschlu\u00dftabelle: 2. Illertisser Generationen-Turnier 12.09.2010<\/strong><\/p>\n<table style=\"width: 100%;\" border=\"2\" cellspacing=\"2\" cellpadding=\"2\" bgcolor=\"#c0c0c0\">\n<tbody>\n<tr>\n<td colspan=\"10\">Rangliste: Stand nach der 7. Runde<\/td>\n<\/tr>\n<tr bgcolor=\"#00ff00\">\n<th>Rang<\/th>\n<th>Teilnehmer<\/th>\n<th>TWZ<\/th>\n<th>Verein<\/th>\n<th>At<\/th>\n<th>S<\/th>\n<th>R<\/th>\n<th>V<\/th>\n<th>Punkte<\/th>\n<th>Buchh<\/th>\n<\/tr>\n<tr bgcolor=\"#00ffff\">\n<td>1.<\/td>\n<td>Sch\u00f6neich,Marco<\/td>\n<td>1567<\/td>\n<td>SK Ottobeuren<\/td>\n<td><\/td>\n<td>7<\/td>\n<td>0<\/td>\n<td>0<\/td>\n<td>7.0<\/td>\n<td>28.0<\/td>\n<\/tr>\n<tr bgcolor=\"#00ffff\">\n<td>2.<\/td>\n<td>Lechler,Walter<\/td>\n<td>1571<\/td>\n<td>SC Rainau<\/td>\n<td><\/td>\n<td>5<\/td>\n<td>1<\/td>\n<td>1<\/td>\n<td>5.5<\/td>\n<td>28.0<\/td>\n<\/tr>\n<tr bgcolor=\"#00ffff\">\n<td>3.<\/td>\n<td>von Koschitzky,Ignacio<\/td>\n<td>1471<\/td>\n<td>SC WD Ulm<\/td>\n<td><\/td>\n<td>5<\/td>\n<td>1<\/td>\n<td>1<\/td>\n<td>5.5<\/td>\n<td>28.0<\/td>\n<\/tr>\n<tr bgcolor=\"#00ffff\">\n<td>4.<\/td>\n<td>L\u00f6ffler,Florian<\/td>\n<td>1450<\/td>\n<td>SV Jedesheim<\/td>\n<td>J<\/td>\n<td>5<\/td>\n<td>0<\/td>\n<td>2<\/td>\n<td>5.0<\/td>\n<td>31.5<\/td>\n<\/tr>\n<tr bgcolor=\"#00ffff\">\n<td>5.<\/td>\n<td>Siebel,Wolfgang<\/td>\n<td>1445<\/td>\n<td>SC Laupheim<\/td>\n<td>S<\/td>\n<td>4<\/td>\n<td>2<\/td>\n<td>1<\/td>\n<td>5.0<\/td>\n<td>26.5<\/td>\n<\/tr>\n<tr bgcolor=\"#00ffff\">\n<td>6.<\/td>\n<td>Wiedenmann,Georg<\/td>\n<td>1382<\/td>\n<td>SC G\u00fcnzburg<\/td>\n<td>S<\/td>\n<td>5<\/td>\n<td>0<\/td>\n<td>2<\/td>\n<td>5.0<\/td>\n<td>26.0<\/td>\n<\/tr>\n<tr bgcolor=\"#00ffff\">\n<td>7.<\/td>\n<td>Lell,Stephan<\/td>\n<td>1582<\/td>\n<td>SF V\u00f6hringen<\/td>\n<td><\/td>\n<td>4<\/td>\n<td>1<\/td>\n<td>2<\/td>\n<td>4.5<\/td>\n<td>33.0<\/td>\n<\/tr>\n<tr bgcolor=\"#00ffff\">\n<td>8.<\/td>\n<td>Schmollinger,Jonathan<\/td>\n<td>1404<\/td>\n<td>SC WD Ulm<\/td>\n<td>J<\/td>\n<td>3<\/td>\n<td>3<\/td>\n<td>1<\/td>\n<td>4.5<\/td>\n<td>31.0<\/td>\n<\/tr>\n<tr bgcolor=\"#00ffff\">\n<td>9.<\/td>\n<td>Pillath,Marcus<\/td>\n<td>1333<\/td>\n<td>SGem Vaihingen-Rohr<\/td>\n<td><\/td>\n<td>2<\/td>\n<td>5<\/td>\n<td>0<\/td>\n<td>4.5<\/td>\n<td>29.0<\/td>\n<\/tr>\n<tr bgcolor=\"#00ffff\">\n<td>10.<\/td>\n<td>Ritter,Fernando<\/td>\n<td>1464<\/td>\n<td>SC G\u00fcnzburg<\/td>\n<td>J<\/td>\n<td>4<\/td>\n<td>1<\/td>\n<td>2<\/td>\n<td>4.5<\/td>\n<td>26.5<\/td>\n<\/tr>\n<tr bgcolor=\"#00ffff\">\n<td>11.<\/td>\n<td>Thoma,Axel<\/td>\n<td>1111<\/td>\n<td>SV Jedesheim<\/td>\n<td>J<\/td>\n<td>4<\/td>\n<td>1<\/td>\n<td>2<\/td>\n<td>4.5<\/td>\n<td>26.5<\/td>\n<\/tr>\n<tr bgcolor=\"#00ffff\">\n<td>12.<\/td>\n<td>Reimann,Heiko<\/td>\n<td>1400<\/td>\n<td>SV Jedesheim<\/td>\n<td><\/td>\n<td>3<\/td>\n<td>3<\/td>\n<td>1<\/td>\n<td>4.5<\/td>\n<td>22.5<\/td>\n<\/tr>\n<tr bgcolor=\"#00ffff\">\n<td>13.<\/td>\n<td>Wiebel,Bernd<\/td>\n<td>1502<\/td>\n<td>SV Thalfingen<\/td>\n<td>S<\/td>\n<td>4<\/td>\n<td>0<\/td>\n<td>3<\/td>\n<td>4.0<\/td>\n<td>33.5<\/td>\n<\/tr>\n<tr bgcolor=\"#00ffff\">\n<td>14.<\/td>\n<td>Hetzel,Wolfgang<\/td>\n<td>1366<\/td>\n<td>SV Jedesheim<\/td>\n<td><\/td>\n<td>4<\/td>\n<td>0<\/td>\n<td>3<\/td>\n<td>4.0<\/td>\n<td>31.5<\/td>\n<\/tr>\n<tr bgcolor=\"#00ffff\">\n<td>15.<\/td>\n<td>Krapf,Katharina<\/td>\n<td>1461<\/td>\n<td>TV Wiblingen<\/td>\n<td>J<\/td>\n<td>3<\/td>\n<td>2<\/td>\n<td>2<\/td>\n<td>4.0<\/td>\n<td>30.5<\/td>\n<\/tr>\n<tr bgcolor=\"#00ffff\">\n<td>16.<\/td>\n<td>Goda,Frederic<\/td>\n<td>1579<\/td>\n<td>SC WD Ulm<\/td>\n<td><\/td>\n<td>4<\/td>\n<td>0<\/td>\n<td>3<\/td>\n<td>4.0<\/td>\n<td>28.5<\/td>\n<\/tr>\n<tr bgcolor=\"#00ffff\">\n<td>17.<\/td>\n<td>Kuhn,Klaus-Peter<\/td>\n<td>1412<\/td>\n<td>SV Thalfingen<\/td>\n<td><\/td>\n<td>3<\/td>\n<td>2<\/td>\n<td>2<\/td>\n<td>4.0<\/td>\n<td>25.0<\/td>\n<\/tr>\n<tr bgcolor=\"#00ffff\">\n<td>18.<\/td>\n<td>Stark,Stefan<\/td>\n<td>1178<\/td>\n<td>SV Jedesheim<\/td>\n<td>S<\/td>\n<td>4<\/td>\n<td>0<\/td>\n<td>3<\/td>\n<td>4.0<\/td>\n<td>25.0<\/td>\n<\/tr>\n<tr bgcolor=\"#00ffff\">\n<td>19.<\/td>\n<td>Rimmele,Paul<\/td>\n<td>1350<\/td>\n<td>SV Jedesheim<\/td>\n<td><\/td>\n<td>4<\/td>\n<td>0<\/td>\n<td>3<\/td>\n<td>4.0<\/td>\n<td>23.5<\/td>\n<\/tr>\n<tr bgcolor=\"#00ffff\">\n<td>20.<\/td>\n<td>Sturm,Paul<\/td>\n<td>1349<\/td>\n<td>SV Jedesheim<\/td>\n<td>S<\/td>\n<td>4<\/td>\n<td>0<\/td>\n<td>3<\/td>\n<td>4.0<\/td>\n<td>23.0<\/td>\n<\/tr>\n<tr bgcolor=\"#00ffff\">\n<td>21.<\/td>\n<td>Kirn,Philipp Sebastian<\/td>\n<td>1256<\/td>\n<td>TV Wiblingen<\/td>\n<td>J<\/td>\n<td>2<\/td>\n<td>3<\/td>\n<td>2<\/td>\n<td>3.5<\/td>\n<td>26.5<\/td>\n<\/tr>\n<tr bgcolor=\"#00ffff\">\n<td>22.<\/td>\n<td>Pletz,Bernd<\/td>\n<td>1375<\/td>\n<td>SC WD Ulm<\/td>\n<td><\/td>\n<td>3<\/td>\n<td>1<\/td>\n<td>3<\/td>\n<td>3.5<\/td>\n<td>25.5<\/td>\n<\/tr>\n<tr bgcolor=\"#00ffff\">\n<td>23.<\/td>\n<td>Kraus,Johannes<\/td>\n<td>1508<\/td>\n<td>SV Jedesheim<\/td>\n<td>J<\/td>\n<td>3<\/td>\n<td>1<\/td>\n<td>3<\/td>\n<td>3.5<\/td>\n<td>25.5<\/td>\n<\/tr>\n<tr bgcolor=\"#00ffff\">\n<td>24.<\/td>\n<td>Rolletschke,Felix<\/td>\n<td>1100<\/td>\n<td>SV Steinhausen<\/td>\n<td>J<\/td>\n<td>2<\/td>\n<td>3<\/td>\n<td>2<\/td>\n<td>3.5<\/td>\n<td>23.5<\/td>\n<\/tr>\n<tr bgcolor=\"#00ffff\">\n<td>25.<\/td>\n<td>Hetzel,Daniel<\/td>\n<td>824<\/td>\n<td>SV Jedesheim<\/td>\n<td>J<\/td>\n<td>3<\/td>\n<td>1<\/td>\n<td>3<\/td>\n<td>3.5<\/td>\n<td>21.0<\/td>\n<\/tr>\n<tr bgcolor=\"#00ffff\">\n<td>26.<\/td>\n<td>Wanja,Ernst<\/td>\n<td>1200<\/td>\n<td>SV Thalfingen<\/td>\n<td><\/td>\n<td>3<\/td>\n<td>1<\/td>\n<td>2<\/td>\n<td>3.5<\/td>\n<td>12.5<\/td>\n<\/tr>\n<tr bgcolor=\"#00ffff\">\n<td>27.<\/td>\n<td>Bossinger,Patrick<\/td>\n<td>796<\/td>\n<td>SV Jedesheim<\/td>\n<td>J<\/td>\n<td>2<\/td>\n<td>2<\/td>\n<td>3<\/td>\n<td>3.0<\/td>\n<td>27.5<\/td>\n<\/tr>\n<tr bgcolor=\"#00ffff\">\n<td>28.<\/td>\n<td>Bayer,Katrin<\/td>\n<td>870<\/td>\n<td>SV Jedesheim<\/td>\n<td><\/td>\n<td>2<\/td>\n<td>2<\/td>\n<td>3<\/td>\n<td>3.0<\/td>\n<td>24.5<\/td>\n<\/tr>\n<tr bgcolor=\"#00ffff\">\n<td>29.<\/td>\n<td>Andritzke,Karl-Heinz<\/td>\n<td>1430<\/td>\n<td>SC WD Ulm<\/td>\n<td>S<\/td>\n<td>3<\/td>\n<td>0<\/td>\n<td>4<\/td>\n<td>3.0<\/td>\n<td>24.5<\/td>\n<\/tr>\n<tr bgcolor=\"#00ffff\">\n<td>30.<\/td>\n<td>Brischar,Rolf<\/td>\n<td>1179<\/td>\n<td>SV Jedesheim<\/td>\n<td><\/td>\n<td>2<\/td>\n<td>2<\/td>\n<td>3<\/td>\n<td>3.0<\/td>\n<td>24.0<\/td>\n<\/tr>\n<tr bgcolor=\"#00ffff\">\n<td>31.<\/td>\n<td>Borowsky,Bernd<\/td>\n<td>1305<\/td>\n<td>TV Wiblingen<\/td>\n<td>S<\/td>\n<td>3<\/td>\n<td>0<\/td>\n<td>4<\/td>\n<td>3.0<\/td>\n<td>21.5<\/td>\n<\/tr>\n<tr bgcolor=\"#00ffff\">\n<td>32.<\/td>\n<td>Dausch,Georg<\/td>\n<td>1023<\/td>\n<td>SK Ottobeuren<\/td>\n<td><\/td>\n<td>3<\/td>\n<td>0<\/td>\n<td>4<\/td>\n<td>3.0<\/td>\n<td>21.5<\/td>\n<\/tr>\n<tr bgcolor=\"#00ffff\">\n<td>33.<\/td>\n<td>L\u00f6ffler,Bruno<\/td>\n<td>1381<\/td>\n<td>SV Jedesheim<\/td>\n<td><\/td>\n<td>3<\/td>\n<td>0<\/td>\n<td>4<\/td>\n<td>3.0<\/td>\n<td>20.5<\/td>\n<\/tr>\n<tr bgcolor=\"#00ffff\">\n<td>34.<\/td>\n<td>Kreibich,Rainer<\/td>\n<td>1373<\/td>\n<td>SC G\u00fcnzburg<\/td>\n<td>S<\/td>\n<td>2<\/td>\n<td>2<\/td>\n<td>3<\/td>\n<td>3.0<\/td>\n<td>19.0<\/td>\n<\/tr>\n<tr bgcolor=\"#00ffff\">\n<td>35.<\/td>\n<td>Pieczka,Kevin<\/td>\n<td>807<\/td>\n<td>SC WD Ulm<\/td>\n<td>J<\/td>\n<td>2<\/td>\n<td>1<\/td>\n<td>4<\/td>\n<td>2.5<\/td>\n<td>23.5<\/td>\n<\/tr>\n<tr bgcolor=\"#00ffff\">\n<td>36.<\/td>\n<td>Lutz,Hugo<\/td>\n<td>1443<\/td>\n<td>Post-SV Memmingen<\/td>\n<td>S<\/td>\n<td>2<\/td>\n<td>1<\/td>\n<td>4<\/td>\n<td>2.5<\/td>\n<td>23.0<\/td>\n<\/tr>\n<tr bgcolor=\"#00ffff\">\n<td>37.<\/td>\n<td>Riese,Gerd<\/td>\n<td>1121<\/td>\n<td>SK Ottobeuren<\/td>\n<td>S<\/td>\n<td>2<\/td>\n<td>1<\/td>\n<td>4<\/td>\n<td>2.5<\/td>\n<td>22.5<\/td>\n<\/tr>\n<tr bgcolor=\"#00ffff\">\n<td>38.<\/td>\n<td>Baumann,Winfried<\/td>\n<td>1035<\/td>\n<td>SV Steinhausen<\/td>\n<td>J<\/td>\n<td>2<\/td>\n<td>1<\/td>\n<td>4<\/td>\n<td>2.5<\/td>\n<td>20.0<\/td>\n<\/tr>\n<tr bgcolor=\"#00ffff\">\n<td>39.<\/td>\n<td>Kircher,Karl-Heinz<\/td>\n<td><\/td>\n<td>SV Jedesheim<\/td>\n<td><\/td>\n<td>2<\/td>\n<td>1<\/td>\n<td>4<\/td>\n<td>2.5<\/td>\n<td>18.5<\/td>\n<\/tr>\n<tr bgcolor=\"#00ffff\">\n<td>40.<\/td>\n<td>Walker,Kevin<\/td>\n<td><\/td>\n<td>SV Thalfingen<\/td>\n<td>J<\/td>\n<td>2<\/td>\n<td>1<\/td>\n<td>4<\/td>\n<td>2.5<\/td>\n<td>15.5<\/td>\n<\/tr>\n<tr bgcolor=\"#00ffff\">\n<td>41.<\/td>\n<td>Pfeffer,Josef<\/td>\n<td>1244<\/td>\n<td>SC G\u00fcnzburg<\/td>\n<td>S<\/td>\n<td>2<\/td>\n<td>0<\/td>\n<td>5<\/td>\n<td>2.0<\/td>\n<td>25.5<\/td>\n<\/tr>\n<tr bgcolor=\"#00ffff\">\n<td>42.<\/td>\n<td>Kircher,Christian<\/td>\n<td>800<\/td>\n<td>SV Jedesheim<\/td>\n<td>J<\/td>\n<td>2<\/td>\n<td>0<\/td>\n<td>5<\/td>\n<td>2.0<\/td>\n<td>25.0<\/td>\n<\/tr>\n<tr bgcolor=\"#00ffff\">\n<td>43.<\/td>\n<td>Bossinger,Reinhard<\/td>\n<td><\/td>\n<td>SV Jedesheim<\/td>\n<td><\/td>\n<td>2<\/td>\n<td>0<\/td>\n<td>5<\/td>\n<td>2.0<\/td>\n<td>15.5<\/td>\n<\/tr>\n<tr bgcolor=\"#00ffff\">\n<td>44.<\/td>\n<td>Forster,Hermann<\/td>\n<td>1102<\/td>\n<td>SV Jedesheim<\/td>\n<td>S<\/td>\n<td>1<\/td>\n<td>1<\/td>\n<td>5<\/td>\n<td>1.5<\/td>\n<td>20.0<\/td>\n<\/tr>\n<tr bgcolor=\"#00ffff\">\n<td>45.<\/td>\n<td>Sch\u00e4ck,Alexander<\/td>\n<td><\/td>\n<td>SK Ottobeuren<\/td>\n<td>J<\/td>\n<td>1<\/td>\n<td>1<\/td>\n<td>5<\/td>\n<td>1.5<\/td>\n<td>18.0<\/td>\n<\/tr>\n<tr bgcolor=\"#00ffff\">\n<td>46.<\/td>\n<td>Maurus,Marvin<\/td>\n<td><\/td>\n<td>SK Ottobeuren<\/td>\n<td>J<\/td>\n<td>0<\/td>\n<td>0<\/td>\n<td>7<\/td>\n<td>0.0<\/td>\n<td>19.5<\/td>\n<\/tr>\n<\/tbody>\n<\/table>\n","protected":false},"excerpt":{"rendered":"<p>Schach begeistert Jugend und Senioren Aus Nah und Fern kamen die 46 Teilnehmer zum zweiten &#8222;Turnier der Generationen&#8220;, darunter 16 Jugendliche und 12 Senioren. Schachspieler von zehn bis 84 Jahren nahmen teil. So ganz&#46;&#46;&#46;<\/p>\n","protected":false},"author":1,"featured_media":11589,"comment_status":"open","ping_status":"open","sticky":false,"template":"","format":"standard","meta":{"_price":"","_stock":"","_tribe_ticket_header":"","_tribe_default_ticket_provider":"","_tribe_ticket_capacity":"0","_ticket_start_date":"","_ticket_end_date":"","_tribe_ticket_show_description":"","_tribe_ticket_show_not_going":false,"_tribe_ticket_use_global_stock":"","_tribe_ticket_global_stock_level":"","_global_stock_mode":"","_global_stock_cap":"","_tribe_rsvp_for_event":"","_tribe_ticket_going_count":"","_tribe_ticket_not_going_count":"","_tribe_tickets_list":"[]","_tribe_ticket_has_attendee_info_fields":false,"footnotes":""},"categories":[14],"tags":[],"class_list":["post-584","post","type-post","status-publish","format-standard","has-post-thumbnail","hentry","category-turnier-der-generationen"],"_links":{"self":[{"href":"https:\/\/schach-jedesheim.de\/index.php?rest_route=\/wp\/v2\/posts\/584","targetHints":{"allow":["GET"]}}],"collection":[{"href":"https:\/\/schach-jedesheim.de\/index.php?rest_route=\/wp\/v2\/posts"}],"about":[{"href":"https:\/\/schach-jedesheim.de\/index.php?rest_route=\/wp\/v2\/types\/post"}],"author":[{"embeddable":true,"href":"https:\/\/schach-jedesheim.de\/index.php?rest_route=\/wp\/v2\/users\/1"}],"replies":[{"embeddable":true,"href":"https:\/\/schach-jedesheim.de\/index.php?rest_route=%2Fwp%2Fv2%2Fcomments&post=584"}],"version-history":[{"count":5,"href":"https:\/\/schach-jedesheim.de\/index.php?rest_route=\/wp\/v2\/posts\/584\/revisions"}],"predecessor-version":[{"id":11590,"href":"https:\/\/schach-jedesheim.de\/index.php?rest_route=\/wp\/v2\/posts\/584\/revisions\/11590"}],"wp:featuredmedia":[{"embeddable":true,"href":"https:\/\/schach-jedesheim.de\/index.php?rest_route=\/wp\/v2\/media\/11589"}],"wp:attachment":[{"href":"https:\/\/schach-jedesheim.de\/index.php?rest_route=%2Fwp%2Fv2%2Fmedia&parent=584"}],"wp:term":[{"taxonomy":"category","embeddable":true,"href":"https:\/\/schach-jedesheim.de\/index.php?rest_route=%2Fwp%2Fv2%2Fcategories&post=584"},{"taxonomy":"post_tag","embeddable":true,"href":"https:\/\/schach-jedesheim.de\/index.php?rest_route=%2Fwp%2Fv2%2Ftags&post=584"}],"curies":[{"name":"wp","href":"https:\/\/api.w.org\/{rel}","templated":true}]}}