{"id":6942,"date":"2017-07-17T22:20:36","date_gmt":"2017-07-17T22:20:36","guid":{"rendered":"http:\/\/schach-jedesheim.de\/?p=6942"},"modified":"2020-06-06T23:33:53","modified_gmt":"2020-06-06T22:33:53","slug":"40-jahre-und-kein-bisschen-weise","status":"publish","type":"post","link":"https:\/\/schach-jedesheim.de\/?p=6942","title":{"rendered":"SVJ: Langj\u00e4hrige Mitglieder geehrt"},"content":{"rendered":"<div id=\"attachment_6972\" style=\"width: 310px\" class=\"wp-caption alignleft\"><a href=\"http:\/\/schach-jedesheim.de\/wp-content\/uploads\/2017\/08\/25-jahre-SVJ-kl.jpg\" rel=\"lightbox[6942]\"><img loading=\"lazy\" decoding=\"async\" aria-describedby=\"caption-attachment-6972\" class=\"wp-image-6972 size-medium\" src=\"http:\/\/schach-jedesheim.de\/wp-content\/uploads\/2017\/08\/25-jahre-SVJ-kl-300x295.jpg\" alt=\"\" width=\"300\" height=\"295\" srcset=\"https:\/\/schach-jedesheim.de\/wp-content\/uploads\/2017\/08\/25-jahre-SVJ-kl-300x295.jpg 300w, https:\/\/schach-jedesheim.de\/wp-content\/uploads\/2017\/08\/25-jahre-SVJ-kl.jpg 600w\" sizes=\"auto, (max-width: 300px) 100vw, 300px\" \/><\/a><p id=\"caption-attachment-6972\" class=\"wp-caption-text\">Helmut Walter, Bernd K\u00fchn, Bernhard Jehle (v.l.n.r.)<\/p><\/div>\n<p>Bei der Jahreshauptversammlung des SV Jedesheim standen erneut wieder Ehrungen auf dem Programm. Erfreulicherweise konnten auch diesmal Mitglieder der Abteilung Schach f\u00fcr langj\u00e4hrige Mitgliedschaft geehrt werden:<br \/>\n<strong>Bernd K\u00fchn<\/strong> wurde f\u00fcr <strong>25-j\u00e4hrige Mitgliedschaft<\/strong> in der Abteilung Schach mit der Silbernen Ehrennadel ausgezeichnet. <strong>Bernd K\u00fchn<\/strong> kam nach der Wende 1992 aus Leipzig nach Ulm. Er hat hier einen Schachverein gesucht und da wir gerade die Oberschw\u00e4bische Einzelmeisterschaft ausgerichtet haben, hat er sich dem SV Jedesheim angeschlossen, um dort mitzuspielen. Seitdem ist Bernd ein sehr aktiver und beliebter Schachspieler,\u00a0 ein \u00e4u\u00dferst zuverl\u00e4ssiger Mannschaftsspieler in der 3. Mannschaft.<\/p>\n<div id=\"attachment_6973\" style=\"width: 160px\" class=\"wp-caption alignright\"><a href=\"http:\/\/schach-jedesheim.de\/wp-content\/uploads\/2017\/08\/40-Jahre-SVJ_kl.jpg\" rel=\"lightbox[6942]\"><img loading=\"lazy\" decoding=\"async\" aria-describedby=\"caption-attachment-6973\" class=\"wp-image-6973 size-thumbnail\" src=\"http:\/\/schach-jedesheim.de\/wp-content\/uploads\/2017\/08\/40-Jahre-SVJ_kl-150x150.jpg\" alt=\"\" width=\"150\" height=\"150\" \/><\/a><p id=\"caption-attachment-6973\" class=\"wp-caption-text\">\u00fcber 40 Jahre dabei: Helmut Walter, Monika Moser, Bernhard Jehle (v.l.n.r.)<\/p><\/div>\n<p><strong>F\u00fcr 40-j\u00e4hrige Mitgliedschaft<\/strong> wurden <strong>Helmut Walter<\/strong> und <strong>Bernhard Jehle<\/strong> mit der Goldenen Ehrennadel ausgezeichnet. <strong>Helmut Walter<\/strong> kam zum SV Jedesheim \u00fcber den ersten Schachkurs, den der r\u00fchrige Organisator und Mitbegr\u00fcnder der Abt. Schach, <strong>Karl Meier<\/strong> im Jahre 1974\/75 im Dorf einf\u00fchrte und leitete. An diesem Schachkurs nahmen auch <strong>Monika Moser<\/strong> und <strong>Bernhard Jehle<\/strong> teil, die beide jetzt ebenfalls f\u00fcr 40 Jahre Vereinszugeh\u00f6rigkeit ausgezeichnet wurden. Neben Jugend- und Mannschaftsspielen hat sich der junge <strong>Helmut Walter<\/strong> auch als Funktion\u00e4r hervorgetan. Im Alter von 17 Jahren wurde er am 1. Juli 1976 in den Ausschuss der AH-Schach-Abteilung gew\u00e4hlt. Am 30. Juni 1978 wurde <strong>Helmut Walter<\/strong> zum Protokollf\u00fchrer bei den Abteilungsversammlungen der noch gemeinsamen Abteilung AH-Schach bestellt. Am 1. Juli 1980 entstand dann die eigenst\u00e4ndige Abteilung Schach und <strong>Helmut Walter<\/strong> wurde zum Schrift- und Protokollf\u00fchrer gew\u00e4hlt. Diese Aufgabe erf\u00fcllte Helmut akribisch 4 Jahre lang, bis zum 26.09.1984. Von 1982 bis weit in die 90er Jahre fanden sch\u00f6ne und legend\u00e4re <a href=\"http:\/\/schach-jedesheim.de\/?s=Sommerfest+1982\"><strong>Schach-Sommerfeste<\/strong><\/a> in Walter\u00b4s Garten in Jedesheim statt. Der Beginn einer Tradition, die bis heute fester Bestandteil in der Schachabteilung ist \u2013 am 29. Juli wird das Sommerfest der Schachabteilung seine 35. Auflage.<\/p>\n<p>Im Alter von 15 Jahren kam <strong>Bernhard Jehle<\/strong> \u00fcber seinen Klassenkameraden <strong>Helmut Walter<\/strong> ebenfalls zum Schach-Anf\u00e4ngerkurs 1974. Bereits 1975 wurde er Jugendmeister und wurde in der 3. Mannschaft aufgestellt, die am 28.09.1976 das 1. Schach-Punktspiel f\u00fcr den SV Jedesheim bestritt. Am 06. Januar 1976 wurde <strong>Bernhard Jehle<\/strong> als stellvertretenden Jugendleiter in die Vorstandschaft gew\u00e4hlt, die er ununterbrochen in verschiedenen Positionen, bis heute angeh\u00f6rt. Seit November 2012 ist er auch Vorstandsmitglied im Gesamtverein SV Jedesheim.<\/p>\n<table class=\" aligncenter\" style=\"width: 606.5px;\">\n<tbody>\n<tr>\n<td style=\"width: 300px;\">\n<p><div id=\"attachment_6980\" style=\"width: 310px\" class=\"wp-caption aligncenter\"><a href=\"http:\/\/schach-jedesheim.de\/wp-content\/uploads\/2017\/08\/1974-Schachkurs_kl.jpg\" rel=\"lightbox[6942]\"><img loading=\"lazy\" decoding=\"async\" aria-describedby=\"caption-attachment-6980\" class=\"size-medium wp-image-6980\" src=\"http:\/\/schach-jedesheim.de\/wp-content\/uploads\/2017\/08\/1974-Schachkurs_kl-300x190.jpg\" alt=\"\" width=\"300\" height=\"190\" srcset=\"https:\/\/schach-jedesheim.de\/wp-content\/uploads\/2017\/08\/1974-Schachkurs_kl-300x190.jpg 300w, https:\/\/schach-jedesheim.de\/wp-content\/uploads\/2017\/08\/1974-Schachkurs_kl-768x486.jpg 768w, https:\/\/schach-jedesheim.de\/wp-content\/uploads\/2017\/08\/1974-Schachkurs_kl.jpg 800w\" sizes=\"auto, (max-width: 300px) 100vw, 300px\" \/><\/a><p id=\"caption-attachment-6980\" class=\"wp-caption-text\">1. Schachkurs 1974 &#8211; mit Helmut Walter, Bernhard Jehle und Monika Moser<\/p><\/div><\/td>\n<td style=\"width: 301.5px;\">\n<p><div id=\"attachment_6983\" style=\"width: 310px\" class=\"wp-caption aligncenter\"><a href=\"http:\/\/schach-jedesheim.de\/wp-content\/uploads\/2017\/08\/Weichnachtsfeier-1976-Stra\u00df_klein.jpg\" rel=\"lightbox[6942]\"><img loading=\"lazy\" decoding=\"async\" aria-describedby=\"caption-attachment-6983\" class=\"size-medium wp-image-6983\" src=\"http:\/\/schach-jedesheim.de\/wp-content\/uploads\/2017\/08\/Weichnachtsfeier-1976-Stra\u00df_klein-300x171.jpg\" alt=\"\" width=\"300\" height=\"171\" srcset=\"https:\/\/schach-jedesheim.de\/wp-content\/uploads\/2017\/08\/Weichnachtsfeier-1976-Stra\u00df_klein-300x171.jpg 300w, https:\/\/schach-jedesheim.de\/wp-content\/uploads\/2017\/08\/Weichnachtsfeier-1976-Stra\u00df_klein-768x437.jpg 768w, https:\/\/schach-jedesheim.de\/wp-content\/uploads\/2017\/08\/Weichnachtsfeier-1976-Stra\u00df_klein.jpg 800w\" sizes=\"auto, (max-width: 300px) 100vw, 300px\" \/><\/a><p id=\"caption-attachment-6983\" class=\"wp-caption-text\">Weichnachtsfeier 1976 in Stra\u00df (Schw\u00e4bischer Schachbund) mit Helmut Walter, Bernhard Jehle und Senior Karl Meier.<\/p><\/div><\/td>\n<\/tr>\n<\/tbody>\n<\/table>\n<p>&nbsp;<\/p>\n<p>&nbsp;<\/p>\n","protected":false},"excerpt":{"rendered":"<p>Bei der Jahreshauptversammlung des SV Jedesheim standen erneut wieder Ehrungen auf dem Programm. Erfreulicherweise konnten auch diesmal Mitglieder der Abteilung Schach f\u00fcr langj\u00e4hrige Mitgliedschaft geehrt werden: Bernd K\u00fchn wurde f\u00fcr 25-j\u00e4hrige Mitgliedschaft in der&#46;&#46;&#46;<\/p>\n","protected":false},"author":1,"featured_media":6972,"comment_status":"open","ping_status":"open","sticky":false,"template":"","format":"standard","meta":{"_price":"","_stock":"","_tribe_ticket_header":"","_tribe_default_ticket_provider":"","_tribe_ticket_capacity":"0","_ticket_start_date":"","_ticket_end_date":"","_tribe_ticket_show_description":"","_tribe_ticket_show_not_going":false,"_tribe_ticket_use_global_stock":"","_tribe_ticket_global_stock_level":"","_global_stock_mode":"","_global_stock_cap":"","_tribe_rsvp_for_event":"","_tribe_ticket_going_count":"","_tribe_ticket_not_going_count":"","_tribe_tickets_list":"[]","_tribe_ticket_has_attendee_info_fields":false,"footnotes":""},"categories":[1],"tags":[],"class_list":["post-6942","post","type-post","status-publish","format-standard","has-post-thumbnail","hentry","category-allgemein"],"_links":{"self":[{"href":"https:\/\/schach-jedesheim.de\/index.php?rest_route=\/wp\/v2\/posts\/6942","targetHints":{"allow":["GET"]}}],"collection":[{"href":"https:\/\/schach-jedesheim.de\/index.php?rest_route=\/wp\/v2\/posts"}],"about":[{"href":"https:\/\/schach-jedesheim.de\/index.php?rest_route=\/wp\/v2\/types\/post"}],"author":[{"embeddable":true,"href":"https:\/\/schach-jedesheim.de\/index.php?rest_route=\/wp\/v2\/users\/1"}],"replies":[{"embeddable":true,"href":"https:\/\/schach-jedesheim.de\/index.php?rest_route=%2Fwp%2Fv2%2Fcomments&post=6942"}],"version-history":[{"count":17,"href":"https:\/\/schach-jedesheim.de\/index.php?rest_route=\/wp\/v2\/posts\/6942\/revisions"}],"predecessor-version":[{"id":7001,"href":"https:\/\/schach-jedesheim.de\/index.php?rest_route=\/wp\/v2\/posts\/6942\/revisions\/7001"}],"wp:featuredmedia":[{"embeddable":true,"href":"https:\/\/schach-jedesheim.de\/index.php?rest_route=\/wp\/v2\/media\/6972"}],"wp:attachment":[{"href":"https:\/\/schach-jedesheim.de\/index.php?rest_route=%2Fwp%2Fv2%2Fmedia&parent=6942"}],"wp:term":[{"taxonomy":"category","embeddable":true,"href":"https:\/\/schach-jedesheim.de\/index.php?rest_route=%2Fwp%2Fv2%2Fcategories&post=6942"},{"taxonomy":"post_tag","embeddable":true,"href":"https:\/\/schach-jedesheim.de\/index.php?rest_route=%2Fwp%2Fv2%2Ftags&post=6942"}],"curies":[{"name":"wp","href":"https:\/\/api.w.org\/{rel}","templated":true}]}}