{"id":7149,"date":"2017-09-18T13:44:07","date_gmt":"2017-09-18T13:44:07","guid":{"rendered":"http:\/\/schach-jedesheim.de\/?p=7149"},"modified":"2020-06-14T13:18:25","modified_gmt":"2020-06-14T12:18:25","slug":"landesliga-kantersieg-fuer-jedesheim-2","status":"publish","type":"post","link":"https:\/\/schach-jedesheim.de\/?p=7149","title":{"rendered":"Mannschaften: Kantersieg + knappe Niederlage"},"content":{"rendered":"<p><strong>Oberliga: Weiler im Allg\u00e4u &#8211; Jedesheim 1\u00a0 4,5:3,5<\/strong><br \/>\nMit einem 3,5 : 4,5 musste die 1. Mannschaft in die Saison gehen. Der Gegner konnte allerdings auch zwei Gro\u00dfmeister und drei internationale Meister an den ersten f\u00fcnf Brettern aufbieten. Somit ist die Leistung unserer 1. Mannschaft gar nicht so schlecht einzustufen.<br \/>\nIm Einzelnen kann man das Remis an Brett 2 von <strong>Mark Heidenfeld<\/strong> gegen GM Plat Vojtech (Elo 2539!) hervorheben, aber auch der Sieg f\u00fcr die Jedesheimer von <strong>Dimitriy Anistratov<\/strong> an Brett 3, der gegen Thomas Henrichs, IM mit Elo 2482, einen Glanzpunkt setzen konnte. Und <strong>Hans-Michael Stiepan<\/strong> bewies wieder einmal, wie schon in der vergangenen Saison, dass er ein zuverl\u00e4ssiger Punktelieferant f\u00fcr die Mannschaft ist.<br \/>\nDiese Mannschaftsleistung l\u00e4sst uns hoffnungsfroh in die Zukunft sehen.<\/p>\n<p><strong>Landesliga: Jedesheim 2 &#8211; WD Ulm 2\u00a0 7:1<\/strong><br \/>\nMit einem von Anfang an ungef\u00e4hrdeten Sieg startete die 2. Mannschaft in die Saison. Dass es gleich ein 7:1 Resultat werden w\u00fcrde, war vielleicht im Vorfeld nicht zu erwarten, aber der Spielverlauf, insbesondere im fortgeschrittenen Stadium der Partien, zeigte die klare Dominanz unserer Spieler. So gelang z. B. <strong>Fabrice Bacquele<\/strong>, unserem Neuzugang an Brett 1, ein mit einem Qualit\u00e4tsopfer versehener Gewinn, nachdem er die \u00e4u\u00dferst seltene Er\u00f6ffnung &#8222;1. g2-g4&#8220; seines Gegners parierte. Neben weiteren solide gef\u00fchrten und gewonnenen bzw. remisierten Partien zeigten <strong>Manfred Grosse<\/strong> und <strong>Bernhard Jehle,<\/strong> wie man nicht stellungsgerechte Z\u00fcge des Gegners zu \u00fcberzeugenden Angriffspartien ausnutzen kann. Weitere\u00a0Punkte zum hohen Sieg steuerten <strong>Simon Heinrici<\/strong> (Brett 2), <strong>Alexander Langwieser<\/strong> (Brett\u00a03) und <strong>Patrick Bossinger<\/strong> (Brett 4) bei. <strong>Markus Eichhorn<\/strong> (Brett\u00a05) und <strong>Dietmar Seitz<\/strong> (Brett\u00a08) spielten Remis.<br \/>\nAm 15. Oktober geht es dann zum Aufsteiger nach Obersulmetingen, wo wir hoffentlich an diese \u00fcberzeugende Leistung ankn\u00fcpfen k\u00f6nnen.<\/p>\n","protected":false},"excerpt":{"rendered":"<p>Oberliga: Weiler im Allg\u00e4u &#8211; Jedesheim 1\u00a0 4,5:3,5 Mit einem 3,5 : 4,5 musste die 1. Mannschaft in die Saison gehen. Der Gegner konnte allerdings auch zwei Gro\u00dfmeister und drei internationale Meister an den&#46;&#46;&#46;<\/p>\n","protected":false},"author":15,"featured_media":10832,"comment_status":"closed","ping_status":"closed","sticky":false,"template":"","format":"standard","meta":{"_price":"","_stock":"","_tribe_ticket_header":"","_tribe_default_ticket_provider":"","_tribe_ticket_capacity":"0","_ticket_start_date":"","_ticket_end_date":"","_tribe_ticket_show_description":"","_tribe_ticket_show_not_going":false,"_tribe_ticket_use_global_stock":"","_tribe_ticket_global_stock_level":"","_global_stock_mode":"","_global_stock_cap":"","_tribe_rsvp_for_event":"","_tribe_ticket_going_count":"","_tribe_ticket_not_going_count":"","_tribe_tickets_list":"[]","_tribe_ticket_has_attendee_info_fields":false,"footnotes":""},"categories":[1],"tags":[],"class_list":["post-7149","post","type-post","status-publish","format-standard","has-post-thumbnail","hentry","category-allgemein"],"_links":{"self":[{"href":"https:\/\/schach-jedesheim.de\/index.php?rest_route=\/wp\/v2\/posts\/7149","targetHints":{"allow":["GET"]}}],"collection":[{"href":"https:\/\/schach-jedesheim.de\/index.php?rest_route=\/wp\/v2\/posts"}],"about":[{"href":"https:\/\/schach-jedesheim.de\/index.php?rest_route=\/wp\/v2\/types\/post"}],"author":[{"embeddable":true,"href":"https:\/\/schach-jedesheim.de\/index.php?rest_route=\/wp\/v2\/users\/15"}],"replies":[{"embeddable":true,"href":"https:\/\/schach-jedesheim.de\/index.php?rest_route=%2Fwp%2Fv2%2Fcomments&post=7149"}],"version-history":[{"count":6,"href":"https:\/\/schach-jedesheim.de\/index.php?rest_route=\/wp\/v2\/posts\/7149\/revisions"}],"predecessor-version":[{"id":7164,"href":"https:\/\/schach-jedesheim.de\/index.php?rest_route=\/wp\/v2\/posts\/7149\/revisions\/7164"}],"wp:featuredmedia":[{"embeddable":true,"href":"https:\/\/schach-jedesheim.de\/index.php?rest_route=\/wp\/v2\/media\/10832"}],"wp:attachment":[{"href":"https:\/\/schach-jedesheim.de\/index.php?rest_route=%2Fwp%2Fv2%2Fmedia&parent=7149"}],"wp:term":[{"taxonomy":"category","embeddable":true,"href":"https:\/\/schach-jedesheim.de\/index.php?rest_route=%2Fwp%2Fv2%2Fcategories&post=7149"},{"taxonomy":"post_tag","embeddable":true,"href":"https:\/\/schach-jedesheim.de\/index.php?rest_route=%2Fwp%2Fv2%2Ftags&post=7149"}],"curies":[{"name":"wp","href":"https:\/\/api.w.org\/{rel}","templated":true}]}}