{"id":7165,"date":"2017-09-20T16:24:48","date_gmt":"2017-09-20T16:24:48","guid":{"rendered":"http:\/\/schach-jedesheim.de\/?p=7165"},"modified":"2020-06-07T17:52:04","modified_gmt":"2020-06-07T16:52:04","slug":"in-memoriam-hans-herbasch-27-02-1953-12-09-2017","status":"publish","type":"post","link":"https:\/\/schach-jedesheim.de\/?p=7165","title":{"rendered":"In Memoriam: Hans Herbasch (27.02.1953-12.09.2017)"},"content":{"rendered":"<p>Die Schachfreunde des SV Jedesheim trauern um ihr langj\u00e4hriges Mitglied <strong>Hans Herbasch<\/strong>, der am 12. September 2017 &#8211; viel zu fr\u00fch &#8211;\u00a0 verstorben ist.<\/p>\n<p>Hans Herbasch war mit ganzem Herzen schachbegeistert und hat bis zuletzt mit viel Freude Schach gespielt. Er\u00a0 ist am 01. Juni 1996 in den Sportverein Jedesheim eingetreten und war seither mit seinem gro\u00dfen Wissen eine wichtige St\u00fctze f\u00fcr seine Mannschaft.<br \/>\nAls leidenschaftlicher Schachspieler konnte Hans stolz auf seine Erfolge sein. Mit gro\u00dfer Begeisterung hat er auch\u00a0immer von\u00a0unserem Konzert erz\u00e4hlt, dass vor einem Jahr bei Kaffee und Kuchen in seinem Wohnzimmer &#8222;erfunden&#8220; wurde. Als Realschuldirektor war Hans auch dem Schulschach sehr verbunden. Die von ihm organisierten Schw\u00e4bischen Schulschachmeisterschaften in Zusmarshausen und an &#8222;seiner&#8220; Realschule in Pfuhl waren tolle Veranstaltungen und sind vielen noch in bleibender Erinnerung.<\/p>\n<p>Unser tiefes Mitgef\u00fchl gilt seiner lieben Frau\u00a0Isolde, seinen Kindern und Enkelkindern.<br \/>\nWir sind dankbar f\u00fcr seine Vereinstreue, seine Kameradschaft und seinen Einsatz f\u00fcr das Schach.<br \/>\nWir werden ihm ein ehrendes Gedenken bewahren.<br \/>\n<a href=\"http:\/\/schach-jedesheim.de\/wp-content\/uploads\/2017\/09\/Hans-herbasch.gif\" rel=\"lightbox[7165]\"><img loading=\"lazy\" decoding=\"async\" class=\"size-medium wp-image-7169 aligncenter\" src=\"http:\/\/schach-jedesheim.de\/wp-content\/uploads\/2017\/09\/Hans-herbasch-300x202.gif\" alt=\"\" width=\"300\" height=\"202\" srcset=\"https:\/\/schach-jedesheim.de\/wp-content\/uploads\/2017\/09\/Hans-herbasch-300x202.gif 300w, https:\/\/schach-jedesheim.de\/wp-content\/uploads\/2017\/09\/Hans-herbasch-768x516.gif 768w, https:\/\/schach-jedesheim.de\/wp-content\/uploads\/2017\/09\/Hans-herbasch-1024x688.gif 1024w\" sizes=\"auto, (max-width: 300px) 100vw, 300px\" \/><\/a><\/p>\n<p>&nbsp;<\/p>\n<p>&nbsp;<\/p>\n","protected":false},"excerpt":{"rendered":"<p>Die Schachfreunde des SV Jedesheim trauern um ihr langj\u00e4hriges Mitglied Hans Herbasch, der am 12. September 2017 &#8211; viel zu fr\u00fch &#8211;\u00a0 verstorben ist. Hans Herbasch war mit ganzem Herzen schachbegeistert und hat bis&#46;&#46;&#46;<\/p>\n","protected":false},"author":1,"featured_media":11137,"comment_status":"open","ping_status":"open","sticky":false,"template":"","format":"standard","meta":{"_price":"","_stock":"","_tribe_ticket_header":"","_tribe_default_ticket_provider":"","_tribe_ticket_capacity":"0","_ticket_start_date":"","_ticket_end_date":"","_tribe_ticket_show_description":"","_tribe_ticket_show_not_going":false,"_tribe_ticket_use_global_stock":"","_tribe_ticket_global_stock_level":"","_global_stock_mode":"","_global_stock_cap":"","_tribe_rsvp_for_event":"","_tribe_ticket_going_count":"","_tribe_ticket_not_going_count":"","_tribe_tickets_list":"[]","_tribe_ticket_has_attendee_info_fields":false,"footnotes":""},"categories":[39],"tags":[],"class_list":["post-7165","post","type-post","status-publish","format-standard","has-post-thumbnail","hentry","category-nachruf"],"_links":{"self":[{"href":"https:\/\/schach-jedesheim.de\/index.php?rest_route=\/wp\/v2\/posts\/7165","targetHints":{"allow":["GET"]}}],"collection":[{"href":"https:\/\/schach-jedesheim.de\/index.php?rest_route=\/wp\/v2\/posts"}],"about":[{"href":"https:\/\/schach-jedesheim.de\/index.php?rest_route=\/wp\/v2\/types\/post"}],"author":[{"embeddable":true,"href":"https:\/\/schach-jedesheim.de\/index.php?rest_route=\/wp\/v2\/users\/1"}],"replies":[{"embeddable":true,"href":"https:\/\/schach-jedesheim.de\/index.php?rest_route=%2Fwp%2Fv2%2Fcomments&post=7165"}],"version-history":[{"count":12,"href":"https:\/\/schach-jedesheim.de\/index.php?rest_route=\/wp\/v2\/posts\/7165\/revisions"}],"predecessor-version":[{"id":7184,"href":"https:\/\/schach-jedesheim.de\/index.php?rest_route=\/wp\/v2\/posts\/7165\/revisions\/7184"}],"wp:featuredmedia":[{"embeddable":true,"href":"https:\/\/schach-jedesheim.de\/index.php?rest_route=\/wp\/v2\/media\/11137"}],"wp:attachment":[{"href":"https:\/\/schach-jedesheim.de\/index.php?rest_route=%2Fwp%2Fv2%2Fmedia&parent=7165"}],"wp:term":[{"taxonomy":"category","embeddable":true,"href":"https:\/\/schach-jedesheim.de\/index.php?rest_route=%2Fwp%2Fv2%2Fcategories&post=7165"},{"taxonomy":"post_tag","embeddable":true,"href":"https:\/\/schach-jedesheim.de\/index.php?rest_route=%2Fwp%2Fv2%2Ftags&post=7165"}],"curies":[{"name":"wp","href":"https:\/\/api.w.org\/{rel}","templated":true}]}}