{"id":733,"date":"2008-08-04T12:40:29","date_gmt":"2008-08-04T12:40:29","guid":{"rendered":"http:\/\/schach-jedesheim.de\/?p=733"},"modified":"2020-06-14T13:22:10","modified_gmt":"2020-06-14T12:22:10","slug":"900-jahre-jedesheim-das-mittelalter-kehrt-zuruck","status":"publish","type":"post","link":"https:\/\/schach-jedesheim.de\/?p=733","title":{"rendered":"900 Jahre Jedesheim: Das Mittelalter kehrt zur\u00fcck &#8230;"},"content":{"rendered":"<table style=\"height: 150px; width: 150px;\" border=\"1\" cellspacing=\"1\" cellpadding=\"1\" align=\"left\">\n<tbody>\n<tr>\n<td><a href=\"http:\/\/schach-jedesheim.de\/wp-content\/uploads\/image\/900er-1.jpg\" rel=\"lightbox[733]\"><img loading=\"lazy\" decoding=\"async\" src=\"http:\/\/schach-jedesheim.de\/wp-content\/uploads\/image\/900er-1.jpg\" alt=\"\" width=\"150\" height=\"159\" \/><\/a><\/td>\n<\/tr>\n<\/tbody>\n<\/table>\n<p>Mit einem glanzvollen historischen Festwochenende feierte Jedesheim das 900-j\u00e4hrige Dorfjubil\u00e4um. Hunderte Kelten, Alemannen und Kreuzritter hatten sich in der gro\u00dfen Zeltstadt eingefunden, um tausende Besucher am<\/p>\n<table style=\"height: 150px; width: 92px;\" border=\"1\" cellspacing=\"1\" cellpadding=\"1\" align=\"right\">\n<caption>Matthias Lerch in historischer Tracht<\/caption>\n<tbody>\n<tr>\n<td><a href=\"http:\/\/schach-jedesheim.de\/wp-content\/uploads\/image\/900er-2.jpg\" rel=\"lightbox[733]\"><img loading=\"lazy\" decoding=\"async\" src=\"http:\/\/schach-jedesheim.de\/wp-content\/uploads\/image\/900er-2.jpg\" alt=\"\" width=\"87\" height=\"200\" \/><\/a><\/td>\n<\/tr>\n<\/tbody>\n<\/table>\n<p>mittelalterlichen Lagerleben und am Handwerkermarkt teilhaben zu lassen. Es war ein \u00fcberragendes Fest.<\/p>\n<p>H\u00f6hepunkt war der Sonntag mit dem historische Festumzug sowie einem gigantisches Feuerwerk. Zusammen mit anderen Sportkameraden waren wir in der Gruppe &#8222;V\u00f6hlin&#8220; beim Umzug dabei.<\/p>\n<p><strong><a href=\"http:\/\/www.jedesheim900.de\/\">Weitere Bilder zur 900-Jahrfeier und \u00fcber das Dorf Jedesheim<\/a><\/strong><\/p>\n","protected":false},"excerpt":{"rendered":"<p>Mit einem glanzvollen historischen Festwochenende feierte Jedesheim das 900-j\u00e4hrige Dorfjubil\u00e4um. Hunderte Kelten, Alemannen und Kreuzritter hatten sich in der gro\u00dfen Zeltstadt eingefunden, um tausende Besucher am Matthias Lerch in historischer Tracht mittelalterlichen Lagerleben und&#46;&#46;&#46;<\/p>\n","protected":false},"author":1,"featured_media":11424,"comment_status":"open","ping_status":"open","sticky":false,"template":"","format":"standard","meta":{"_price":"","_stock":"","_tribe_ticket_header":"","_tribe_default_ticket_provider":"","_tribe_ticket_capacity":"0","_ticket_start_date":"","_ticket_end_date":"","_tribe_ticket_show_description":"","_tribe_ticket_show_not_going":false,"_tribe_ticket_use_global_stock":"","_tribe_ticket_global_stock_level":"","_global_stock_mode":"","_global_stock_cap":"","_tribe_rsvp_for_event":"","_tribe_ticket_going_count":"","_tribe_ticket_not_going_count":"","_tribe_tickets_list":"[]","_tribe_ticket_has_attendee_info_fields":false,"footnotes":""},"categories":[1],"tags":[],"class_list":["post-733","post","type-post","status-publish","format-standard","has-post-thumbnail","hentry","category-allgemein"],"_links":{"self":[{"href":"https:\/\/schach-jedesheim.de\/index.php?rest_route=\/wp\/v2\/posts\/733","targetHints":{"allow":["GET"]}}],"collection":[{"href":"https:\/\/schach-jedesheim.de\/index.php?rest_route=\/wp\/v2\/posts"}],"about":[{"href":"https:\/\/schach-jedesheim.de\/index.php?rest_route=\/wp\/v2\/types\/post"}],"author":[{"embeddable":true,"href":"https:\/\/schach-jedesheim.de\/index.php?rest_route=\/wp\/v2\/users\/1"}],"replies":[{"embeddable":true,"href":"https:\/\/schach-jedesheim.de\/index.php?rest_route=%2Fwp%2Fv2%2Fcomments&post=733"}],"version-history":[{"count":4,"href":"https:\/\/schach-jedesheim.de\/index.php?rest_route=\/wp\/v2\/posts\/733\/revisions"}],"predecessor-version":[{"id":11425,"href":"https:\/\/schach-jedesheim.de\/index.php?rest_route=\/wp\/v2\/posts\/733\/revisions\/11425"}],"wp:featuredmedia":[{"embeddable":true,"href":"https:\/\/schach-jedesheim.de\/index.php?rest_route=\/wp\/v2\/media\/11424"}],"wp:attachment":[{"href":"https:\/\/schach-jedesheim.de\/index.php?rest_route=%2Fwp%2Fv2%2Fmedia&parent=733"}],"wp:term":[{"taxonomy":"category","embeddable":true,"href":"https:\/\/schach-jedesheim.de\/index.php?rest_route=%2Fwp%2Fv2%2Fcategories&post=733"},{"taxonomy":"post_tag","embeddable":true,"href":"https:\/\/schach-jedesheim.de\/index.php?rest_route=%2Fwp%2Fv2%2Ftags&post=733"}],"curies":[{"name":"wp","href":"https:\/\/api.w.org\/{rel}","templated":true}]}}