{"id":7650,"date":"2018-02-17T16:27:11","date_gmt":"2018-02-17T16:27:11","guid":{"rendered":"http:\/\/schach-jedesheim.de\/?p=7650"},"modified":"2020-06-04T00:06:20","modified_gmt":"2020-06-03T23:06:20","slug":"illertissen-mirjam-und-hannah-zell-mit-jugendfoerderpreis-ausgezeichnet","status":"publish","type":"post","link":"https:\/\/schach-jedesheim.de\/?p=7650","title":{"rendered":"Illertissen: Mirjam und Hannah Zell mit Jugendf\u00f6rderpreis ausgezeichnet"},"content":{"rendered":"<p>Um herausragende Leistungen bzw. Qualifikationen junger Menschen\u00a0 bzw. Gruppen\/Mannschaften auf den Gebieten Sport, Musik, Kultur, Ehrenamt, Wissenschaft oder Arbeit besonders zu w\u00fcrdigen, hat die Stadt Illertissen Ende 2014 den Jugendf\u00f6rderpreis ins Leben gerufen.<\/p>\n<div id=\"attachment_7652\" style=\"width: 310px\" class=\"wp-caption alignleft\"><a href=\"http:\/\/schach-jedesheim.de\/wp-content\/uploads\/2018\/02\/IMG_9403.jpg\" rel=\"lightbox[7650]\"><img loading=\"lazy\" decoding=\"async\" aria-describedby=\"caption-attachment-7652\" class=\"size-medium wp-image-7652\" src=\"http:\/\/schach-jedesheim.de\/wp-content\/uploads\/2018\/02\/IMG_9403-300x225.jpg\" alt=\"\" width=\"300\" height=\"225\" srcset=\"https:\/\/schach-jedesheim.de\/wp-content\/uploads\/2018\/02\/IMG_9403-300x225.jpg 300w, https:\/\/schach-jedesheim.de\/wp-content\/uploads\/2018\/02\/IMG_9403-768x576.jpg 768w, https:\/\/schach-jedesheim.de\/wp-content\/uploads\/2018\/02\/IMG_9403.jpg 1000w\" sizes=\"auto, (max-width: 300px) 100vw, 300px\" \/><\/a><p id=\"caption-attachment-7652\" class=\"wp-caption-text\">Jugendf\u00f6rderpreis 2018 der Stadt Illertissen<\/p><\/div>\n<p>Am 30. September 2017 endete die Bewerbungsfrist. Eine Vielzahl an Nominierungen sind im Rathaus eingegangen. Am Freitag, den 16. Februar 2018 um 18 Uhr wurden in der Kategorie Sport <strong>Mirjam<\/strong> und <strong>Hannah Zell<\/strong> mit dem Jugendf\u00f6rderpreis 2018 der Stadt Illertissen ausgezeichnet. Laudator B\u00fcrgermeister J\u00fcrgen Eisen w\u00fcrdigte <strong>Hannah Zells<\/strong> gute Leistungen im Bereich Schach. Er listete <strong>Hannahs<\/strong> Erfolge der letzten zwei Jahre auf:<\/p>\n<p>2017: Kreis-, Bezirks- und\u00a0W\u00fcrttembergische Meisterin U14w,\u00a0Teilnahme an den Deutschen Jugendeinzelmeisterschaften<\/p>\n<p>2016: Kreis- und Bezirksmeisterin, W\u00fcrttembergische Vizemeisterin U12w, Teilnahme an den Deutschen Jugendeinzelmeisterschaften<\/p>\n<p><strong>Mirjam Zell<\/strong> wurde ebenfalls f\u00fcr ihre schachlichen Leistungen geehrt:<\/p>\n<p>2017: Kreismeisterin, Bezirksvizemeisterin, W\u00fcrttembergische Vizemeisterin U18w, Teilnahme an der Offenen Deutschen Jugendeinzelmeisterschaft, 1. Platz in der U18w<\/p>\n<p>2016: Kreis- und Bezirksmeisterin, W\u00fcrttembergische Vizemeisterin U16w, Teilnahme an der Offenen Deutschen Jugendeinzelmeisterschaft<\/p>\n<p>Erw\u00e4hnenswert ist, das <strong>Mirjam<\/strong> neben den Einzelf\u00f6rderpreis auch mit der Schulblaskapelle &#8222;G&#8217;spielt und blosen&#8220; sowie mit der Unifiedmannschaft (Lebenshilfe + Kolleg der Schulbr\u00fcder) den Jugendf\u00f6rderpreis der Stadt Illertissen erhalten hat.<\/p>\n<p>Der Jugendf\u00f6rderpreis der Stadt Illertissen wurde an insgesamt 18 Jugendliche sowie an zwei Mannschaften vergeben.<\/p>\n<p><a href=\"http:\/\/www.augsburger-allgemeine.de\/illertissen\/Die-Stadt-wuerdigt-ihre-jungen-Talente-id44257161.html\" target=\"_blank\" rel=\"noopener noreferrer\">Link zum Zeitungsbericht der IZ vom 19.02.2018<\/a><\/p>\n<div id=\"attachment_5141\" class=\"wp-caption alignleft\">\n<p class=\"wp-caption-text\">\n<\/div>\n","protected":false},"excerpt":{"rendered":"<p>Um herausragende Leistungen bzw. Qualifikationen junger Menschen\u00a0 bzw. Gruppen\/Mannschaften auf den Gebieten Sport, Musik, Kultur, Ehrenamt, Wissenschaft oder Arbeit besonders zu w\u00fcrdigen, hat die Stadt Illertissen Ende 2014 den Jugendf\u00f6rderpreis ins Leben gerufen. Am&#46;&#46;&#46;<\/p>\n","protected":false},"author":9,"featured_media":7652,"comment_status":"open","ping_status":"open","sticky":false,"template":"","format":"standard","meta":{"_price":"","_stock":"","_tribe_ticket_header":"","_tribe_default_ticket_provider":"","_tribe_ticket_capacity":"0","_ticket_start_date":"","_ticket_end_date":"","_tribe_ticket_show_description":"","_tribe_ticket_show_not_going":false,"_tribe_ticket_use_global_stock":"","_tribe_ticket_global_stock_level":"","_global_stock_mode":"","_global_stock_cap":"","_tribe_rsvp_for_event":"","_tribe_ticket_going_count":"","_tribe_ticket_not_going_count":"","_tribe_tickets_list":"[]","_tribe_ticket_has_attendee_info_fields":false,"footnotes":""},"categories":[4],"tags":[],"class_list":["post-7650","post","type-post","status-publish","format-standard","has-post-thumbnail","hentry","category-jugend"],"_links":{"self":[{"href":"https:\/\/schach-jedesheim.de\/index.php?rest_route=\/wp\/v2\/posts\/7650","targetHints":{"allow":["GET"]}}],"collection":[{"href":"https:\/\/schach-jedesheim.de\/index.php?rest_route=\/wp\/v2\/posts"}],"about":[{"href":"https:\/\/schach-jedesheim.de\/index.php?rest_route=\/wp\/v2\/types\/post"}],"author":[{"embeddable":true,"href":"https:\/\/schach-jedesheim.de\/index.php?rest_route=\/wp\/v2\/users\/9"}],"replies":[{"embeddable":true,"href":"https:\/\/schach-jedesheim.de\/index.php?rest_route=%2Fwp%2Fv2%2Fcomments&post=7650"}],"version-history":[{"count":7,"href":"https:\/\/schach-jedesheim.de\/index.php?rest_route=\/wp\/v2\/posts\/7650\/revisions"}],"predecessor-version":[{"id":10821,"href":"https:\/\/schach-jedesheim.de\/index.php?rest_route=\/wp\/v2\/posts\/7650\/revisions\/10821"}],"wp:featuredmedia":[{"embeddable":true,"href":"https:\/\/schach-jedesheim.de\/index.php?rest_route=\/wp\/v2\/media\/7652"}],"wp:attachment":[{"href":"https:\/\/schach-jedesheim.de\/index.php?rest_route=%2Fwp%2Fv2%2Fmedia&parent=7650"}],"wp:term":[{"taxonomy":"category","embeddable":true,"href":"https:\/\/schach-jedesheim.de\/index.php?rest_route=%2Fwp%2Fv2%2Fcategories&post=7650"},{"taxonomy":"post_tag","embeddable":true,"href":"https:\/\/schach-jedesheim.de\/index.php?rest_route=%2Fwp%2Fv2%2Ftags&post=7650"}],"curies":[{"name":"wp","href":"https:\/\/api.w.org\/{rel}","templated":true}]}}