{"id":79,"date":"2011-07-25T19:11:25","date_gmt":"2011-07-25T19:11:25","guid":{"rendered":"http:\/\/schach-jedesheim.de\/?p=79"},"modified":"2020-06-14T19:16:36","modified_gmt":"2020-06-14T18:16:36","slug":"offene-baden-wurttembergische-u8-meisterschaft-2011-im-reiterhof-illertissen-23-24-juli-2011","status":"publish","type":"post","link":"https:\/\/schach-jedesheim.de\/?p=79","title":{"rendered":"Offene Baden-W\u00fcrttembergische U8-Meisterschaft 2011"},"content":{"rendered":"<p><a title=\"Bild zum Vergr\u00f6\u00dfern anklicken\"><img decoding=\"async\" class=\"foto\" style=\"float: left;\" src=\"http:\/\/sv-jedesheim.de\/daten\/inhalt\/bilder\/k3345.jpg\" \/><\/a><\/p>\n<p>Die <strong>Offene Baden-W\u00fcrttembergische Meisterschaft<\/strong> f\u00fcr Kinder unter 8 Jahren am 23. und 24. Juli in Illertissen wird allen Beteiligten, Eltern und Kinder noch lange in guter Erinnerung bleiben. Der am Stadtrand gelegene, idyllische Reiterhof Illertal, am gleichnamigen Grenzfluss zwischen W\u00fcrttembe<img loading=\"lazy\" decoding=\"async\" src=\"http:\/\/schach-jedesheim.de\/wp-content\/uploads\/k3346.jpg\" alt=\"\" width=\"146\" height=\"150\" align=\"right\" \/>rg und Bayern, bot ideale Bedingungen f\u00fcr Turnier, \u00dcbernachtung und Freizeitaktivit\u00e4ten.<br \/>\nDas Motto<strong> \u201eWikinger\u201c<\/strong> beherrschte das ganze Wochenende und so war der Turniersaal mit farbigen Wikingerbildern geschm\u00fcckt und im Wikinger-R\u00fcckzugsraum konnten die Kinder viele bunte Bilder zum Thema malen. Beim Wikinger-Schachquiz gab es sch\u00f6ne Preise zu gewinnen. Den Hauptpreis gewann Stjepan-Maximilian Gajek.<br \/>\nNeben Malen, Fu\u00dfball und Pony stand am Samstagabend auch ein Besuch der Schwabenb\u00fchne Illertissen auf dem Freizeitprogramm.<\/p>\n<p>Auf der sch\u00f6n angelegten Freilichtb\u00fchne beim Schlo\u00df Illertissen kam das St\u00fcck \u201eMein Freund Wicke\u201c als Kindertheater zur Auff\u00fchrung.<\/p>\n<p>Ein unvergesslicher und lustiger Abend f\u00fcr alle 40 Teilnehmer:<\/p>\n<p><!--more--><br \/>\n<a title=\"Bild zum Vergr\u00f6\u00dfern anklicken\"><img decoding=\"async\" class=\"foto\" style=\"float: left;\" src=\"http:\/\/sv-jedesheim.de\/daten\/inhalt\/bilder\/k3351.jpg\" \/><\/a><\/p>\n<p><span style=\"font-weight: bold;\">&#8222;Mein Freund Wickie\u201c <\/span><\/p>\n<p>Wickie passt so gar nicht in die wilde Wikingerhorde seines Vaters, dem Anf\u00fchrer Halvar.<br \/>\nEr ist klein, schm\u00e4chtig und \u00e4ngstlich, hat aber jede Menge Grips! So rettet er mit seinen genialen Geistesblitzen und tollen Ideen die Mannschaft ein ums andere Mal.<\/p>\n<p>Was beweist: man mu\u00df nicht gro\u00df sein, um gro\u00df zu sein !<\/p>\n<p>Besonders bei der Schachpartie gegen den \u00fcberheblichen K\u00f6nig Torkel zeigt Wickie sein K\u00f6nnen. K\u00fchn opfert der kleine Wikinger zuerst Turm, dann Dame und setzt mit seinen verbliebenen Leichtfiguren den K\u00f6nig Matt. Als Lohn f\u00fcr den Sieg darf Wickie mit seinen Mannen weiterziehen.<\/p>\n<p><img decoding=\"async\" class=\"foto\" style=\"float: none;\" src=\"http:\/\/sv-jedesheim.de\/daten\/inhalt\/bilder\/3352.jpg\" \/><br \/>\n<a title=\"Bild zum Vergr\u00f6\u00dfern anklicken\"><img decoding=\"async\" class=\"foto\" style=\"float: right;\" src=\"http:\/\/sv-jedesheim.de\/daten\/inhalt\/bilder\/k3353.jpg\" \/><\/a>Doch es wurde auch Schach gespielt.<br \/>\nDas U8-Turnier wurde von \u201eHalvar\u201c Christian Erfle (W\u00fcrttembergische Schachjugend) und Bernhard Jehle vom \u00f6rtlichen SV Jedesheim souver\u00e4n geleitet. Meist agierten beide im Hintergrund, waren aber selten zu \u00fcbersehen. (Auf dem Bild rechts zusammen mit dem Hauptdarsteller)<br \/>\n<a title=\"Bild zum Vergr\u00f6\u00dfern anklicken\"><img decoding=\"async\" class=\"foto\" style=\"float: left;\" src=\"http:\/\/sv-jedesheim.de\/daten\/inhalt\/bilder\/k3354.jpg\" \/><\/a><br \/>\nNach sieben Runde stand nach spannenden K\u00e4mpfen Daniel Merk (Schach-Pinguine Murrhardt) als bester Nachwuchs-Wikinger mit 6,5 Punkten fest.<br \/>\nPlatz 2 belegte Marco Dobrikov (SK Sandhausen) vor Leon Wu aus Schwetzingen (SG Kurpfalz). Leon\u00b4s Zwillingsbruder Luka erreichte einen tollen 6. Rang.<br \/>\nDas Beste von zwei M\u00e4dchen wurde Maria Schilay vom SK Neumarkt, die 3,5 Punkte erbeutete. Der j\u00fcngste Teilnehmer Ludwig Reif aus Friedrichshafen war gerade einmal 4 Jahr alt.<\/p>\n<p><img decoding=\"async\" class=\"foto\" style=\"float: none;\" src=\"http:\/\/sv-jedesheim.de\/daten\/inhalt\/bilder\/3357.jpg\" \/><\/p>\n<p>F\u00fcr die Eltern gab es zudem noch zwei informative und wichtige Vortr\u00e4ge von Dr. Konrad M\u00fcller, Leiter des Talentst\u00fctzpunktes Stuttgart und Vertreter der Gemeinsamen Kommission Leistungssport (GKL) in Baden-W\u00fcrttemberg.\u00a0<a title=\"Bild zum Vergr\u00f6\u00dfern anklicken\"><img decoding=\"async\" class=\"foto\" style=\"float: left;\" src=\"http:\/\/sv-jedesheim.de\/daten\/inhalt\/bilder\/k3360.jpg\" \/><\/a><\/p>\n<div class=\"zitat\">\u201eKinder sind G\u00e4ste, die nach dem Weg fragen\u201c \u2013 Wege zu viel Spa\u00df am k\u00f6niglichen Spiel<\/div>\n<p>Unter diesem Motto erl\u00e4uterte Dr. Konrad M\u00fcller den mitgereisten Eltern die Vorteile des Schachspiels im Kindesalter. Der Grundsatz \u201eKinder brauchen Kinder, in ihrem Alter und auf ihrem Niveau\u201c ist besonders wichtig f\u00fcr Kinder und dem damit verbundenden, lebenslangen Spa\u00df am Schach.<\/p>\n<p>Der erfahrene Schachtrainer stellte ein erprobtes Erfolgsrezept im Nachwuchsschach vor:<br \/>\n\u2022 m\u00f6glichst sehr fr\u00fch mit dem Schach anfangen<br \/>\n\u2022 viel Taktik-Training zu Hause<br \/>\n\u2022 Trainingsarbeit mit m\u00f6glichst guten Trainern<br \/>\n\u2022 Turniere spielen, Turniere spielen, Turniere spielen und<br \/>\n\u2022 st\u00e4ndiger Kontakt und regelm\u00e4\u00dfige Gespr\u00e4che mit den Eltern.<\/p>\n<p>Inhaltlich spannte Konrad M\u00fcller den Bogen von wesentlichen Erkenntnissen aus dem Buch \u201eKl\u00fcger durch Schach\u201c \u00fcber Schul- und Vereinsschach und deren notwendige Vernetzung bis hin zum Aufbau der Talentf\u00f6rderung in Baden-W\u00fcrttemberg.<\/p>\n<p>Dabei wurde immer wieder herausgearbeitet, der Grundsatz \u201eKinder brauchen Kinder, in ihrem Alter und auf ihrem Niveau\u201c gilt sowohl f\u00fcr das Training als auch f\u00fcr altersgerechte Turniere.<\/p>\n<p>Die Eltern suchten das Gespr\u00e4ch und hatten viele Fragen:<br \/>\nHat mein Kind Talent?<br \/>\nWas sollte mein Kind trainieren?<br \/>\nWo gibt es alters- und leistungshomogene Trainingsgruppen?<br \/>\nWelche Turniere sollte mein Kind spielen?<br \/>\nWie ist das mit den Talentst\u00fctzpunkten?<\/p>\n<p>Wer auf die Bretter geschaut hat, der sah Ideen der Kinder spr\u00fchen, genauso wie Wickie auf der Freilichtb\u00fchne immer sagte:<\/p>\n<p>&#8222;Lass mich nachdenken\u201c, und fasst sich mal links an die Nase und mal rechts, und der Geistesblitz stellte prombt ein ein:<br \/>\n\u201eIch glaub, hab\u2019s\u201c, ruft Wickie und erkl\u00e4rt den M\u00e4nnern von Flake die rettende Idee.<\/p>\n<p>Eines ist sicher, je mehr von den Ideen so funktionieren wie beim Wikingerjungen aus Flake, je mehr Spa\u00df am k\u00f6niglichen Spiel werden die Kinder haben.<\/p>\n<div class=\"datei\"><img decoding=\"async\" src=\"http:\/\/sv-jedesheim.de\/bilder\/seite\/symbol_datei_go.png\" align=\"top\" \/>\u00a0<a href=\"http:\/\/sv-jedesheim.de\/daten\/inhalt\/dateien\/3442\/BWU8_Handout_Elterninformation.pdf\" target=\"_blank\" rel=\"noopener noreferrer\">BWU8_Handout_Elterninformation.pdf<\/a> [0.66 MBytes]<\/div>\n<p>Am Sonntag besuchte auch Gro\u00dfmeister Artur Jussupow mit seiner Frau Nadja das Turnier. Die Schachakademie Jussupow ist im benachbarten Weissenhorn ans\u00e4ssig und so nutzten beide die Gelegenheit, nach neuen Talenten Ausschau zu halten.<\/p>\n<p><a title=\"Bild zum Vergr\u00f6\u00dfern anklicken\"><img decoding=\"async\" class=\"foto\" style=\"float: left;\" src=\"http:\/\/sv-jedesheim.de\/daten\/inhalt\/bilder\/k3364.jpg\" \/><\/a><a title=\"Bild zum Vergr\u00f6\u00dfern anklicken\"><img decoding=\"async\" class=\"foto\" style=\"float: right;\" src=\"http:\/\/sv-jedesheim.de\/daten\/inhalt\/bilder\/k3366.jpg\" \/><\/a>Zur Siegerehrung und Preis\u00fcbergabe traf auch die B\u00fcrgermeisterin der Stadt Illertissen, Frau Marita Kaiser ein. In einer motivierenden Rede richtete das Stadtoberhaupt viele lobende Worte an die Kinder und Eltern.<br \/>\nDanach \u00fcberreichte Frau Marita Kaiser die Pokale, Medaillen und Urkunden an die Teilnehmer, die sich zudem noch tolle Sachpreise aussuchen konnten.<\/p>\n<p>Nach der Siegerehrung war die Reise der 21 Wikinger in das ferne Land Bayern zu Ende.<br \/>\nDie starken M\u00e4nner um ihren Anf\u00fchrer Halvar hatten viel Spa\u00df auf dem Reiterhof in Illertissen. Auf dem Schachbrett gelang es ihnen immer wieder, sich aus vielen brenzligen Situationen zu retten.<\/p>\n<p>Wie Wickie nach langem Nachdenken immer sagte: &#8222;Ich habe da eine Idee!\u201c<\/p>\n<p><img decoding=\"async\" class=\"foto\" style=\"float: none;\" src=\"http:\/\/sv-jedesheim.de\/daten\/inhalt\/bilder\/3365.jpg\" \/><\/p>\n<h2>Endtabelle: Offene\u00a0Baden-W\u00fcrttembergische\u00a0U8-Meisterschaft\u00a02011<\/h2>\n<h3>Reiterhof\u00a0Illertissen<\/h3>\n<table border=\"2\" cellspacing=\"2\" cellpadding=\"2\" bgcolor=\"#c0c0c0\">\n<tbody>\n<tr>\n<td colspan=\"9\">Rangliste:\u00a0\u00a0Stand\u00a0nach\u00a0der\u00a07.\u00a0Runde<\/td>\n<\/tr>\n<tr bgcolor=\"#00ff00\">\n<th>Rang<\/th>\n<th>Teilnehmer<\/th>\n<th>TWZ<\/th>\n<th>Verein\/Ort<\/th>\n<th>S<\/th>\n<th>R<\/th>\n<th>V<\/th>\n<th>Punkte<\/th>\n<th>Buchh<\/th>\n<\/tr>\n<tr bgcolor=\"#00ffff\">\n<td>1.<\/td>\n<td>Merk,Daniel<\/td>\n<td>1071<\/td>\n<td>Schach-Pinguine Murrhardt<\/td>\n<td>6<\/td>\n<td>1<\/td>\n<td>0<\/td>\n<td>6.5<\/td>\n<td>29.0<\/td>\n<\/tr>\n<tr bgcolor=\"#00ffff\">\n<td>2.<\/td>\n<td>Dobrikov,Marco<\/td>\n<td><\/td>\n<td>SK\u00a0Sandhausen<\/td>\n<td>6<\/td>\n<td>0<\/td>\n<td>1<\/td>\n<td>6.0<\/td>\n<td>29.0<\/td>\n<\/tr>\n<tr bgcolor=\"#00ffff\">\n<td>3.<\/td>\n<td>Wu,\u00a0Leon<\/td>\n<td><\/td>\n<td>SG\u00a0Kurzpfalz<\/td>\n<td>4<\/td>\n<td>1<\/td>\n<td>2<\/td>\n<td>4.5<\/td>\n<td>29.0<\/td>\n<\/tr>\n<tr bgcolor=\"#00ffff\">\n<td>4.<\/td>\n<td>Zebandt,Manuel<\/td>\n<td>797<\/td>\n<td>SC\u00a0Weiler\u00a0im\u00a0Allg\u00e4u<\/td>\n<td>4<\/td>\n<td>1<\/td>\n<td>2<\/td>\n<td>4.5<\/td>\n<td>28.0<\/td>\n<\/tr>\n<tr bgcolor=\"#00ffff\">\n<td>5.<\/td>\n<td>Triantafillidis,Simeon<\/td>\n<td>951<\/td>\n<td>SF\u00a0HN-Biberach<\/td>\n<td>4<\/td>\n<td>1<\/td>\n<td>2<\/td>\n<td>4.5<\/td>\n<td>25.5<\/td>\n<\/tr>\n<tr bgcolor=\"#00ffff\">\n<td>6.<\/td>\n<td>Wu,\u00a0Luka<\/td>\n<td><\/td>\n<td>SG\u00a0Kurpfalz<\/td>\n<td>4<\/td>\n<td>0<\/td>\n<td>3<\/td>\n<td>4.0<\/td>\n<td>31.5<\/td>\n<\/tr>\n<tr bgcolor=\"#00ffff\">\n<td>7.<\/td>\n<td>Giebler,Kai<\/td>\n<td>945<\/td>\n<td>TSF\u00a0Ditzingen<\/td>\n<td>4<\/td>\n<td>0<\/td>\n<td>3<\/td>\n<td>4.0<\/td>\n<td>29.5<\/td>\n<\/tr>\n<tr bgcolor=\"#00ffff\">\n<td>8.<\/td>\n<td>Hofmann,Lorenz<\/td>\n<td><\/td>\n<td>SV\u00a0Lauf\u00a0a.d.P.<\/td>\n<td>4<\/td>\n<td>0<\/td>\n<td>3<\/td>\n<td>4.0<\/td>\n<td>21.5<\/td>\n<\/tr>\n<tr bgcolor=\"#00ffff\">\n<td>9.<\/td>\n<td>Schwegler,Tim<\/td>\n<td><\/td>\n<td>Spgem\u00a0K\u00f6tz\/Ichenhausen<\/td>\n<td>4<\/td>\n<td>0<\/td>\n<td>3<\/td>\n<td>4.0<\/td>\n<td>19.0<\/td>\n<\/tr>\n<tr bgcolor=\"#00ffff\">\n<td>10.<\/td>\n<td>Langjahr,Marvin<\/td>\n<td>777<\/td>\n<td>SC\u00a0Gross-Sachsenheim<\/td>\n<td>2<\/td>\n<td>3<\/td>\n<td>2<\/td>\n<td>3.5<\/td>\n<td>27.0<\/td>\n<\/tr>\n<tr bgcolor=\"#00ffff\">\n<td>11.<\/td>\n<td>Aberle,\u00a0Frederico<\/td>\n<td><\/td>\n<td>SC\u00a0Laupheim<\/td>\n<td>3<\/td>\n<td>1<\/td>\n<td>3<\/td>\n<td>3.5<\/td>\n<td>26.5<\/td>\n<\/tr>\n<tr bgcolor=\"#00ffff\">\n<td>12.<\/td>\n<td>Schilay,Maria<\/td>\n<td>791<\/td>\n<td>SK\u00a0Neumarkt<\/td>\n<td>2<\/td>\n<td>3<\/td>\n<td>2<\/td>\n<td>3.5<\/td>\n<td>25.5<\/td>\n<\/tr>\n<tr bgcolor=\"#00ffff\">\n<td>13.<\/td>\n<td>Lang,\u00a0Thomas<\/td>\n<td><\/td>\n<td>SV\u00a0Aalen<\/td>\n<td>3<\/td>\n<td>1<\/td>\n<td>3<\/td>\n<td>3.5<\/td>\n<td>23.5<\/td>\n<\/tr>\n<tr bgcolor=\"#00ffff\">\n<td>14.<\/td>\n<td>Reif,\u00a0Richard<\/td>\n<td><\/td>\n<td>Friedrichshafen<\/td>\n<td>2<\/td>\n<td>2<\/td>\n<td>3<\/td>\n<td>3.0<\/td>\n<td>25.0<\/td>\n<\/tr>\n<tr bgcolor=\"#00ffff\">\n<td>15.<\/td>\n<td>Bezler,\u00a0Tobias<\/td>\n<td><\/td>\n<td>Stuttgart<\/td>\n<td>3<\/td>\n<td>0<\/td>\n<td>4<\/td>\n<td>3.0<\/td>\n<td>24.5<\/td>\n<\/tr>\n<tr bgcolor=\"#00ffff\">\n<td>16.<\/td>\n<td>Aptypka,\u00a0Tim<\/td>\n<td><\/td>\n<td>K\u00f6nigskinder\u00a0Hohent\u00fcbingen<\/td>\n<td>3<\/td>\n<td>0<\/td>\n<td>4<\/td>\n<td>3.0<\/td>\n<td>23.0<\/td>\n<\/tr>\n<tr bgcolor=\"#00ffff\">\n<td>17.<\/td>\n<td>Endresz,\u00a0Joshua<\/td>\n<td><\/td>\n<td>SF\u00a0HN-Biberach<\/td>\n<td>2<\/td>\n<td>2<\/td>\n<td>3<\/td>\n<td>3.0<\/td>\n<td>20.0<\/td>\n<\/tr>\n<tr bgcolor=\"#00ffff\">\n<td>18.<\/td>\n<td>B\u00f6ck,Kimberly<\/td>\n<td><\/td>\n<td>SV\u00a0Jedesheim<\/td>\n<td>3<\/td>\n<td>0<\/td>\n<td>4<\/td>\n<td>3.0<\/td>\n<td>17.5<\/td>\n<\/tr>\n<tr bgcolor=\"#00ffff\">\n<td>19.<\/td>\n<td>Gr\u00fcnwald,\u00a0Max<\/td>\n<td><\/td>\n<td>SV\u00a0Jedesheim<\/td>\n<td>3<\/td>\n<td>0<\/td>\n<td>4<\/td>\n<td>3.0<\/td>\n<td>16.0<\/td>\n<\/tr>\n<tr bgcolor=\"#00ffff\">\n<td>20.<\/td>\n<td>Reif,\u00a0Ludwig<\/td>\n<td><\/td>\n<td>Friedrichshafen<\/td>\n<td>1<\/td>\n<td>1<\/td>\n<td>5<\/td>\n<td>1.5<\/td>\n<td>22.5<\/td>\n<\/tr>\n<tr bgcolor=\"#00ffff\">\n<td>21.<\/td>\n<td>Gajek,\u00a0Stjepan-Maximilian<\/td>\n<td><\/td>\n<td>SV\u00a0Pfullingen<\/td>\n<td>1<\/td>\n<td>1<\/td>\n<td>5<\/td>\n<td>1.5<\/td>\n<td>21.0<\/td>\n<\/tr>\n<\/tbody>\n<\/table>\n","protected":false},"excerpt":{"rendered":"<p>Die Offene Baden-W\u00fcrttembergische Meisterschaft f\u00fcr Kinder unter 8 Jahren am 23. und 24. Juli in Illertissen wird allen Beteiligten, Eltern und Kinder noch lange in guter Erinnerung bleiben. Der am Stadtrand gelegene, idyllische Reiterhof&#46;&#46;&#46;<\/p>\n","protected":false},"author":1,"featured_media":11603,"comment_status":"open","ping_status":"open","sticky":false,"template":"","format":"standard","meta":{"_price":"","_stock":"","_tribe_ticket_header":"","_tribe_default_ticket_provider":"","_tribe_ticket_capacity":"0","_ticket_start_date":"","_ticket_end_date":"","_tribe_ticket_show_description":"","_tribe_ticket_show_not_going":false,"_tribe_ticket_use_global_stock":"","_tribe_ticket_global_stock_level":"","_global_stock_mode":"","_global_stock_cap":"","_tribe_rsvp_for_event":"","_tribe_ticket_going_count":"","_tribe_ticket_not_going_count":"","_tribe_tickets_list":"[]","_tribe_ticket_has_attendee_info_fields":false,"footnotes":""},"categories":[6],"tags":[],"class_list":["post-79","post","type-post","status-publish","format-standard","has-post-thumbnail","hentry","category-u8-meisterschaft"],"_links":{"self":[{"href":"https:\/\/schach-jedesheim.de\/index.php?rest_route=\/wp\/v2\/posts\/79","targetHints":{"allow":["GET"]}}],"collection":[{"href":"https:\/\/schach-jedesheim.de\/index.php?rest_route=\/wp\/v2\/posts"}],"about":[{"href":"https:\/\/schach-jedesheim.de\/index.php?rest_route=\/wp\/v2\/types\/post"}],"author":[{"embeddable":true,"href":"https:\/\/schach-jedesheim.de\/index.php?rest_route=\/wp\/v2\/users\/1"}],"replies":[{"embeddable":true,"href":"https:\/\/schach-jedesheim.de\/index.php?rest_route=%2Fwp%2Fv2%2Fcomments&post=79"}],"version-history":[{"count":10,"href":"https:\/\/schach-jedesheim.de\/index.php?rest_route=\/wp\/v2\/posts\/79\/revisions"}],"predecessor-version":[{"id":11605,"href":"https:\/\/schach-jedesheim.de\/index.php?rest_route=\/wp\/v2\/posts\/79\/revisions\/11605"}],"wp:featuredmedia":[{"embeddable":true,"href":"https:\/\/schach-jedesheim.de\/index.php?rest_route=\/wp\/v2\/media\/11603"}],"wp:attachment":[{"href":"https:\/\/schach-jedesheim.de\/index.php?rest_route=%2Fwp%2Fv2%2Fmedia&parent=79"}],"wp:term":[{"taxonomy":"category","embeddable":true,"href":"https:\/\/schach-jedesheim.de\/index.php?rest_route=%2Fwp%2Fv2%2Fcategories&post=79"},{"taxonomy":"post_tag","embeddable":true,"href":"https:\/\/schach-jedesheim.de\/index.php?rest_route=%2Fwp%2Fv2%2Ftags&post=79"}],"curies":[{"name":"wp","href":"https:\/\/api.w.org\/{rel}","templated":true}]}}