{"id":795,"date":"2009-05-22T16:00:38","date_gmt":"2009-05-22T16:00:38","guid":{"rendered":"http:\/\/schach-jedesheim.de\/?p=795"},"modified":"2020-06-14T17:41:49","modified_gmt":"2020-06-14T16:41:49","slug":"illertisser-schaufenster-2009-phantastischer-schachtreff-bei-super-wetter","status":"publish","type":"post","link":"https:\/\/schach-jedesheim.de\/?p=795","title":{"rendered":"Schaufenster 2009: Phantastischer Schachtreff bei Super-Wetter"},"content":{"rendered":"<p>&nbsp;<\/p>\n<table style=\"width: 141px; height: 69px;\" border=\"1\" cellspacing=\"1\" cellpadding=\"1\" align=\"left\">\n<tbody>\n<tr>\n<td><a href=\"http:\/\/schach-jedesheim.de\/wp-content\/uploads\/image\/Dimitrij-blind.jpg\" rel=\"lightbox[795]\"><img loading=\"lazy\" decoding=\"async\" src=\"http:\/\/schach-jedesheim.de\/wp-content\/uploads\/image\/Dimitrij-blind.jpg\" alt=\"Blindsimultan Schaufenster 2009\" width=\"150\" height=\"86\" \/><\/a><\/td>\n<\/tr>\n<\/tbody>\n<\/table>\n<p>Das <strong>\u201eIllertisser Schaufenster\u201c<\/strong> hat im Veranstaltungskalender der Stadt Illertissen einen festen Platz. Alle Jahre wieder zieht der Event zahlreiche Besucher aus nah und fern an. Dabei verwandelt sich der gesamte Innenstadtbereich einmal mehr in ein riesiges Kaufhaus unter freiem Himmel. Aber nicht nur entlang der Hauptstra\u00dfe und auf dem neugestalteten Marktplatz ist jede Menge geboten, auch in der Schranne findet der Besucher ein abwechslungsreiches Programm mit verschiedenen Aktionen und Attraktionen vor.<br \/>\nW\u00e4hrend das Schaufenster Illertissen am Sonntag, den 10. Mai (Muttertag) \u00fcber die B\u00fchne geht, demonstrieren die Aussteller Pralinen und Marzipan Lanwehr, Elektro Siegel, Eisen- und Modellspielwaren G\u00f6ssler, Fotostudio WTO, Optikhaus, Betten Baumg\u00e4rtner und B\u00fcrobedarf Fleischmann bereits ab Samstag von 10 bis 17 Uhr ihre Leistungskraft und ein umfangreiches Warenangebot.<br \/>\nF\u00fcr die Abteilung Schach des SV Jedesheim war dies bereits die vierte Teilnahme. Aufgrund bisheriger guter Erfahrungen und ausgezeichneter Kontaktpflege zu den jeweiligen Firmen gelang es uns w\u00e4hrend der Vorbereitungszeit, uns noch besser zu positionieren. So profitieren wir im Vorfeld von der kostenlosen Werbung auf den zahlreich verteilten Plakaten und Flyern sowie Vorberichten und Zeitungs-Sonderausgaben. Als Preise f\u00fcr unser Turnierprogramm erhielten wir viele Einkaufsgutscheine. Auch in der sog. Mitmach-Olympiade war eine Station an unserem Stand.<br \/>\nDie Zusammenstellung eines attraktiven Schachprogramm bedeutete nicht soviel Aufwand, konnten wir doch aufgrund einiger Erfahrung auf Bew\u00e4hrtes zur\u00fcckgreifen. In unsere \u00dcberlegungen mu\u00dfte nat\u00fcrlich einflie\u00dfen, wie wir besonders f\u00fcr den Samstag, an dem ja nur obigen Firmen in der Schranne ausstellten, Schachspieler aus nah und fern anlocken. Weitere Gesichtspunkte waren: Jung und Alt sowie Schach in seinen verschiedenen Facetten.<\/p>\n<p><!--more--><br \/>\n<u><strong><br \/>\nProgramm Samstag:<br \/>\n<\/strong><\/u>11.00 Uhr Oberschw\u00e4bische Jugend-MM U12\/U14<br \/>\n13.30 Uhr Familien-Schachturnier<\/p>\n<p><u><strong>Program Sonntag:<br \/>\n<\/strong><\/u>13.30 Uhr Blind-Simultanshow gegen zwei Prominente<br \/>\n15.00 Uhr Simultan an 20 Brettern<\/p>\n<p>&nbsp;<\/p>\n<p>&nbsp;<\/p>\n<p>Dar\u00fcberhinaus wurde selbstverst\u00e4ndlich an beiden Tagen von 10 bis 17 Uhr <strong>\u201eSchach am laufenden Band\u201c<\/strong> geboten:<\/p>\n<ul>\n<li>Schach-L\u00f6sewettbewerb<\/li>\n<li>Schach-Quiz<\/li>\n<li>Gro\u00dffigurenschach<\/li>\n<li>Schach-Crashkurs<\/li>\n<li>freies Spiel, Tandem, Blitzschach<\/li>\n<\/ul>\n<p><strong><span style=\"font-weight: bold;\">Oberschw\u00e4bische Jugend-Mannschaftsmeisterschaft:<br \/>\n<\/span><\/strong>Hier nahmen ca. 30 Kinder und Jugendliche teil. Zuk\u00fcnftig wollen wir diese Meisterschaft als festen Programmpunkt aufnehmen, so da\u00df dieses Turnier bei der zweiten Durchf\u00fchrung sicherlich eine erhebliche Aufwertung erf\u00e4hrt. Die teilnehmenden Kinder erlebten in jedem Fall einen abwechslungsreichen Schachtag. Sieger wurde in der Kategorie U14 WD Ulm 1 vor Jedesheim. In der Kategorie U12 gewann ebenfalls die Mannschaft von der WD Ulm.<br \/>\nNeben Pokalen f\u00fcr die ersten drei Mannschaften gab es f\u00fcr die Siegermannschaften noch Eisgutscheine vom nahegelegenen Eiscafe.<\/p>\n<table style=\"width: 134px; height: 96px;\" border=\"1\" cellspacing=\"1\" cellpadding=\"1\" align=\"left\">\n<tbody>\n<tr>\n<td><a href=\"http:\/\/schach-jedesheim.de\/wp-content\/uploads\/image\/Familien2009.jpg\" rel=\"lightbox[795]\"><img loading=\"lazy\" decoding=\"async\" src=\"http:\/\/schach-jedesheim.de\/wp-content\/uploads\/image\/Familien2009.jpg\" alt=\"Familenturnier beim Schaufenster 2009\" width=\"150\" height=\"109\" \/><\/a><\/td>\n<\/tr>\n<\/tbody>\n<\/table>\n<p>&nbsp;<\/p>\n<p><span style=\"font-weight: bold;\">Familien-Schachturnier:<br \/>\n<\/span>Hier k\u00e4mpften zw\u00f6lf Teams um den Pokal sowie einen Gutschein f\u00fcr ein Foto-Shooting der Firma \u201eWTO Fotostudio\u201c. Das Turnier gewannen die Routeniers Reinhold und Clemens von Schwerin, vor den Sendener Dennis Bauer mit Michael Heilig.<br \/>\nRang 3 f\u00fcr die \u00e4ltesten Teilnehmer Hans H\u00f6rmann (87 Jahre) mit seinem \u201eSchachbruder\u201c Stefan Stark (73 Jahre). Besonders erfreulich war, dass auch sehr viele Hobby-Spieler am Start waren.<\/p>\n<p>&nbsp;<\/p>\n<h2>Endergebnis Familienturnier 2009:<\/h2>\n<table border=\"2\" cellspacing=\"2\" cellpadding=\"2\" bgcolor=\"#c0c0c0\">\n<tbody>\n<tr>\n<td colspan=\"13\">Endstand nach der 5. Runde<\/td>\n<\/tr>\n<tr bgcolor=\"#00ff00\">\n<th>Rang<\/th>\n<th>Mannschaft<\/th>\n<th>Land<\/th>\n<th>G<\/th>\n<th>S<\/th>\n<th>R<\/th>\n<th>V<\/th>\n<th>Man.Pkt.<\/th>\n<th>Brt.Pkt.<\/th>\n<\/tr>\n<tr bgcolor=\"#00ffff\">\n<td>1.<\/td>\n<td>Reinhold und Clemens von Schwerin<\/td>\n<td>Ulm<\/td>\n<td>5<\/td>\n<td>4<\/td>\n<td>1<\/td>\n<td>0<\/td>\n<td>9 &#8211; 1<\/td>\n<td>9.0 &#8211; 1.0<\/td>\n<\/tr>\n<tr bgcolor=\"#00ffff\">\n<td>2.<\/td>\n<td>Bauer Dennis mit Michael<\/td>\n<td>Senden<\/td>\n<td>5<\/td>\n<td>3<\/td>\n<td>1<\/td>\n<td>1<\/td>\n<td>7 &#8211; 3<\/td>\n<td>7.0 &#8211; 3.0<\/td>\n<\/tr>\n<tr bgcolor=\"#00ffff\">\n<td>3.<\/td>\n<td>Stefan Stark und Hans H\u00f6rmann<\/td>\n<td>Illertissen<\/td>\n<td>5<\/td>\n<td>2<\/td>\n<td>2<\/td>\n<td>1<\/td>\n<td>6 &#8211; 4<\/td>\n<td>6.0 &#8211; 4.0<\/td>\n<\/tr>\n<tr bgcolor=\"#00ffff\">\n<td>4.<\/td>\n<td>Lambert Tobias mit Arnd<\/td>\n<td>Tiefenbach<\/td>\n<td>5<\/td>\n<td>1<\/td>\n<td>4<\/td>\n<td>0<\/td>\n<td>6 &#8211; 4<\/td>\n<td>5.5 &#8211; 4.5<\/td>\n<\/tr>\n<tr bgcolor=\"#00ffff\">\n<td>5.<\/td>\n<td>Stefanie und Harald Bossinger<\/td>\n<td>Illertissen<\/td>\n<td>5<\/td>\n<td>1<\/td>\n<td>3<\/td>\n<td>1<\/td>\n<td>5 &#8211; 5<\/td>\n<td>5.5 &#8211; 4.5<\/td>\n<\/tr>\n<tr bgcolor=\"#00ffff\">\n<td>6.<\/td>\n<td>Daniel und Eduard Walter<\/td>\n<td>Senden<\/td>\n<td>5<\/td>\n<td>1<\/td>\n<td>3<\/td>\n<td>1<\/td>\n<td>5 &#8211; 5<\/td>\n<td>5.0 &#8211; 5.0<\/td>\n<\/tr>\n<tr bgcolor=\"#00ffff\">\n<td>7.<\/td>\n<td>Elena und G\u00fcnther Schlecker<\/td>\n<td>Tiefenbach<\/td>\n<td>5<\/td>\n<td>1<\/td>\n<td>3<\/td>\n<td>1<\/td>\n<td>5 &#8211; 5<\/td>\n<td>4.5 &#8211; 5.5<\/td>\n<\/tr>\n<tr bgcolor=\"#00ffff\">\n<td>8.<\/td>\n<td>Christian und Karl-Heinz Kircher<\/td>\n<td>Tiefenbach<\/td>\n<td>5<\/td>\n<td>1<\/td>\n<td>3<\/td>\n<td>1<\/td>\n<td>5 &#8211; 5<\/td>\n<td>4.5 &#8211; 5.5<\/td>\n<\/tr>\n<tr bgcolor=\"#00ffff\">\n<td>9.<\/td>\n<td>Heike und Joachim Fuchs<\/td>\n<td>Senden<\/td>\n<td>5<\/td>\n<td>0<\/td>\n<td>4<\/td>\n<td>1<\/td>\n<td>4 &#8211; 6<\/td>\n<td>4.5 &#8211; 5.5<\/td>\n<\/tr>\n<tr bgcolor=\"#00ffff\">\n<td>10.<\/td>\n<td>Johann und Andreas Klassen<\/td>\n<td>Illertissen<\/td>\n<td>5<\/td>\n<td>1<\/td>\n<td>2<\/td>\n<td>2<\/td>\n<td>4 &#8211; 6<\/td>\n<td>3.5 &#8211; 6.5<\/td>\n<\/tr>\n<tr bgcolor=\"#00ffff\">\n<td>11.<\/td>\n<td>Team Fromm<\/td>\n<td>Wain<\/td>\n<td>5<\/td>\n<td>1<\/td>\n<td>0<\/td>\n<td>4<\/td>\n<td>2 &#8211; 8<\/td>\n<td>2.5 &#8211; 7.5<\/td>\n<\/tr>\n<tr bgcolor=\"#00ffff\">\n<td>12.<\/td>\n<td>Nico und Josef Fuchs<\/td>\n<td>Senden<\/td>\n<td>5<\/td>\n<td>0<\/td>\n<td>2<\/td>\n<td>3<\/td>\n<td>2 &#8211; 8<\/td>\n<td>2.5 &#8211; 7.5<\/td>\n<\/tr>\n<\/tbody>\n<\/table>\n<p>An <strong>Tag 2<\/strong> des Schachtreffs war aufgrund des verkaufsoffenen Sonntags gen\u00fcgend \u201ePublikum\u201c unterwegs. Hier galt es, das sich die Schachabteilung gut pr\u00e4sentiert, informative Ausk\u00fcnfte erteilt und den ein oder anderen Hobby-Spieler zu einer Partie einl\u00e4dt. Plakatw\u00e4nde, Flyer und Aush\u00e4nge ein Mu\u00df.<\/p>\n<p><span style=\"font-weight: bold;\">Blind-Simultanshow mit Dimitrij <\/span><\/p>\n<p>Aus der Illertisser Zeitung:<br \/>\nInnerhalb und au\u00dferhalb der Historischen Schranne sahen sich Besucher des Illertisser Schaufensters mit verlockenden Angeboten konfrontiert, von der Spielleidenschaft f\u00fcr Kleine und Gro\u00dfe bei Schach oder Modelleisenbahn bis hin zur s\u00fc\u00dfen Versuchung mit Schokolade oder traumhaften Schlafunterlagen.<br \/>\nGespannte Aufmerksamkeit gilt dem Blind-Simultan-Schachspiel, als Dimitrij Anistratov gegen Bruno L\u00f6ffler und Axel Thoma sowie Pfarrer Markus D\u00f6rre und Florian L\u00f6ffler spielt und gegen Letztgenannte verliert. W\u00e4hrend er Spiel 1 mit den anderen beiden ziemlich schnell erfolgreich beenden kann, \u00fcbersieht er bei Spiel 2 gedanklich einen Zug und muss daher den Turm, den er an anderer Stelle w\u00e4hnte, einb\u00fc\u00dfen. Der Verlust kann nicht mehr kompensiert werden, sodass der Meister die<\/p>\n<table style=\"width: 150px; height: 150px;\" border=\"1\" cellspacing=\"1\" cellpadding=\"1\" align=\"left\">\n<tbody>\n<tr>\n<td><a href=\"http:\/\/schach-jedesheim.de\/wp-content\/uploads\/image\/Clemens-Simultan2009.jpg\" rel=\"lightbox[795]\"><img loading=\"lazy\" decoding=\"async\" style=\"width: 181px; height: 137px;\" src=\"http:\/\/schach-jedesheim.de\/wp-content\/uploads\/image\/Clemens-Simultan2009.jpg\" alt=\"Clemens von Schwerin beim Simultan Schaufenster 2009\" width=\"150\" height=\"120\" \/><\/a><\/td>\n<\/tr>\n<\/tbody>\n<\/table>\n<p>Partie aufgeben muss. \u201eIch fand es faszinierend, wie jemand blind und zugleich an zwei Brettern Schach spielen kann\u201c, sagt Pfarrer Markus D\u00f6rre und ist froh, dass er mit seinem Ministranten Florian L\u00f6ffler einen kompetenten Partner hatte.<\/p>\n<p><strong>Simultan: Clemens gegen 20 <\/strong><\/p>\n<p>\u00dcberraschend gro\u00dfe Beteiligung beim anschlie\u00dfenden Simultan: Clemens gegen 20. Auf dem Bild\u00a0 mischt Clemens gerade die Jugendabteilung auf. Allerdings gelang Matthias Lerch der einzige Sieg. Der Stadtpfarrer (stehend im wei\u00dfen Hemd fachsimpelt mit Bruno noch die Blindpartie).<br \/>\nEine gl\u00e4nzende Pr\u00e4sentation unseres Hobbies Schach durch unserer Mitglieder. Herzlichen Dank allen Helfern, Spielern und besondern Dank an Bruno sowie die vielen Jugendlichen.<\/p>\n","protected":false},"excerpt":{"rendered":"<p>&nbsp; Das \u201eIllertisser Schaufenster\u201c hat im Veranstaltungskalender der Stadt Illertissen einen festen Platz. Alle Jahre wieder zieht der Event zahlreiche Besucher aus nah und fern an. Dabei verwandelt sich der gesamte Innenstadtbereich einmal mehr&#46;&#46;&#46;<\/p>\n","protected":false},"author":1,"featured_media":11522,"comment_status":"open","ping_status":"open","sticky":false,"template":"","format":"standard","meta":{"_price":"","_stock":"","_tribe_ticket_header":"","_tribe_default_ticket_provider":"","_tribe_ticket_capacity":"0","_ticket_start_date":"","_ticket_end_date":"","_tribe_ticket_show_description":"","_tribe_ticket_show_not_going":false,"_tribe_ticket_use_global_stock":"","_tribe_ticket_global_stock_level":"","_global_stock_mode":"","_global_stock_cap":"","_tribe_rsvp_for_event":"","_tribe_ticket_going_count":"","_tribe_ticket_not_going_count":"","_tribe_tickets_list":"[]","_tribe_ticket_has_attendee_info_fields":false,"footnotes":""},"categories":[12],"tags":[],"class_list":["post-795","post","type-post","status-publish","format-standard","has-post-thumbnail","hentry","category-schachtreff-illertisser-schaufenster"],"_links":{"self":[{"href":"https:\/\/schach-jedesheim.de\/index.php?rest_route=\/wp\/v2\/posts\/795","targetHints":{"allow":["GET"]}}],"collection":[{"href":"https:\/\/schach-jedesheim.de\/index.php?rest_route=\/wp\/v2\/posts"}],"about":[{"href":"https:\/\/schach-jedesheim.de\/index.php?rest_route=\/wp\/v2\/types\/post"}],"author":[{"embeddable":true,"href":"https:\/\/schach-jedesheim.de\/index.php?rest_route=\/wp\/v2\/users\/1"}],"replies":[{"embeddable":true,"href":"https:\/\/schach-jedesheim.de\/index.php?rest_route=%2Fwp%2Fv2%2Fcomments&post=795"}],"version-history":[{"count":13,"href":"https:\/\/schach-jedesheim.de\/index.php?rest_route=\/wp\/v2\/posts\/795\/revisions"}],"predecessor-version":[{"id":7999,"href":"https:\/\/schach-jedesheim.de\/index.php?rest_route=\/wp\/v2\/posts\/795\/revisions\/7999"}],"wp:featuredmedia":[{"embeddable":true,"href":"https:\/\/schach-jedesheim.de\/index.php?rest_route=\/wp\/v2\/media\/11522"}],"wp:attachment":[{"href":"https:\/\/schach-jedesheim.de\/index.php?rest_route=%2Fwp%2Fv2%2Fmedia&parent=795"}],"wp:term":[{"taxonomy":"category","embeddable":true,"href":"https:\/\/schach-jedesheim.de\/index.php?rest_route=%2Fwp%2Fv2%2Fcategories&post=795"},{"taxonomy":"post_tag","embeddable":true,"href":"https:\/\/schach-jedesheim.de\/index.php?rest_route=%2Fwp%2Fv2%2Ftags&post=795"}],"curies":[{"name":"wp","href":"https:\/\/api.w.org\/{rel}","templated":true}]}}