{"id":8105,"date":"2018-04-17T11:32:20","date_gmt":"2018-04-17T11:32:20","guid":{"rendered":"http:\/\/schach-jedesheim.de\/?p=8105"},"modified":"2020-06-05T23:18:01","modified_gmt":"2020-06-05T22:18:01","slug":"wjem-mirjam-zell-wuerttembergische-meisterin-u18w","status":"publish","type":"post","link":"https:\/\/schach-jedesheim.de\/?p=8105","title":{"rendered":"WJEM: Mirjam Zell &#8211; W\u00fcrttembergische Meisterin U18w"},"content":{"rendered":"<div id=\"attachment_8130\" style=\"width: 209px\" class=\"wp-caption aligncenter\"><a href=\"http:\/\/schach-jedesheim.de\/wp-content\/uploads\/2018\/04\/IMG_9616_1-1.jpg\" rel=\"lightbox[8105]\"><img loading=\"lazy\" decoding=\"async\" aria-describedby=\"caption-attachment-8130\" class=\"size-medium wp-image-8130\" src=\"http:\/\/schach-jedesheim.de\/wp-content\/uploads\/2018\/04\/IMG_9616_1-1-199x300.jpg\" alt=\"\" width=\"199\" height=\"300\" srcset=\"https:\/\/schach-jedesheim.de\/wp-content\/uploads\/2018\/04\/IMG_9616_1-1-199x300.jpg 199w, https:\/\/schach-jedesheim.de\/wp-content\/uploads\/2018\/04\/IMG_9616_1-1-768x1160.jpg 768w, https:\/\/schach-jedesheim.de\/wp-content\/uploads\/2018\/04\/IMG_9616_1-1-678x1024.jpg 678w, https:\/\/schach-jedesheim.de\/wp-content\/uploads\/2018\/04\/IMG_9616_1-1.jpg 800w\" sizes=\"auto, (max-width: 199px) 100vw, 199px\" \/><\/a><p id=\"caption-attachment-8130\" class=\"wp-caption-text\">Mirjam Zell mit Urkunde und Pokal<\/p><\/div>\n<p>Die W\u00fcrttembergische Jugendeinzelmeisterschaft 2018 ist zu Ende. Lindau bot gutes Wetter, eine wie gewohnt sehr gute Jugendherberge mit abwechslungsreichem und leckeren Essensangebot, viele neue und alte Gesichter, was Schiedsrichter, Freizeitb\u00fcro-Helfer, Turnierleiter, Bulletin-Teamer sowie Eltern und Teilnehmer betrifft.<\/p>\n<div id=\"attachment_8131\" style=\"width: 310px\" class=\"wp-caption alignleft\"><a href=\"http:\/\/schach-jedesheim.de\/wp-content\/uploads\/2018\/04\/Hannah.jpg\" rel=\"lightbox[8105]\"><img loading=\"lazy\" decoding=\"async\" aria-describedby=\"caption-attachment-8131\" class=\"size-medium wp-image-8131\" src=\"http:\/\/schach-jedesheim.de\/wp-content\/uploads\/2018\/04\/Hannah-300x224.jpg\" alt=\"\" width=\"300\" height=\"224\" srcset=\"https:\/\/schach-jedesheim.de\/wp-content\/uploads\/2018\/04\/Hannah-300x224.jpg 300w, https:\/\/schach-jedesheim.de\/wp-content\/uploads\/2018\/04\/Hannah-768x574.jpg 768w, https:\/\/schach-jedesheim.de\/wp-content\/uploads\/2018\/04\/Hannah.jpg 800w\" sizes=\"auto, (max-width: 300px) 100vw, 300px\" \/><\/a><p id=\"caption-attachment-8131\" class=\"wp-caption-text\">v.l.n.r.: Hannah Zell, SV Jedesheim, Anna Sijia Liu, SV Stuttgart-Wolfbusch, Annika Schreiber, SpVgg Rommelshausen<\/p><\/div>\n<p>In der U14w, die getrennt von den Jungs ablief, setzte sich Anna Sijia Liu (7 Punkte) vom Schachverein Stuttgart-Wolfbusch mit wei\u00dfer Weste vor <strong>Hannah Zell<\/strong> (6 Punkte) vom Schachverein Jedesheim durch. Beide M\u00e4dchen dominierten klar ihre Altersklasse. Im entscheidenden Spiel in der vierten Runde nutze Anna Sijia ihren Anzugsvorteil, wobei sie sich nicht zu sehr vom Er\u00f6ffnungsexperiment <strong>Hannahs<\/strong> beirren lie\u00df und verwandelte dank eines aktiveren K\u00f6nigs und L\u00e4ufers sowie durch Zugzwang-Ideen ihren Endspielvorteil zum wichtigen ganzen Punkt, der letztlich den Unterschied zwischen den beiden ausmachte.<\/p>\n<div id=\"attachment_8132\" style=\"width: 310px\" class=\"wp-caption alignright\"><a href=\"http:\/\/schach-jedesheim.de\/wp-content\/uploads\/2018\/04\/IMG_9579_2.jpg\" rel=\"lightbox[8105]\"><img loading=\"lazy\" decoding=\"async\" aria-describedby=\"caption-attachment-8132\" class=\"size-medium wp-image-8132\" src=\"http:\/\/schach-jedesheim.de\/wp-content\/uploads\/2018\/04\/IMG_9579_2-300x254.jpg\" alt=\"\" width=\"300\" height=\"254\" srcset=\"https:\/\/schach-jedesheim.de\/wp-content\/uploads\/2018\/04\/IMG_9579_2-300x254.jpg 300w, https:\/\/schach-jedesheim.de\/wp-content\/uploads\/2018\/04\/IMG_9579_2-768x651.jpg 768w, https:\/\/schach-jedesheim.de\/wp-content\/uploads\/2018\/04\/IMG_9579_2.jpg 800w\" sizes=\"auto, (max-width: 300px) 100vw, 300px\" \/><\/a><p id=\"caption-attachment-8132\" class=\"wp-caption-text\">v.l.n.r.: Katrin Leser, SC Tettnang, Mirjam Zell, SV Jedesheim, Leia Lederer, SF Ammerbuch<\/p><\/div>\n<p>In der U16w, die zusammen mit der U18w ausgespielt wurde, setzte sich Jacqueline Kobald (5,5 Punkte) vom Schachverein Stuttgart-Wolfbusch vor Maria Kadach (3,5 Punkte) vom Schachclub Neckarsulm durch. Jacqueline musste sich dabei nur der Gesamtsiegerin der U18w, <strong>Mirjam Zell<\/strong> (6,5 Punkte) vom Schachverein Jedesheim, geschlagen geben und remisierte stark gegen die Deutsche Meisterin der U16 aus dem Jahre 2016, Katrin Leser (6 Punkte) vom Schachclub Tettnang, die in der U18w hinter <strong>Mirjam<\/strong> Zweite wurde. D.h. <strong>Mirjam<\/strong> (U18w) und Jacqueline (U16w) fahren sicher zur DJEM und Katrin hat noch gute Chancen, \u00fcber einen Freiplatzantrag hinzud\u00fcrfen.<\/p>\n<p><strong>Max Rieger<\/strong> belegte in der U14 mit 3 Punkten einen guten 18. Platz. Sein Bruder <strong>Felix\u00a0<\/strong>wurde mit ebenfalls 3 Punkten 26. in der U12\/U12w. Der siebenj\u00e4hrige <strong>Julius Deiringer<\/strong> belegte mit 3 Punkten Platz 25 in der Altersklasse U12\/U12w.<\/p>\n<p>Die Deutschen Einzelmeisterschaften finden vom 19.-27. Mai 2018\u00a0in Willingen\/Sauerland statt.<\/p>\n<p><a href=\"http:\/\/www.wsj-schach.de\/spielbetrieb\/357-2018\/wjem\/2243-wjem-2019\" target=\"_blank\" rel=\"noopener noreferrer\">Bericht und Ergebnisse<\/a><\/p>\n","protected":false},"excerpt":{"rendered":"<p>Die W\u00fcrttembergische Jugendeinzelmeisterschaft 2018 ist zu Ende. Lindau bot gutes Wetter, eine wie gewohnt sehr gute Jugendherberge mit abwechslungsreichem und leckeren Essensangebot, viele neue und alte Gesichter, was Schiedsrichter, Freizeitb\u00fcro-Helfer, Turnierleiter, Bulletin-Teamer sowie Eltern&#46;&#46;&#46;<\/p>\n","protected":false},"author":1,"featured_media":8130,"comment_status":"open","ping_status":"open","sticky":false,"template":"","format":"standard","meta":{"_price":"","_stock":"","_tribe_ticket_header":"","_tribe_default_ticket_provider":"","_tribe_ticket_capacity":"0","_ticket_start_date":"","_ticket_end_date":"","_tribe_ticket_show_description":"","_tribe_ticket_show_not_going":false,"_tribe_ticket_use_global_stock":"","_tribe_ticket_global_stock_level":"","_global_stock_mode":"","_global_stock_cap":"","_tribe_rsvp_for_event":"","_tribe_ticket_going_count":"","_tribe_ticket_not_going_count":"","_tribe_tickets_list":"[]","_tribe_ticket_has_attendee_info_fields":false,"footnotes":""},"categories":[4],"tags":[],"class_list":["post-8105","post","type-post","status-publish","format-standard","has-post-thumbnail","hentry","category-jugend"],"_links":{"self":[{"href":"https:\/\/schach-jedesheim.de\/index.php?rest_route=\/wp\/v2\/posts\/8105","targetHints":{"allow":["GET"]}}],"collection":[{"href":"https:\/\/schach-jedesheim.de\/index.php?rest_route=\/wp\/v2\/posts"}],"about":[{"href":"https:\/\/schach-jedesheim.de\/index.php?rest_route=\/wp\/v2\/types\/post"}],"author":[{"embeddable":true,"href":"https:\/\/schach-jedesheim.de\/index.php?rest_route=\/wp\/v2\/users\/1"}],"replies":[{"embeddable":true,"href":"https:\/\/schach-jedesheim.de\/index.php?rest_route=%2Fwp%2Fv2%2Fcomments&post=8105"}],"version-history":[{"count":11,"href":"https:\/\/schach-jedesheim.de\/index.php?rest_route=\/wp\/v2\/posts\/8105\/revisions"}],"predecessor-version":[{"id":10932,"href":"https:\/\/schach-jedesheim.de\/index.php?rest_route=\/wp\/v2\/posts\/8105\/revisions\/10932"}],"wp:featuredmedia":[{"embeddable":true,"href":"https:\/\/schach-jedesheim.de\/index.php?rest_route=\/wp\/v2\/media\/8130"}],"wp:attachment":[{"href":"https:\/\/schach-jedesheim.de\/index.php?rest_route=%2Fwp%2Fv2%2Fmedia&parent=8105"}],"wp:term":[{"taxonomy":"category","embeddable":true,"href":"https:\/\/schach-jedesheim.de\/index.php?rest_route=%2Fwp%2Fv2%2Fcategories&post=8105"},{"taxonomy":"post_tag","embeddable":true,"href":"https:\/\/schach-jedesheim.de\/index.php?rest_route=%2Fwp%2Fv2%2Ftags&post=8105"}],"curies":[{"name":"wp","href":"https:\/\/api.w.org\/{rel}","templated":true}]}}