{"id":84,"date":"2009-06-30T19:26:34","date_gmt":"2009-06-30T19:26:34","guid":{"rendered":"http:\/\/schach-jedesheim.de\/?p=84"},"modified":"2020-06-14T19:13:28","modified_gmt":"2020-06-14T18:13:28","slug":"offene-baden-wurttembergische-u8-meisterschaft-2009-im-reiterhof-illertissen-27-28-juni-2009","status":"publish","type":"post","link":"https:\/\/schach-jedesheim.de\/?p=84","title":{"rendered":"Offene Baden-W\u00fcrttembergische U8-Meisterschaft 2009 im Reiterhof Illertissen (27. &#8211; 28. Juni 2009)"},"content":{"rendered":"<p><span style=\"color: #f00;\"><strong>R\u00e4uberschach an der Iller<\/strong><\/span><br \/>\nvon Patrick Wiebe (Deutsche Schachjugend)<\/p>\n<p>36 R\u00e4uber und ihr R\u00e4uberhauptmann Schwarz-Wei\u00df trafen sich vom 27.-28. Juni in Illertissen, um ihren neuen Meister zu ermitteln. Am Grenzfluss zwischen W\u00fcrttemberg und Bayern auf einem idyllisch gelegenen Pferdehof wurde die Offene Baden-W\u00fcrttembergische Meisterschaft der Kinder unter 8 Jahren im Schach ausgetragen. Einige kleine R\u00e4uber haben daf\u00fcr sogar den Weg aus Bayern und Rheinland-Pfalz auf sich genommen.<br \/>\nDas Turnier wurde von Bernhard Jehle und seinem Team vom \u00f6rtlichen SV Jedesheim souver\u00e4n geleitet.<br \/>\nNach sieben Runde stand nach spannenden K\u00e4mpfen Gabriel J\u00fclg als bester Nachwuchsr\u00e4uber aus Baden-W\u00fcrttemberg mit 6,5 Punkten fest. Das Beste von zwei M\u00e4dchen wurde Karla Reif, die immerhin 3 Punkte erbeutete. Der j\u00fcngste Teilnehmer war gerade einmal 5 Jahr alt. Bei der abschlie\u00dfenden Siegerehrung konnte sich jeder R\u00e4uber \u00fcber eine Urkunde und gro\u00dfz\u00fcgige Sachpreise freuen.<br \/>\nIn Kooperation mit der Deutschen Schachjugend wurde den Teilnehmern au\u00dferdem ein kindgerechtes Freizeitprogramm geboten, welches ganz unter dem Motto R\u00e4uber stand. So konnten die Kinder nach der beendeten Schachpartie in der R\u00e4uberh\u00f6hle nach Herzenslust Spielen, Basteln und Malen. Weitere Zerstreuung fanden die Kinder bei R\u00e4uberfu\u00dfball und beim Ausprobieren der Spiele aus der ausleihbaren Bewegungskiste der Deutschen Schachjugend.<\/p>\n<p><!--more--><\/p>\n<div>\n<p style=\"text-align: center;\">Fotoalbum: U8-Meisterschaft<\/p>\n<table style=\"width: 412px; height: 238px;\" border=\"1\" cellspacing=\"1\" cellpadding=\"1\" align=\"center\">\n<tbody>\n<tr>\n<td><img decoding=\"async\" class=\"foto\" src=\"http:\/\/www.sv-jedesheim.de\/daten\/inhalt\/alben\/3058\/73k.jpg\" \/><\/td>\n<td><a title=\"Bild zum Vergr\u00f6\u00dfern anklicken\"><img decoding=\"async\" class=\"foto\" src=\"http:\/\/www.sv-jedesheim.de\/daten\/inhalt\/alben\/3058\/74k.jpg\" \/><\/a><\/td>\n<td><a style=\"text-align: center;\" title=\"Bild zum Vergr\u00f6\u00dfern anklicken\"><img decoding=\"async\" class=\"foto\" src=\"http:\/\/www.sv-jedesheim.de\/daten\/inhalt\/alben\/3058\/76k.jpg\" \/><\/a><\/td>\n<\/tr>\n<tr>\n<td><img decoding=\"async\" class=\"foto\" src=\"http:\/\/www.sv-jedesheim.de\/daten\/inhalt\/alben\/3058\/75k.jpg\" \/><\/td>\n<td><a style=\"text-align: center;\" title=\"Bild zum Vergr\u00f6\u00dfern anklicken\"><img decoding=\"async\" class=\"foto\" src=\"http:\/\/www.sv-jedesheim.de\/daten\/inhalt\/alben\/3058\/78k.jpg\" \/><\/a><\/td>\n<td><a style=\"text-align: center;\" title=\"Bild zum Vergr\u00f6\u00dfern anklicken\"><img decoding=\"async\" class=\"foto\" src=\"http:\/\/www.sv-jedesheim.de\/daten\/inhalt\/alben\/3058\/79k.jpg\" \/><\/a><\/td>\n<\/tr>\n<\/tbody>\n<\/table>\n<div style=\"text-align: center;\"><\/div>\n<div style=\"text-align: center;\"><\/div>\n<\/div>\n<table style=\"width: 100%;\" border=\"2\" cellspacing=\"2\" cellpadding=\"2\" align=\"center\" bgcolor=\"#c0c0c0\">\n<tbody>\n<tr>\n<td colspan=\"11\">Abschlu\u00dftabelle:<\/td>\n<\/tr>\n<tr bgcolor=\"#00ff00\">\n<th>Rang<\/th>\n<th>Teilnehmer<\/th>\n<th>TWZ<\/th>\n<th><\/th>\n<th>Verein\/Ort<\/th>\n<th>G<\/th>\n<th>S<\/th>\n<th>R<\/th>\n<th>V<\/th>\n<th>Punk<\/th>\n<th>Buchh<\/th>\n<\/tr>\n<tr bgcolor=\"#00ffff\">\n<td>1.<\/td>\n<td>J\u00fclg, Gabriel<\/td>\n<td>842<\/td>\n<td><\/td>\n<td>SK 1926 Ettlingen<\/td>\n<td>7<\/td>\n<td>6<\/td>\n<td>1<\/td>\n<td>0<\/td>\n<td>6.5<\/td>\n<td>32.5<\/td>\n<\/tr>\n<tr bgcolor=\"#00ffff\">\n<td>2.<\/td>\n<td>Wendler, David<\/td>\n<td>863<\/td>\n<td><\/td>\n<td>SF Pfullingen<\/td>\n<td>7<\/td>\n<td>6<\/td>\n<td>0<\/td>\n<td>1<\/td>\n<td>6.0<\/td>\n<td>27.5<\/td>\n<\/tr>\n<tr bgcolor=\"#00ffff\">\n<td>3.<\/td>\n<td>Beier, Lukas<\/td>\n<td><\/td>\n<td><\/td>\n<td>SV Oberkochen<\/td>\n<td>7<\/td>\n<td>5<\/td>\n<td>1<\/td>\n<td>1<\/td>\n<td>5.5<\/td>\n<td>33.5<\/td>\n<\/tr>\n<tr bgcolor=\"#00ffff\">\n<td>4.<\/td>\n<td>Dehm, David<\/td>\n<td><\/td>\n<td><\/td>\n<td>SK J\u00f6hlingen<\/td>\n<td>7<\/td>\n<td>4<\/td>\n<td>2<\/td>\n<td>1<\/td>\n<td>5.0<\/td>\n<td>27.5<\/td>\n<\/tr>\n<tr bgcolor=\"#00ffff\">\n<td>5.<\/td>\n<td>Rothermund, David<\/td>\n<td><\/td>\n<td><\/td>\n<td>SG Kirchheim<\/td>\n<td>7<\/td>\n<td>4<\/td>\n<td>2<\/td>\n<td>1<\/td>\n<td>5.0<\/td>\n<td>27.5<\/td>\n<\/tr>\n<tr bgcolor=\"#00ffff\">\n<td>6.<\/td>\n<td>Martin, Julian<\/td>\n<td>930<\/td>\n<td><\/td>\n<td>SF Sasbach<\/td>\n<td>7<\/td>\n<td>5<\/td>\n<td>0<\/td>\n<td>2<\/td>\n<td>5.0<\/td>\n<td>24.5<\/td>\n<\/tr>\n<tr bgcolor=\"#00ffff\">\n<td>7.<\/td>\n<td>Riehle, Fabio<\/td>\n<td><\/td>\n<td><\/td>\n<td>SF Sasbach<\/td>\n<td>7<\/td>\n<td>5<\/td>\n<td>0<\/td>\n<td>2<\/td>\n<td>5.0<\/td>\n<td>21.0<\/td>\n<\/tr>\n<tr bgcolor=\"#00ffff\">\n<td>8.<\/td>\n<td>Behr,Emil<\/td>\n<td><\/td>\n<td><\/td>\n<td>SC K\u00f6nigsspringer St\u00f6dtlen<\/td>\n<td>7<\/td>\n<td>4<\/td>\n<td>1<\/td>\n<td>2<\/td>\n<td>4.5<\/td>\n<td>29.5<\/td>\n<\/tr>\n<tr bgcolor=\"#00ffff\">\n<td>9.<\/td>\n<td>Berger, Manuel<\/td>\n<td><\/td>\n<td><\/td>\n<td>SF Wutachtal<\/td>\n<td>7<\/td>\n<td>4<\/td>\n<td>1<\/td>\n<td>2<\/td>\n<td>4.5<\/td>\n<td>28.0<\/td>\n<\/tr>\n<tr bgcolor=\"#00ffff\">\n<td>10.<\/td>\n<td>Tychev, Daniel<\/td>\n<td><\/td>\n<td><\/td>\n<td>SK Mannheim 1964<\/td>\n<td>7<\/td>\n<td>4<\/td>\n<td>1<\/td>\n<td>2<\/td>\n<td>4.5<\/td>\n<td>22.0<\/td>\n<\/tr>\n<tr bgcolor=\"#00ffff\">\n<td>11.<\/td>\n<td>Bugakov, Daniel<\/td>\n<td>766<\/td>\n<td><\/td>\n<td>SF Nagold<\/td>\n<td>7<\/td>\n<td>4<\/td>\n<td>0<\/td>\n<td>3<\/td>\n<td>4.0<\/td>\n<td>32.0<\/td>\n<\/tr>\n<tr bgcolor=\"#00ffff\">\n<td>12.<\/td>\n<td>Bachmann, Jonas<\/td>\n<td>1027<\/td>\n<td><\/td>\n<td>SC Neum\u00fchl<\/td>\n<td>7<\/td>\n<td>4<\/td>\n<td>0<\/td>\n<td>3<\/td>\n<td>4.0<\/td>\n<td>31.0<\/td>\n<\/tr>\n<tr bgcolor=\"#00ffff\">\n<td>13.<\/td>\n<td>Kungel, Christopher<\/td>\n<td><\/td>\n<td><\/td>\n<td>FC Gundelfingen<\/td>\n<td>7<\/td>\n<td>4<\/td>\n<td>0<\/td>\n<td>3<\/td>\n<td>4.0<\/td>\n<td>30.0<\/td>\n<\/tr>\n<tr bgcolor=\"#00ffff\">\n<td>14.<\/td>\n<td>Wiesner, Alexander<\/td>\n<td>749<\/td>\n<td><\/td>\n<td>Karlsruher SF 1853<\/td>\n<td>7<\/td>\n<td>4<\/td>\n<td>0<\/td>\n<td>3<\/td>\n<td>4.0<\/td>\n<td>29.5<\/td>\n<\/tr>\n<tr bgcolor=\"#00ffff\">\n<td>15.<\/td>\n<td>Fe\u00dfler,Jakob<\/td>\n<td>700<\/td>\n<td><\/td>\n<td>SC Weiler<\/td>\n<td>7<\/td>\n<td>4<\/td>\n<td>0<\/td>\n<td>3<\/td>\n<td>4.0<\/td>\n<td>28.5<\/td>\n<\/tr>\n<tr bgcolor=\"#00ffff\">\n<td>16.<\/td>\n<td>R\u00f6ssler, Lukas<\/td>\n<td><\/td>\n<td><\/td>\n<td>SK Mannheim-Lindenhof<\/td>\n<td>7<\/td>\n<td>4<\/td>\n<td>0<\/td>\n<td>3<\/td>\n<td>4.0<\/td>\n<td>26.5<\/td>\n<\/tr>\n<tr bgcolor=\"#00ffff\">\n<td>17.<\/td>\n<td>Lemke, Maximilian<\/td>\n<td><\/td>\n<td><\/td>\n<td>VFL Sindelfingen<\/td>\n<td>7<\/td>\n<td>4<\/td>\n<td>0<\/td>\n<td>3<\/td>\n<td>4.0<\/td>\n<td>19.0<\/td>\n<\/tr>\n<tr bgcolor=\"#00ffff\">\n<td>18.<\/td>\n<td>G\u00f6ll, Felix<\/td>\n<td><\/td>\n<td><\/td>\n<td>SF G\u00f6ppingen<\/td>\n<td>7<\/td>\n<td>3<\/td>\n<td>1<\/td>\n<td>3<\/td>\n<td>3.5<\/td>\n<td>26.5<\/td>\n<\/tr>\n<tr bgcolor=\"#00ffff\">\n<td>19.<\/td>\n<td>Blum, Sebastian<\/td>\n<td><\/td>\n<td><\/td>\n<td>Heidenheim<\/td>\n<td>7<\/td>\n<td>3<\/td>\n<td>1<\/td>\n<td>3<\/td>\n<td>3.5<\/td>\n<td>20.5<\/td>\n<\/tr>\n<tr bgcolor=\"#00ffff\">\n<td>20.<\/td>\n<td>Kuzyak, Vadym<\/td>\n<td><\/td>\n<td><\/td>\n<td>Freiburg-Z\u00e4hringen<\/td>\n<td>7<\/td>\n<td>3<\/td>\n<td>0<\/td>\n<td>4<\/td>\n<td>3.0<\/td>\n<td>28.5<\/td>\n<\/tr>\n<tr bgcolor=\"#00ffff\">\n<td>21.<\/td>\n<td>Frese, Felix<\/td>\n<td><\/td>\n<td><\/td>\n<td>SV Horb<\/td>\n<td>7<\/td>\n<td>3<\/td>\n<td>0<\/td>\n<td>4<\/td>\n<td>3.0<\/td>\n<td>28.0<\/td>\n<\/tr>\n<tr bgcolor=\"#00ffff\">\n<td>22.<\/td>\n<td>Collin, Alexander<\/td>\n<td><\/td>\n<td><\/td>\n<td>Schachpinguine Murrhardt<\/td>\n<td>7<\/td>\n<td>3<\/td>\n<td>0<\/td>\n<td>4<\/td>\n<td>3.0<\/td>\n<td>26.0<\/td>\n<\/tr>\n<tr bgcolor=\"#00ffff\">\n<td>23.<\/td>\n<td>Harsch, Lars<\/td>\n<td><\/td>\n<td><\/td>\n<td>SchV Bad Rappenau<\/td>\n<td>7<\/td>\n<td>3<\/td>\n<td>0<\/td>\n<td>4<\/td>\n<td>3.0<\/td>\n<td>24.5<\/td>\n<\/tr>\n<tr bgcolor=\"#00ffff\">\n<td>24.<\/td>\n<td>Reif, Karla<\/td>\n<td><\/td>\n<td>W<\/td>\n<td>SV Friedrichshafen<\/td>\n<td>7<\/td>\n<td>3<\/td>\n<td>0<\/td>\n<td>4<\/td>\n<td>3.0<\/td>\n<td>22.5<\/td>\n<\/tr>\n<tr bgcolor=\"#00ffff\">\n<td>25.<\/td>\n<td>Walter, Daniel<\/td>\n<td><\/td>\n<td><\/td>\n<td>SV Giengen<\/td>\n<td>7<\/td>\n<td>3<\/td>\n<td>0<\/td>\n<td>4<\/td>\n<td>3.0<\/td>\n<td>19.5<\/td>\n<\/tr>\n<tr bgcolor=\"#00ffff\">\n<td>26.<\/td>\n<td>L\u00f6he, Cedric<\/td>\n<td><\/td>\n<td><\/td>\n<td>SF K\u00f6nigsbronn<\/td>\n<td>7<\/td>\n<td>3<\/td>\n<td>0<\/td>\n<td>4<\/td>\n<td>3.0<\/td>\n<td>18.5<\/td>\n<\/tr>\n<tr bgcolor=\"#00ffff\">\n<td>27.<\/td>\n<td>Notegger,Phil<\/td>\n<td><\/td>\n<td><\/td>\n<td>SC Wolfurt<\/td>\n<td>7<\/td>\n<td>3<\/td>\n<td>0<\/td>\n<td>4<\/td>\n<td>3.0<\/td>\n<td>17.5<\/td>\n<\/tr>\n<tr bgcolor=\"#00ffff\">\n<td>28.<\/td>\n<td>Pufahl, Alex<\/td>\n<td><\/td>\n<td><\/td>\n<td>SC Obersulmetingen<\/td>\n<td>7<\/td>\n<td>2<\/td>\n<td>1<\/td>\n<td>4<\/td>\n<td>2.5<\/td>\n<td>23.5<\/td>\n<\/tr>\n<tr bgcolor=\"#00ffff\">\n<td>29.<\/td>\n<td>Hacklinger, Leon<\/td>\n<td><\/td>\n<td><\/td>\n<td>SK Buchloe<\/td>\n<td>7<\/td>\n<td>2<\/td>\n<td>0<\/td>\n<td>5<\/td>\n<td>2.0<\/td>\n<td>23.0<\/td>\n<\/tr>\n<tr bgcolor=\"#00ffff\">\n<td>30.<\/td>\n<td>Schicht, Luca<\/td>\n<td><\/td>\n<td><\/td>\n<td>SV Horb<\/td>\n<td>7<\/td>\n<td>2<\/td>\n<td>0<\/td>\n<td>5<\/td>\n<td>2.0<\/td>\n<td>21.5<\/td>\n<\/tr>\n<tr bgcolor=\"#00ffff\">\n<td>31.<\/td>\n<td>Minich, Sascha<\/td>\n<td><\/td>\n<td><\/td>\n<td>SC Bopfingen<\/td>\n<td>7<\/td>\n<td>2<\/td>\n<td>0<\/td>\n<td>5<\/td>\n<td>2.0<\/td>\n<td>21.5<\/td>\n<\/tr>\n<tr bgcolor=\"#00ffff\">\n<td>32.<\/td>\n<td>Doll, Alexander<\/td>\n<td><\/td>\n<td><\/td>\n<td>SC Untergrombach<\/td>\n<td>7<\/td>\n<td>2<\/td>\n<td>0<\/td>\n<td>5<\/td>\n<td>2.0<\/td>\n<td>19.5<\/td>\n<\/tr>\n<tr bgcolor=\"#00ffff\">\n<td>33.<\/td>\n<td>Reif, Richard<\/td>\n<td><\/td>\n<td><\/td>\n<td>SV Friedrichshafen<\/td>\n<td>7<\/td>\n<td>2<\/td>\n<td>0<\/td>\n<td>5<\/td>\n<td>2.0<\/td>\n<td>18.5<\/td>\n<\/tr>\n<tr bgcolor=\"#00ffff\">\n<td>34.<\/td>\n<td>Franz, Eric<\/td>\n<td><\/td>\n<td><\/td>\n<td>SV Backnang<\/td>\n<td>7<\/td>\n<td>2<\/td>\n<td>0<\/td>\n<td>5<\/td>\n<td>2.0<\/td>\n<td>17.5<\/td>\n<\/tr>\n<tr bgcolor=\"#00ffff\">\n<td>35.<\/td>\n<td>Erler, Chiara<\/td>\n<td><\/td>\n<td>W<\/td>\n<td>SV T\u00fcrkheim\/Bad W\u00f6ri<\/td>\n<td>7<\/td>\n<td>1<\/td>\n<td>0<\/td>\n<td>6<\/td>\n<td>1.0<\/td>\n<td>19.0<\/td>\n<\/tr>\n<tr bgcolor=\"#00ffff\">\n<td>36.<\/td>\n<td>Gro\u00df,Lukas<\/td>\n<td><\/td>\n<td><\/td>\n<td>TSV Weissenhorn<\/td>\n<td>7<\/td>\n<td>0<\/td>\n<td>0<\/td>\n<td>7<\/td>\n<td>0.0<\/td>\n<td>16.0<\/td>\n<\/tr>\n<\/tbody>\n<\/table>\n","protected":false},"excerpt":{"rendered":"<p>R\u00e4uberschach an der Iller von Patrick Wiebe (Deutsche Schachjugend) 36 R\u00e4uber und ihr R\u00e4uberhauptmann Schwarz-Wei\u00df trafen sich vom 27.-28. Juni in Illertissen, um ihren neuen Meister zu ermitteln. Am Grenzfluss zwischen W\u00fcrttemberg und Bayern&#46;&#46;&#46;<\/p>\n","protected":false},"author":1,"featured_media":10832,"comment_status":"open","ping_status":"open","sticky":false,"template":"","format":"standard","meta":{"_price":"","_stock":"","_tribe_ticket_header":"","_tribe_default_ticket_provider":"","_tribe_ticket_capacity":"0","_ticket_start_date":"","_ticket_end_date":"","_tribe_ticket_show_description":"","_tribe_ticket_show_not_going":false,"_tribe_ticket_use_global_stock":"","_tribe_ticket_global_stock_level":"","_global_stock_mode":"","_global_stock_cap":"","_tribe_rsvp_for_event":"","_tribe_ticket_going_count":"","_tribe_ticket_not_going_count":"","_tribe_tickets_list":"[]","_tribe_ticket_has_attendee_info_fields":false,"footnotes":""},"categories":[6],"tags":[],"class_list":["post-84","post","type-post","status-publish","format-standard","has-post-thumbnail","hentry","category-u8-meisterschaft"],"_links":{"self":[{"href":"https:\/\/schach-jedesheim.de\/index.php?rest_route=\/wp\/v2\/posts\/84","targetHints":{"allow":["GET"]}}],"collection":[{"href":"https:\/\/schach-jedesheim.de\/index.php?rest_route=\/wp\/v2\/posts"}],"about":[{"href":"https:\/\/schach-jedesheim.de\/index.php?rest_route=\/wp\/v2\/types\/post"}],"author":[{"embeddable":true,"href":"https:\/\/schach-jedesheim.de\/index.php?rest_route=\/wp\/v2\/users\/1"}],"replies":[{"embeddable":true,"href":"https:\/\/schach-jedesheim.de\/index.php?rest_route=%2Fwp%2Fv2%2Fcomments&post=84"}],"version-history":[{"count":15,"href":"https:\/\/schach-jedesheim.de\/index.php?rest_route=\/wp\/v2\/posts\/84\/revisions"}],"predecessor-version":[{"id":11602,"href":"https:\/\/schach-jedesheim.de\/index.php?rest_route=\/wp\/v2\/posts\/84\/revisions\/11602"}],"wp:featuredmedia":[{"embeddable":true,"href":"https:\/\/schach-jedesheim.de\/index.php?rest_route=\/wp\/v2\/media\/10832"}],"wp:attachment":[{"href":"https:\/\/schach-jedesheim.de\/index.php?rest_route=%2Fwp%2Fv2%2Fmedia&parent=84"}],"wp:term":[{"taxonomy":"category","embeddable":true,"href":"https:\/\/schach-jedesheim.de\/index.php?rest_route=%2Fwp%2Fv2%2Fcategories&post=84"},{"taxonomy":"post_tag","embeddable":true,"href":"https:\/\/schach-jedesheim.de\/index.php?rest_route=%2Fwp%2Fv2%2Ftags&post=84"}],"curies":[{"name":"wp","href":"https:\/\/api.w.org\/{rel}","templated":true}]}}