{"id":8441,"date":"2018-08-06T13:14:56","date_gmt":"2018-08-06T13:14:56","guid":{"rendered":"http:\/\/schach-jedesheim.de\/?p=8441"},"modified":"2020-06-03T23:52:32","modified_gmt":"2020-06-03T22:52:32","slug":"wem-2018-in-illertissen-zehn-gute-gruende-fuer-eine-teilnahme","status":"publish","type":"post","link":"https:\/\/schach-jedesheim.de\/?p=8441","title":{"rendered":"WEM 2018 in Illertissen: 10 gute Gr\u00fcnde f\u00fcr eine Teilnahme"},"content":{"rendered":"<h4 style=\"text-align: center;\"><span style=\"color: #ff0000;\"><strong>Schachfestival W\u00fcrttemberg<\/strong><strong> 2018<br \/>\n<\/strong><strong>25. August bis 02. September <\/strong>in der Historischen Schranne Illertissen<\/span><br \/>\n<strong><span style=\"color: #ff0000;\">Eine optimale Gelegenheit, Schach und Ferien in Bayrisch-Schwaben zu kombinieren<\/span> <\/strong><\/h4>\n<div>\n<p align=\"LEFT\">Illertissen mit seinen Ortsteilen Tiefenbach, Betlinshausen, Au und <strong>Jedesheim<\/strong> ist eine lebens- und liebenswerte Stadt. Sie versteht sich als Mittelzentrum und verkn\u00fcpft auf ideale Weise Leben und Arbeiten.<\/p>\n<p align=\"LEFT\"><strong>SEHENSWERTES in Illertissen<\/strong><\/p>\n<p align=\"LEFT\"><a href=\"http:\/\/schach-jedesheim.de\/wp-content\/uploads\/2018\/03\/Schranne1.jpg\" rel=\"lightbox[8441]\"><img loading=\"lazy\" decoding=\"async\" class=\"alignleft size-thumbnail wp-image-7982\" src=\"http:\/\/schach-jedesheim.de\/wp-content\/uploads\/2018\/03\/Schranne1-150x150.jpg\" alt=\"\" width=\"150\" height=\"150\" \/><\/a>Gro\u00dfe und kleine Sehensw\u00fcrdigkeiten locken\u00a0Jahr f\u00fcr Jahr viele Ausw\u00e4rtige und Touristen in das liebenswerte St\u00e4dtchen an der Iller.<a href=\"http:\/\/schach-jedesheim.de\/wp-content\/uploads\/2018\/07\/Plakat_SVJ_Schachfestival-Sponsoren.jpg\" rel=\"lightbox[8441]\"><img loading=\"lazy\" decoding=\"async\" class=\"alignright size-medium wp-image-8564\" src=\"http:\/\/schach-jedesheim.de\/wp-content\/uploads\/2018\/07\/Plakat_SVJ_Schachfestival-Sponsoren-213x300.jpg\" alt=\"\" width=\"213\" height=\"300\" srcset=\"https:\/\/schach-jedesheim.de\/wp-content\/uploads\/2018\/07\/Plakat_SVJ_Schachfestival-Sponsoren-213x300.jpg 213w, https:\/\/schach-jedesheim.de\/wp-content\/uploads\/2018\/07\/Plakat_SVJ_Schachfestival-Sponsoren-768x1080.jpg 768w, https:\/\/schach-jedesheim.de\/wp-content\/uploads\/2018\/07\/Plakat_SVJ_Schachfestival-Sponsoren-728x1024.jpg 728w, https:\/\/schach-jedesheim.de\/wp-content\/uploads\/2018\/07\/Plakat_SVJ_Schachfestival-Sponsoren.jpg 859w\" sizes=\"auto, (max-width: 213px) 100vw, 213px\" \/><\/a><\/p>\n<p align=\"LEFT\">Sehenswert ist besonders das hoch \u00fcber der Stadt gelegene V\u00f6hlinschloss mit seinem Schlosshof. Auch der Barocksaal und die Schlosskapelle sind wahre Kleinode. Im Schloss k\u00f6nnen das Bayerische Bienenmuseum und das neue Museum Illertissen besichtigt werden. Auf dem Gel\u00e4nde der Jungviehweide erwartet Gartenfreunde das Museum der Gartenkultur mit seinen wundersch\u00f6nen Au\u00dfenanlagen, darunter auch eine Freischach-Anlage.<br \/>\nDie Stadtpfarrkirche St. Martin ist sehr reizvoll und lohnt eine Besichtigung: Seit 2006 kann man hier neben dem von Christoph Rodt geschaffenen Hochrenaissancealtar ein gro\u00dfes Turmglockenspiel mit 49 Glocken und mechanischem Stockspieltisch bewundern.<\/p>\n<p><strong>Illertissen ist immer einen Besuch wert!<\/strong><\/p>\n<p><a href=\"http:\/\/schach-jedesheim.de\/wp-content\/uploads\/2018\/07\/Flyer_Schachfestival-2018.pdf\">Flyer_Schachfestival 2018<\/a><\/p>\n<p>Die Turnierorganisatoren Eric Hermann, Carsten Karthaus und Bernhard Jehle hoffen auf eine rege Teilnahme, aus deren Sicht gibt es<\/p>\n<p><span style=\"color: #ff0000;\"><strong>\u00abZehn gute Gr\u00fcnde, am W\u00fcrttembergischen Schachfestival 2018 in Illertissen mit zu spielen\u00bb.<\/strong><\/span><\/p>\n<p><span style=\"color: #ff0000;\"><strong>1. Schach f\u00fcr alle<br \/>\n<\/strong><\/span>Der Schachverband W\u00fcrttemberg erwartet Schachspieler aller Spielst\u00e4rken zu den drei\u00a0Turnieren:<a href=\"http:\/\/schach-jedesheim.de\/wp-content\/uploads\/2014\/06\/logo_svw.jpg\" rel=\"lightbox[8441]\"><img loading=\"lazy\" decoding=\"async\" class=\"alignright size-full wp-image-3071\" src=\"http:\/\/schach-jedesheim.de\/wp-content\/uploads\/2014\/06\/logo_svw.jpg\" alt=\"\" width=\"80\" height=\"57\" \/><\/a><br \/>\n<strong>Internationales Meisterturnier (WEM-INT):<\/strong> W\u00fcrttembergische Spitzenspieler fordern Internationale Gro\u00dfmeister heraus<br \/>\n<a href=\"http:\/\/schach-jedesheim.de\/wp-content\/uploads\/2018\/07\/WEM-2018-Kandidaten_HP.pdf\" target=\"_blank\" rel=\"noopener noreferrer\"><strong>Kandidatenturnier\u00a0(WEM-KT):<\/strong> <\/a>Wer spielt im n\u00e4chsten Jahr im Meisterturnier?<br \/>\n<a href=\"http:\/\/schach-jedesheim.de\/wp-content\/uploads\/2018\/07\/WEM-2018-OffenesTurnier.pdf\" target=\"_blank\" rel=\"noopener noreferrer\"><strong>Offenes Turnier (WEM-OT):<\/strong> <\/a>Offen f\u00fcr alle Spielerinnen und Spieler mit Spielberichtigung in einem W\u00fcrttembergischen Verein<\/p>\n<p><span style=\"color: #ff0000;\"><strong>2. Schach und Spitzensport<br \/>\n<\/strong><\/span>Das <strong>Int. Meisterturnier\u00a0<\/strong>bietet Spitzenschach vom Feinsten mit den drei Gro\u00dfmeister <strong>Alexander Baburin<\/strong> (Irland), <strong>Dejan Pikula<\/strong> (SRB) und <strong>Petr Haba<\/strong> (CZE). Erg\u00e4nzt wird das Trio mit dem spielstarken Int. Meister <strong>Bjorn Moller Ochsner<\/strong> (ELO 2469)\u00a0aus D\u00e4nemark.<br \/>\nDazu kommen die W\u00fcrttembergischen Spitzenspieler <strong>Mark Kvetny<\/strong>,\u00a0<strong>Sebastian Fischer<\/strong>, <strong>Thilo Kabisch<\/strong> und <strong>Jens Hirneise<\/strong> als die vier Bestplatzierten aus dem Vorjahr. Komplettiert wird das Feld mit den oberschw\u00e4bischen Spitzenspielern <strong>Jaroslaw Krassowizkij<\/strong> (SV Jedesheim) und <strong>Bernhard Sinz<\/strong> (TG Biberach).<br \/>\nDie zehn Teilnehmer und alle Ergebnisse des Int. Meisterturniers werden auf Chess-Results ver\u00f6ffentlicht: <em><strong><a href=\"http:\/\/chess-results.com\/tnr342530.aspx?lan=0\" target=\"_blank\" rel=\"noopener noreferrer\">Link zum Turnier<\/a><\/strong><\/em><\/p>\n<div id=\"attachment_2908\" style=\"width: 160px\" class=\"wp-caption alignright\"><a href=\"http:\/\/schach-jedesheim.de\/wp-content\/uploads\/2014\/04\/V\u00f6hlinschloss-Illertissen.jpg\" rel=\"lightbox[8441]\"><img loading=\"lazy\" decoding=\"async\" aria-describedby=\"caption-attachment-2908\" class=\"size-thumbnail wp-image-2908\" src=\"http:\/\/schach-jedesheim.de\/wp-content\/uploads\/2014\/04\/V\u00f6hlinschloss-Illertissen-150x150.jpg\" alt=\"\" width=\"150\" height=\"150\" \/><\/a><p id=\"caption-attachment-2908\" class=\"wp-caption-text\">V\u00f6hlinschloss Illertissen<\/p><\/div>\n<p><strong><span style=\"color: #ff0000;\">3. Schach und\u00a0Kultur<\/span><br \/>\n<\/strong>Der SV Jedesheim organisiert ein\u00a0ein attraktives Rahmenprogramm &#8211; f\u00fcr Spieler und Begleitpersonen:<br \/>\nMontag, 27.08.2018, 10 &#8211; 12 Uhr: <strong>Stadt- und Schlossf\u00fchrung (Treffpunkt Bahnhof)<\/strong><br \/>\nMittwoch, 29.08.2018, 10.30 &#8211; 12.00 Uhr:<br \/>\n<strong>Kirchen- und Klosterf\u00fchrung in Roggenburg mit gem\u00fctlicher Einkehr in der Alten Roggensch\u00e4nke<\/strong><br \/>\nSchach-Kino am Donnerstag, 30.08.2018, 20:00 Uhr:<br \/>\n<strong>Schwarz und Wei\u00df wie Tage und N\u00e4chte &#8211;\u00a0Kinofilm von 1978 mit Bruno Ganz und Gila von Weitershausen<\/strong><br \/>\n(\u00c4nderungen vorbehalten).<\/p>\n<p><strong><span style=\"color: #ff0000;\">4. Schach und\u00a0Folk Music<\/span><br \/>\n<\/strong>Am Freitag, 31. August, 19 Uhr spielen auf dem Schrannenplatz die &#8222;<a href=\"http:\/\/www.merkbrothers.de\/\" target=\"_blank\" rel=\"noopener noreferrer\">Merk Brothers<\/a>&#8220; aus Jedesheim.<br \/>\nDie verschiedenen Titel sind zeitlose und typische Vertreter der Folkmusik aus den 60er, 70er und 80er Jahren. Wir sind davon \u00fcberzeugt, dass diese Art der Musik immer noch bzw. wieder viele Freunde hat und viel zu selten live geh\u00f6rt werden kann.<br \/>\n<strong><br \/>\n<span style=\"color: #ff0000;\">5. Apr\u00e8s-Schach-Bar <\/span><br \/>\n<\/strong>T\u00e4glich ab 18.00 Uhr \u00f6ffnet unsere Cocktail-Bar zum gem\u00fctlichen Plausch und Partieanalyse auf dem Schrannenplatz.<\/p>\n<p><strong><span style=\"color: #ff0000;\">6. Schach und VIP:<\/span><br \/>\n<\/strong>Zum Rundenbeginn des Meisterturniers wird\u00a0eine Pers\u00f6nlichkeit aus Politik und Sport den 1. Zug\u00a0am 1. Brett ausf\u00fchren.<\/p>\n<p><span style=\"color: #ff0000;\"><strong>7. Schach und Gro\u00dfmeister ganz nah<\/strong><\/span><\/p>\n<div id=\"attachment_8451\" style=\"width: 160px\" class=\"wp-caption alignright\"><a href=\"http:\/\/schach-jedesheim.de\/wp-content\/uploads\/2018\/07\/Artur_Training_kl.jpg\" rel=\"lightbox[8441]\"><img loading=\"lazy\" decoding=\"async\" aria-describedby=\"caption-attachment-8451\" class=\"wp-image-8451\" src=\"http:\/\/schach-jedesheim.de\/wp-content\/uploads\/2018\/07\/Artur_Training_kl-150x150.jpg\" alt=\"\" width=\"150\" height=\"150\" \/><\/a><p id=\"caption-attachment-8451\" class=\"wp-caption-text\">GM Artur Jussupow<\/p><\/div>\n<p><strong>GM Artur Jussupow<\/strong> wird am Samstag, den 01. September einen Vortrag halten:<br \/>\nThema: Stellungsbeurteilung und Plan: Botwinnik &#8211; Kortschnoi &#8211; Carlsen \u00a0(10.30 &#8211; 12.00 Uhr)<br \/>\nSeminargeb\u00fchr: 25\u20ac.<\/p>\n<p><span style=\"color: #ff0000;\"><strong>8. Schach und Torero-Partie<\/strong><\/span><br \/>\nVor jeder Runde wird die sch\u00f6nste und tollste Partie des Vortages\u00a0 mit einer Flasche Sekt ausgezeichnet.<\/p>\n<p><strong><span style=\"color: #ff0000;\">9. Schach und perfekte Organisation<br \/>\n<\/span><\/strong><span style=\"font-family: 'Georgia','serif';\"><span style=\"color: #000000;\">Der Schachverband W\u00fcrttemberg und der ausrichtende Verein SV Jedesheim bieten ausgezeichnete Rahmenbedingungen f\u00fcr Turnierschach und Freizeit. <\/span><\/span><span style=\"font-family: 'Georgia','serif';\"><span style=\"color: #000000;\">Das Turnier wird teilweise auch im Internet \u00fcbertragen werden. Alle Partien werden digital erfasst.<\/span><\/span><\/p>\n<p><span style=\"font-family: 'Georgia','serif';\"><span style=\"color: #000000;\">Unterkunft in Illertissen und Umgebung: <em><strong><a href=\"https:\/\/www.illertissen.de\/Hotels.n96.html\" target=\"_blank\" rel=\"noopener noreferrer\">Hotels und \u00dcbernachtungen<\/a><\/strong><\/em><br \/>\n<\/span><\/span><span style=\"color: #333333; font-family: 'Georgia','serif';\">Infos \u00fcber Illertissen: <em><strong><a href=\"http:\/\/www.illertissen.de\/\" target=\"_blank\" rel=\"noopener noreferrer\">illertissen.de<\/a><\/strong><\/em><br \/>\n<\/span><\/p>\n<p><strong><span style=\"color: #ff0000;\">10. Mitmachen kommt vor der Platzierung<br \/>\n<\/span><\/strong><span style=\"color: #333333; font-family: 'Georgia','serif';\">Melden Sie sich noch heute f\u00fcr die WEM 2018 in Illertissen an.<br \/>\nSenden Sie bitte dazu einen E-Mail an: Eric Hermann, <\/span><a href=\"mailto:Eric.Hermann@svw.info\">Eric.Hermann@svw.info<\/a><\/p>\n<p>Weitere Ausk\u00fcnfte \u00fcber die Turniere:<br \/>\nEric Hermann, <a href=\"mailto:Eric.Hermann@svw.info\">Eric.Hermann@svw.info<\/a>.<br \/>\nBernhard Jehle, chessware@t-online.de, Tel. 07309-7999<\/p>\n<\/div>\n","protected":false},"excerpt":{"rendered":"<p>Schachfestival W\u00fcrttemberg 2018 25. August bis 02. September in der Historischen Schranne Illertissen Eine optimale Gelegenheit, Schach und Ferien in Bayrisch-Schwaben zu kombinieren Illertissen mit seinen Ortsteilen Tiefenbach, Betlinshausen, Au und Jedesheim ist eine&#46;&#46;&#46;<\/p>\n","protected":false},"author":1,"featured_media":8718,"comment_status":"open","ping_status":"open","sticky":false,"template":"","format":"standard","meta":{"_price":"","_stock":"","_tribe_ticket_header":"","_tribe_default_ticket_provider":"","_tribe_ticket_capacity":"0","_ticket_start_date":"","_ticket_end_date":"","_tribe_ticket_show_description":"","_tribe_ticket_show_not_going":false,"_tribe_ticket_use_global_stock":"","_tribe_ticket_global_stock_level":"","_global_stock_mode":"","_global_stock_cap":"","_tribe_rsvp_for_event":"","_tribe_ticket_going_count":"","_tribe_ticket_not_going_count":"","_tribe_tickets_list":"[]","_tribe_ticket_has_attendee_info_fields":false,"footnotes":""},"categories":[24],"tags":[],"class_list":["post-8441","post","type-post","status-publish","format-standard","has-post-thumbnail","hentry","category-wurttembergische-meisterschaften"],"_links":{"self":[{"href":"https:\/\/schach-jedesheim.de\/index.php?rest_route=\/wp\/v2\/posts\/8441","targetHints":{"allow":["GET"]}}],"collection":[{"href":"https:\/\/schach-jedesheim.de\/index.php?rest_route=\/wp\/v2\/posts"}],"about":[{"href":"https:\/\/schach-jedesheim.de\/index.php?rest_route=\/wp\/v2\/types\/post"}],"author":[{"embeddable":true,"href":"https:\/\/schach-jedesheim.de\/index.php?rest_route=\/wp\/v2\/users\/1"}],"replies":[{"embeddable":true,"href":"https:\/\/schach-jedesheim.de\/index.php?rest_route=%2Fwp%2Fv2%2Fcomments&post=8441"}],"version-history":[{"count":32,"href":"https:\/\/schach-jedesheim.de\/index.php?rest_route=\/wp\/v2\/posts\/8441\/revisions"}],"predecessor-version":[{"id":10814,"href":"https:\/\/schach-jedesheim.de\/index.php?rest_route=\/wp\/v2\/posts\/8441\/revisions\/10814"}],"wp:featuredmedia":[{"embeddable":true,"href":"https:\/\/schach-jedesheim.de\/index.php?rest_route=\/wp\/v2\/media\/8718"}],"wp:attachment":[{"href":"https:\/\/schach-jedesheim.de\/index.php?rest_route=%2Fwp%2Fv2%2Fmedia&parent=8441"}],"wp:term":[{"taxonomy":"category","embeddable":true,"href":"https:\/\/schach-jedesheim.de\/index.php?rest_route=%2Fwp%2Fv2%2Fcategories&post=8441"},{"taxonomy":"post_tag","embeddable":true,"href":"https:\/\/schach-jedesheim.de\/index.php?rest_route=%2Fwp%2Fv2%2Ftags&post=8441"}],"curies":[{"name":"wp","href":"https:\/\/api.w.org\/{rel}","templated":true}]}}