{"id":8881,"date":"2018-10-23T09:59:48","date_gmt":"2018-10-23T09:59:48","guid":{"rendered":"http:\/\/schach-jedesheim.de\/?p=8881"},"modified":"2020-06-03T22:39:43","modified_gmt":"2020-06-03T21:39:43","slug":"in-memoriam-stefan-stark-3-10-1936-29-9-2018","status":"publish","type":"post","link":"https:\/\/schach-jedesheim.de\/?p=8881","title":{"rendered":"In Memoriam: Stefan Stark (3.10.1936 \u2013 29.9.2018)"},"content":{"rendered":"<p><span style=\"line-height: 107%; font-family: 'Arial',sans-serif; font-size: 12pt;\"><span style=\"color: #000000;\">Die Schachfreunde des SV Jedesheim trauern um ihr langj\u00e4hriges Mitglied <strong>Stefan Stark<\/strong>, der am 29.9.2018 kurz vor seinem 82stem Geburtstag verstorben ist.<\/span><\/span><\/p>\n<p><span style=\"line-height: 107%; font-family: 'Arial',sans-serif; font-size: 12pt;\"><span style=\"color: #000000;\">Schach war seine gro\u00dfe Leidenschaft. Stefan Stark war Gr\u00fcndungsmitglied der Schachabteilung des SV Jedesheim. Von 1976 bis 2013 betreute er als Materialwart das Spielmaterial und stellte im Vorfeld der Mannschaftsk\u00e4mpfe und der Turniere Bretter und Uhren auf. Er spielte zuverl\u00e4ssig bei seinen Mannschaftsk\u00e4mpfen und Turnieren und half auch gerne bei anderen Mannschaften aus. Bei <strong>allen<\/strong> Veranstaltungen der Schachabteilung war Stefan stets dabei und half\u00a0mit, solange sein Gesundheitszustand das erlaubte. Wegen seines ruhigen, freundlichen und bescheidenen Wesens war er bei allen seinen Schachfreunden sehr beliebt.<\/span><\/span><\/p>\n<p><span style=\"line-height: 107%; font-family: 'Arial',sans-serif; font-size: 12pt;\"><span style=\"color: #000000;\">Wir sind dankbar f\u00fcr seine Vereinstreue, seine Kameradschaft und seinen Einsatz f\u00fcr die Schachabteilung und f\u00fcr das Schach.<\/span><\/span><\/p>\n<p><span style=\"line-height: 107%; font-family: 'Arial',sans-serif; font-size: 12pt;\"><span style=\"color: #000000;\">Wir werden ihm ein ehrendes Gedenken bewahren.<\/span><\/span><\/p>\n<p>&nbsp;<\/p>\n","protected":false},"excerpt":{"rendered":"<p>Die Schachfreunde des SV Jedesheim trauern um ihr langj\u00e4hriges Mitglied Stefan Stark, der am 29.9.2018 kurz vor seinem 82stem Geburtstag verstorben ist. Schach war seine gro\u00dfe Leidenschaft. Stefan Stark war Gr\u00fcndungsmitglied der Schachabteilung des&#46;&#46;&#46;<\/p>\n","protected":false},"author":1,"featured_media":8883,"comment_status":"open","ping_status":"open","sticky":false,"template":"","format":"standard","meta":{"_price":"","_stock":"","_tribe_ticket_header":"","_tribe_default_ticket_provider":"","_tribe_ticket_capacity":"0","_ticket_start_date":"","_ticket_end_date":"","_tribe_ticket_show_description":"","_tribe_ticket_show_not_going":false,"_tribe_ticket_use_global_stock":"","_tribe_ticket_global_stock_level":"","_global_stock_mode":"","_global_stock_cap":"","_tribe_rsvp_for_event":"","_tribe_ticket_going_count":"","_tribe_ticket_not_going_count":"","_tribe_tickets_list":"[]","_tribe_ticket_has_attendee_info_fields":false,"footnotes":""},"categories":[39],"tags":[],"class_list":["post-8881","post","type-post","status-publish","format-standard","has-post-thumbnail","hentry","category-nachruf"],"_links":{"self":[{"href":"https:\/\/schach-jedesheim.de\/index.php?rest_route=\/wp\/v2\/posts\/8881","targetHints":{"allow":["GET"]}}],"collection":[{"href":"https:\/\/schach-jedesheim.de\/index.php?rest_route=\/wp\/v2\/posts"}],"about":[{"href":"https:\/\/schach-jedesheim.de\/index.php?rest_route=\/wp\/v2\/types\/post"}],"author":[{"embeddable":true,"href":"https:\/\/schach-jedesheim.de\/index.php?rest_route=\/wp\/v2\/users\/1"}],"replies":[{"embeddable":true,"href":"https:\/\/schach-jedesheim.de\/index.php?rest_route=%2Fwp%2Fv2%2Fcomments&post=8881"}],"version-history":[{"count":6,"href":"https:\/\/schach-jedesheim.de\/index.php?rest_route=\/wp\/v2\/posts\/8881\/revisions"}],"predecessor-version":[{"id":10811,"href":"https:\/\/schach-jedesheim.de\/index.php?rest_route=\/wp\/v2\/posts\/8881\/revisions\/10811"}],"wp:featuredmedia":[{"embeddable":true,"href":"https:\/\/schach-jedesheim.de\/index.php?rest_route=\/wp\/v2\/media\/8883"}],"wp:attachment":[{"href":"https:\/\/schach-jedesheim.de\/index.php?rest_route=%2Fwp%2Fv2%2Fmedia&parent=8881"}],"wp:term":[{"taxonomy":"category","embeddable":true,"href":"https:\/\/schach-jedesheim.de\/index.php?rest_route=%2Fwp%2Fv2%2Fcategories&post=8881"},{"taxonomy":"post_tag","embeddable":true,"href":"https:\/\/schach-jedesheim.de\/index.php?rest_route=%2Fwp%2Fv2%2Ftags&post=8881"}],"curies":[{"name":"wp","href":"https:\/\/api.w.org\/{rel}","templated":true}]}}