{"id":89,"date":"2011-07-30T20:50:15","date_gmt":"2011-07-30T20:50:15","guid":{"rendered":"http:\/\/schach-jedesheim.de\/?p=89"},"modified":"2020-06-07T17:18:33","modified_gmt":"2020-06-07T16:18:33","slug":"15-jedesheimer-jugend-turnier-am-03-juli-2011","status":"publish","type":"post","link":"https:\/\/schach-jedesheim.de\/?p=89","title":{"rendered":"15. Jedesheimer Jugend-Turnier &#8211; jetzt auch als Video auf Youtube"},"content":{"rendered":"<p><a href=\"http:\/\/schach-jedesheim.de\/wp-content\/uploads\/Download.png\" rel=\"lightbox[89]\"><img loading=\"lazy\" decoding=\"async\" src=\"http:\/\/schach-jedesheim.de\/wp-content\/uploads\/Download.png\" alt=\"\" width=\"100\" height=\"56\" align=\"right\" \/><\/a>Unsere \u00f6sterreichischen Schachfreunde aus Hohenems haben ein tolles Video beim Jedesheimer Jugend-Open produziert. Obmann Reinhard Kuntner schreibt auf der sehr empfehlenswerten Homepage<a href=\"http:\/\/www.skhohenems.at\" target=\"_blank\" rel=\"noopener noreferrer\"> www.skhohenems.at: <\/a>\u00a0\u00a0&#8222;Die erste Eigenproduktion, ein Video das unsere Kinder und Jugendlichen beim Jugend-Open in Jedesheim Anfang Juli zeigt, ist eben fertig geworden. Wir finden, in diesem Video wird die Begeisterung der Kinder f\u00fcr das Spiel und den Wettkampf besonders deutlich.&#8220; Obmann Reinhard Kuntner nimmt von der ersten B\u00fcrgermeisterin von Illertissen, Marita Kaiser, den Pokal f\u00fcr die beste Vereinsmannschaft entgegen.<br \/>\n<strong>Foto:<\/strong> Reinhard, vielen Dank f\u00fcr die tolle Werbung !<\/p>\n","protected":false},"excerpt":{"rendered":"<p>Unsere \u00f6sterreichischen Schachfreunde aus Hohenems haben ein tolles Video beim Jedesheimer Jugend-Open produziert. Obmann Reinhard Kuntner schreibt auf der sehr empfehlenswerten Homepage www.skhohenems.at: \u00a0\u00a0&#8222;Die erste Eigenproduktion, ein Video das unsere Kinder und Jugendlichen beim&#46;&#46;&#46;<\/p>\n","protected":false},"author":1,"featured_media":11115,"comment_status":"open","ping_status":"open","sticky":false,"template":"","format":"standard","meta":{"_price":"","_stock":"","_tribe_ticket_header":"","_tribe_default_ticket_provider":"","_tribe_ticket_capacity":"0","_ticket_start_date":"","_ticket_end_date":"","_tribe_ticket_show_description":"","_tribe_ticket_show_not_going":false,"_tribe_ticket_use_global_stock":"","_tribe_ticket_global_stock_level":"","_global_stock_mode":"","_global_stock_cap":"","_tribe_rsvp_for_event":"","_tribe_ticket_going_count":"","_tribe_ticket_not_going_count":"","_tribe_tickets_list":"[]","_tribe_ticket_has_attendee_info_fields":false,"footnotes":""},"categories":[7],"tags":[],"class_list":["post-89","post","type-post","status-publish","format-standard","has-post-thumbnail","hentry","category-jedesheimer-jugendopen"],"_links":{"self":[{"href":"https:\/\/schach-jedesheim.de\/index.php?rest_route=\/wp\/v2\/posts\/89","targetHints":{"allow":["GET"]}}],"collection":[{"href":"https:\/\/schach-jedesheim.de\/index.php?rest_route=\/wp\/v2\/posts"}],"about":[{"href":"https:\/\/schach-jedesheim.de\/index.php?rest_route=\/wp\/v2\/types\/post"}],"author":[{"embeddable":true,"href":"https:\/\/schach-jedesheim.de\/index.php?rest_route=\/wp\/v2\/users\/1"}],"replies":[{"embeddable":true,"href":"https:\/\/schach-jedesheim.de\/index.php?rest_route=%2Fwp%2Fv2%2Fcomments&post=89"}],"version-history":[{"count":13,"href":"https:\/\/schach-jedesheim.de\/index.php?rest_route=\/wp\/v2\/posts\/89\/revisions"}],"predecessor-version":[{"id":11117,"href":"https:\/\/schach-jedesheim.de\/index.php?rest_route=\/wp\/v2\/posts\/89\/revisions\/11117"}],"wp:featuredmedia":[{"embeddable":true,"href":"https:\/\/schach-jedesheim.de\/index.php?rest_route=\/wp\/v2\/media\/11115"}],"wp:attachment":[{"href":"https:\/\/schach-jedesheim.de\/index.php?rest_route=%2Fwp%2Fv2%2Fmedia&parent=89"}],"wp:term":[{"taxonomy":"category","embeddable":true,"href":"https:\/\/schach-jedesheim.de\/index.php?rest_route=%2Fwp%2Fv2%2Fcategories&post=89"},{"taxonomy":"post_tag","embeddable":true,"href":"https:\/\/schach-jedesheim.de\/index.php?rest_route=%2Fwp%2Fv2%2Ftags&post=89"}],"curies":[{"name":"wp","href":"https:\/\/api.w.org\/{rel}","templated":true}]}}