{"id":9242,"date":"2018-12-30T16:11:46","date_gmt":"2018-12-30T16:11:46","guid":{"rendered":"http:\/\/schach-jedesheim.de\/?p=9242"},"modified":"2021-07-04T19:48:10","modified_gmt":"2021-07-04T17:48:10","slug":"bezirksjugendeinzelmeisterschaften-bjem-hannah-zell-wird-vizebezirksmeisterin","status":"publish","type":"post","link":"https:\/\/schach-jedesheim.de\/?p=9242","title":{"rendered":"Bezirksjugendeinzelmeisterschaften (BJEM): Hannah Zell wird Bezirksvizemeisterin"},"content":{"rendered":"<p>Vom 27.-29. Dezember 2018 fanden in der Jugendherberge Biberach die Oberschw\u00e4bischen Bezirksjugendeinzelmeisterschaften (BJEM)statt. Vier Jedesheimer Jugendspieler, welche sich bei den Jugendkreismeisterschaften bzw. durch Freipl\u00e4tze qualifiziert hatten gingen in Biberach an den Start: In der U10 <strong>Julius Deiringer<\/strong>, in der U14 <strong>Felix Rieger<\/strong> und in der U16 <strong>Max Rieger<\/strong> und <strong>Hannah Zell<\/strong>.<\/p>\n<div id=\"attachment_9244\" style=\"width: 196px\" class=\"wp-caption aligncenter\"><a href=\"http:\/\/schach-jedesheim.de\/wp-content\/uploads\/2019\/02\/IMG-20190213.jpg\" rel=\"lightbox[9242]\"><img loading=\"lazy\" decoding=\"async\" aria-describedby=\"caption-attachment-9244\" class=\"size-medium wp-image-9244\" src=\"http:\/\/schach-jedesheim.de\/wp-content\/uploads\/2019\/02\/IMG-20190213-186x300.jpg\" alt=\"\" width=\"186\" height=\"300\" srcset=\"https:\/\/schach-jedesheim.de\/wp-content\/uploads\/2019\/02\/IMG-20190213-186x300.jpg 186w, https:\/\/schach-jedesheim.de\/wp-content\/uploads\/2019\/02\/IMG-20190213-635x1024.jpg 635w, https:\/\/schach-jedesheim.de\/wp-content\/uploads\/2019\/02\/IMG-20190213.jpg 729w\" sizes=\"auto, (max-width: 186px) 100vw, 186px\" \/><\/a><p id=\"caption-attachment-9244\" class=\"wp-caption-text\">Hannah Zell mit Urkunde und Pokal<\/p><\/div>\n<p><strong>Julius Deiringer<\/strong> belegte mit 3,0 Punkten (aus max. 5) Platz 5 in der Altersklasse U10 (11 Teilnehmer). <strong>Felix Rieger<\/strong> belegte mit 3,0 Punkten Platz 6 in der Altersklasse U14 (16 Teilnehmer). Sein Bruder <strong>Max Rieger<\/strong> wurde mit 3,0 Punkten 6. in der Altersklasse U16 (12 Teilnehmer). <strong>Hannah Zell<\/strong> belegte mit 3,5 Punkten den 2. Platz und qualifizierte sich als einzige Jedesheimerin f\u00fcr die W\u00fcrttembergischen Jugendeinzelmeisterschaften (WJEM), welche vom 23.-27. April 2019 in W\u00fcrzburg stattfinden.<\/p>\n<p><a href=\"http:\/\/www.svw.info\/bezirke\/os\/jugend\/13909-bjem-2018-2019?showall=1\" target=\"_blank\" rel=\"noopener noreferrer\">Ergebnisse<\/a><\/p>\n","protected":false},"excerpt":{"rendered":"<p>Vom 27.-29. Dezember 2018 fanden in der Jugendherberge Biberach die Oberschw\u00e4bischen Bezirksjugendeinzelmeisterschaften (BJEM)statt. Vier Jedesheimer Jugendspieler, welche sich bei den Jugendkreismeisterschaften bzw. durch Freipl\u00e4tze qualifiziert hatten gingen in Biberach an den Start: In der&#46;&#46;&#46;<\/p>\n","protected":false},"author":9,"featured_media":9254,"comment_status":"open","ping_status":"open","sticky":false,"template":"","format":"standard","meta":{"_price":"","_stock":"","_tribe_ticket_header":"","_tribe_default_ticket_provider":"","_tribe_ticket_capacity":"0","_ticket_start_date":"","_ticket_end_date":"","_tribe_ticket_show_description":"","_tribe_ticket_show_not_going":false,"_tribe_ticket_use_global_stock":"","_tribe_ticket_global_stock_level":"","_global_stock_mode":"","_global_stock_cap":"","_tribe_rsvp_for_event":"","_tribe_ticket_going_count":"","_tribe_ticket_not_going_count":"","_tribe_tickets_list":"[]","_tribe_ticket_has_attendee_info_fields":false,"footnotes":""},"categories":[4],"tags":[],"class_list":["post-9242","post","type-post","status-publish","format-standard","has-post-thumbnail","hentry","category-jugend"],"_links":{"self":[{"href":"https:\/\/schach-jedesheim.de\/index.php?rest_route=\/wp\/v2\/posts\/9242","targetHints":{"allow":["GET"]}}],"collection":[{"href":"https:\/\/schach-jedesheim.de\/index.php?rest_route=\/wp\/v2\/posts"}],"about":[{"href":"https:\/\/schach-jedesheim.de\/index.php?rest_route=\/wp\/v2\/types\/post"}],"author":[{"embeddable":true,"href":"https:\/\/schach-jedesheim.de\/index.php?rest_route=\/wp\/v2\/users\/9"}],"replies":[{"embeddable":true,"href":"https:\/\/schach-jedesheim.de\/index.php?rest_route=%2Fwp%2Fv2%2Fcomments&post=9242"}],"version-history":[{"count":5,"href":"https:\/\/schach-jedesheim.de\/index.php?rest_route=\/wp\/v2\/posts\/9242\/revisions"}],"predecessor-version":[{"id":13071,"href":"https:\/\/schach-jedesheim.de\/index.php?rest_route=\/wp\/v2\/posts\/9242\/revisions\/13071"}],"wp:featuredmedia":[{"embeddable":true,"href":"https:\/\/schach-jedesheim.de\/index.php?rest_route=\/wp\/v2\/media\/9254"}],"wp:attachment":[{"href":"https:\/\/schach-jedesheim.de\/index.php?rest_route=%2Fwp%2Fv2%2Fmedia&parent=9242"}],"wp:term":[{"taxonomy":"category","embeddable":true,"href":"https:\/\/schach-jedesheim.de\/index.php?rest_route=%2Fwp%2Fv2%2Fcategories&post=9242"},{"taxonomy":"post_tag","embeddable":true,"href":"https:\/\/schach-jedesheim.de\/index.php?rest_route=%2Fwp%2Fv2%2Ftags&post=9242"}],"curies":[{"name":"wp","href":"https:\/\/api.w.org\/{rel}","templated":true}]}}