{"id":928,"date":"2009-11-01T22:25:07","date_gmt":"2009-11-01T22:25:07","guid":{"rendered":"http:\/\/schach-jedesheim.de\/?p=928"},"modified":"2020-06-07T15:25:43","modified_gmt":"2020-06-07T14:25:43","slug":"hugendubel-cup-2009-die-schachbosse-erreichen-den-3-rang","status":"publish","type":"post","link":"https:\/\/schach-jedesheim.de\/?p=928","title":{"rendered":"Hugendubel 2009: Die Schachbosse erreichen den 3. Rang"},"content":{"rendered":"<table style=\"width: 145px; height: 75px;\" border=\"1\" cellspacing=\"1\" cellpadding=\"1\" align=\"left\">\n<tbody>\n<tr>\n<td><a href=\"http:\/\/schach-jedesheim.de\/wp-content\/uploads\/image\/Hugendubel2009-1.jpg\" rel=\"lightbox[928]\"><img loading=\"lazy\" decoding=\"async\" src=\"http:\/\/schach-jedesheim.de\/wp-content\/uploads\/image\/Hugendubel2009-1.jpg\" alt=\"Hugendubel 2009: Patrick und Christian 3. Rang\" width=\"150\" height=\"114\" \/><\/a><\/td>\n<\/tr>\n<\/tbody>\n<\/table>\n<p>Die <strong>Buchhandlung Hugendubel<\/strong> in Ulm war Schauplatz eines dramatischen Turniers, als am Samstag der Hugendubel Team Cup mit 14 Zweierteams und 28 Kindern unter 11 Jahren ausgetragen wurde.<br \/>\nWir hatten drei Mannschaften am Start. Die<strong> &#8222;Schachbosse&#8220;<\/strong> Patrick und Christian belegten einen sehr guten 3. Platz, w\u00e4hrend die <strong>&#8222;Schlauen F\u00fcchse&#8220;<\/strong> aus Senden den 4. Platz belegten. Bj\u00f6rn Lengwenus, der wie immer die Partien im Stile eines Fu\u00dfball-H\u00f6rfunkreporters kommentierte, \u00fcberreichte Pokal und Preise an Patrick und Christian. Das einzige M\u00e4dchenteam mit Miryam Zell und Magdalena von Schwerin erreichte den guten 8. Rang.<\/p>\n","protected":false},"excerpt":{"rendered":"<p>Die Buchhandlung Hugendubel in Ulm war Schauplatz eines dramatischen Turniers, als am Samstag der Hugendubel Team Cup mit 14 Zweierteams und 28 Kindern unter 11 Jahren ausgetragen wurde. Wir hatten drei Mannschaften am Start.&#46;&#46;&#46;<\/p>\n","protected":false},"author":1,"featured_media":11087,"comment_status":"closed","ping_status":"open","sticky":false,"template":"","format":"standard","meta":{"_price":"","_stock":"","_tribe_ticket_header":"","_tribe_default_ticket_provider":"","_tribe_ticket_capacity":"0","_ticket_start_date":"","_ticket_end_date":"","_tribe_ticket_show_description":"","_tribe_ticket_show_not_going":false,"_tribe_ticket_use_global_stock":"","_tribe_ticket_global_stock_level":"","_global_stock_mode":"","_global_stock_cap":"","_tribe_rsvp_for_event":"","_tribe_ticket_going_count":"","_tribe_ticket_not_going_count":"","_tribe_tickets_list":"[]","_tribe_ticket_has_attendee_info_fields":false,"footnotes":""},"categories":[4],"tags":[],"class_list":["post-928","post","type-post","status-publish","format-standard","has-post-thumbnail","hentry","category-jugend"],"_links":{"self":[{"href":"https:\/\/schach-jedesheim.de\/index.php?rest_route=\/wp\/v2\/posts\/928","targetHints":{"allow":["GET"]}}],"collection":[{"href":"https:\/\/schach-jedesheim.de\/index.php?rest_route=\/wp\/v2\/posts"}],"about":[{"href":"https:\/\/schach-jedesheim.de\/index.php?rest_route=\/wp\/v2\/types\/post"}],"author":[{"embeddable":true,"href":"https:\/\/schach-jedesheim.de\/index.php?rest_route=\/wp\/v2\/users\/1"}],"replies":[{"embeddable":true,"href":"https:\/\/schach-jedesheim.de\/index.php?rest_route=%2Fwp%2Fv2%2Fcomments&post=928"}],"version-history":[{"count":8,"href":"https:\/\/schach-jedesheim.de\/index.php?rest_route=\/wp\/v2\/posts\/928\/revisions"}],"predecessor-version":[{"id":11089,"href":"https:\/\/schach-jedesheim.de\/index.php?rest_route=\/wp\/v2\/posts\/928\/revisions\/11089"}],"wp:featuredmedia":[{"embeddable":true,"href":"https:\/\/schach-jedesheim.de\/index.php?rest_route=\/wp\/v2\/media\/11087"}],"wp:attachment":[{"href":"https:\/\/schach-jedesheim.de\/index.php?rest_route=%2Fwp%2Fv2%2Fmedia&parent=928"}],"wp:term":[{"taxonomy":"category","embeddable":true,"href":"https:\/\/schach-jedesheim.de\/index.php?rest_route=%2Fwp%2Fv2%2Fcategories&post=928"},{"taxonomy":"post_tag","embeddable":true,"href":"https:\/\/schach-jedesheim.de\/index.php?rest_route=%2Fwp%2Fv2%2Ftags&post=928"}],"curies":[{"name":"wp","href":"https:\/\/api.w.org\/{rel}","templated":true}]}}