{"id":945,"date":"2009-07-19T12:07:58","date_gmt":"2009-07-19T12:07:58","guid":{"rendered":"http:\/\/schach-jedesheim.de\/?p=945"},"modified":"2020-06-14T17:58:40","modified_gmt":"2020-06-14T16:58:40","slug":"talenta-2009-schach-und-muhle-unter-dach-und-fach","status":"publish","type":"post","link":"https:\/\/schach-jedesheim.de\/?p=945","title":{"rendered":"Talenta 2009: Schach und M\u00fchle unter Dach und Fach"},"content":{"rendered":"<table style=\"width: 150px; height: 122px;\" border=\"1\" cellspacing=\"1\" cellpadding=\"1\" align=\"left\">\n<tbody>\n<tr>\n<td><a href=\"http:\/\/schach-jedesheim.de\/wp-content\/uploads\/image\/Talenta_2009-1.jpg\" rel=\"lightbox[945]\"><img loading=\"lazy\" decoding=\"async\" src=\"http:\/\/schach-jedesheim.de\/wp-content\/uploads\/image\/Talenta_2009-1.jpg\" alt=\"Talenta 2009: \u00dcbergabe Freischach\" width=\"150\" height=\"113\" \/><\/a><\/td>\n<\/tr>\n<\/tbody>\n<\/table>\n<p>Kinder der Bischof-Ulrich-Schule und Teilnehmer der \u201eTalenta\u201c k\u00f6nnen k\u00fcnftig ihrer Spielleidenschaft an frischer Luft im Schutz der Fahrradhalle fr\u00f6nen, sofern sie M\u00fchle oder Schach spielen. Talenta-Schachlehrer <strong>Bruno L\u00f6ffler <\/strong>n\u00fctzte die neue Spieloase, um seine Diplome zu verteilen. Die Idee kam von der <strong>Schachabteilung des SV Jedesheim<\/strong>, dass die vereinseigenen, sch\u00f6nen Gro\u00dfschachfiguren aus Holz doch besser bei der Schachjugend aufgehoben seien. Diese ist innerhalb der Bischof-Ulrich-Schule besonders stark vertreten, seit im Rahmen von \u201eTalenta\u201c Schach unterrichtet wird. Die Idee fand Nachahmer, indem eine Illertisser Firma noch ein Set M\u00fchlesteine stiftete und ein Illertisser Malermeister dazu passend zwei Spielbretter auf den Betonboden der Fahrradhalle auftrug.<\/p>\n<p><strong>Dieter R\u00f6sch<\/strong> von der Volkshochschule, in deren Obhut sich die Karl-Jegg-Stiftung \u201eTalenta\u201c f\u00fcr begabte oder bed\u00fcrftige Kinder befindet, bedankte sich f\u00fcr die tolle \u00dcbem\u00f6glichkeit seiner jungen Schachspieler, ebenso tat es stellvertretende Rektorin Eveline Kahler. R\u00f6sch sprach von \u201ep\u00e4dagogischem Schlaraffenland\u201c f\u00fcr die 700 Jugendlichen, die in 70 Veranstaltungen ihre Vorlieben und Begabungen ausleben k\u00f6nnten.<br \/>\nIm Jahr 2008 etwa waren Illertisser Talenta-Schachspieler schw\u00e4bischer Meister geworden. Auch jetzt waren alle 30 Kursteilnehmer erfolgreich gewesen. Hundert Punkte beim Bauerndiplom schafften Fabian Hilsenbeck, Axel Karger, Christian Kircher und Miriam Zell und Patrick Bossinger erreichten gar das L\u00e4uferdiplom. (Bericht und Bild: Illertisser Zeitung)<\/p>\n","protected":false},"excerpt":{"rendered":"<p>Kinder der Bischof-Ulrich-Schule und Teilnehmer der \u201eTalenta\u201c k\u00f6nnen k\u00fcnftig ihrer Spielleidenschaft an frischer Luft im Schutz der Fahrradhalle fr\u00f6nen, sofern sie M\u00fchle oder Schach spielen. Talenta-Schachlehrer Bruno L\u00f6ffler n\u00fctzte die neue Spieloase, um seine&#46;&#46;&#46;<\/p>\n","protected":false},"author":1,"featured_media":11525,"comment_status":"open","ping_status":"open","sticky":false,"template":"","format":"standard","meta":{"_price":"","_stock":"","_tribe_ticket_header":"","_tribe_default_ticket_provider":"","_tribe_ticket_capacity":"0","_ticket_start_date":"","_ticket_end_date":"","_tribe_ticket_show_description":"","_tribe_ticket_show_not_going":false,"_tribe_ticket_use_global_stock":"","_tribe_ticket_global_stock_level":"","_global_stock_mode":"","_global_stock_cap":"","_tribe_rsvp_for_event":"","_tribe_ticket_going_count":"","_tribe_ticket_not_going_count":"","_tribe_tickets_list":"[]","_tribe_ticket_has_attendee_info_fields":false,"footnotes":""},"categories":[20],"tags":[],"class_list":["post-945","post","type-post","status-publish","format-standard","has-post-thumbnail","hentry","category-schulschach"],"_links":{"self":[{"href":"https:\/\/schach-jedesheim.de\/index.php?rest_route=\/wp\/v2\/posts\/945","targetHints":{"allow":["GET"]}}],"collection":[{"href":"https:\/\/schach-jedesheim.de\/index.php?rest_route=\/wp\/v2\/posts"}],"about":[{"href":"https:\/\/schach-jedesheim.de\/index.php?rest_route=\/wp\/v2\/types\/post"}],"author":[{"embeddable":true,"href":"https:\/\/schach-jedesheim.de\/index.php?rest_route=\/wp\/v2\/users\/1"}],"replies":[{"embeddable":true,"href":"https:\/\/schach-jedesheim.de\/index.php?rest_route=%2Fwp%2Fv2%2Fcomments&post=945"}],"version-history":[{"count":8,"href":"https:\/\/schach-jedesheim.de\/index.php?rest_route=\/wp\/v2\/posts\/945\/revisions"}],"predecessor-version":[{"id":11527,"href":"https:\/\/schach-jedesheim.de\/index.php?rest_route=\/wp\/v2\/posts\/945\/revisions\/11527"}],"wp:featuredmedia":[{"embeddable":true,"href":"https:\/\/schach-jedesheim.de\/index.php?rest_route=\/wp\/v2\/media\/11525"}],"wp:attachment":[{"href":"https:\/\/schach-jedesheim.de\/index.php?rest_route=%2Fwp%2Fv2%2Fmedia&parent=945"}],"wp:term":[{"taxonomy":"category","embeddable":true,"href":"https:\/\/schach-jedesheim.de\/index.php?rest_route=%2Fwp%2Fv2%2Fcategories&post=945"},{"taxonomy":"post_tag","embeddable":true,"href":"https:\/\/schach-jedesheim.de\/index.php?rest_route=%2Fwp%2Fv2%2Ftags&post=945"}],"curies":[{"name":"wp","href":"https:\/\/api.w.org\/{rel}","templated":true}]}}