{"id":952,"date":"2009-07-18T12:10:46","date_gmt":"2009-07-18T12:10:46","guid":{"rendered":"http:\/\/schach-jedesheim.de\/?p=952"},"modified":"2020-06-14T18:38:52","modified_gmt":"2020-06-14T17:38:52","slug":"sommerfest-2009-kalterekord-im-juli","status":"publish","type":"post","link":"https:\/\/schach-jedesheim.de\/?p=952","title":{"rendered":"27. Sommerfest 2009: K\u00e4lterekord im Juli"},"content":{"rendered":"<table style=\"width: 142px; height: 88px;\" border=\"1\" cellspacing=\"1\" cellpadding=\"1\" align=\"left\">\n<tbody>\n<tr>\n<td><a href=\"http:\/\/schach-jedesheim.de\/wp-content\/uploads\/image\/Sommerfest2009_Essen.jpg\" rel=\"lightbox[952]\"><img loading=\"lazy\" decoding=\"async\" src=\"http:\/\/schach-jedesheim.de\/wp-content\/uploads\/image\/Sommerfest2009_Essen.jpg\" alt=\"Sommerfest 2009: Leckeres Spanferkel\" width=\"150\" height=\"93\" \/><\/a><\/td>\n<\/tr>\n<\/tbody>\n<\/table>\n<p>Unser traditionelles Sommerfest fand werder auf dem\u00a0Sportplatz in Jedesheim statt. Leider waren die Temperaturen an diesem Wochenende besonders kalt. Trotz Zelt f\u00fchlte sich der kalte Wind wie Minusgrade an &#8211; mitten im Sommer<br \/>\nDennoch fanden sich ca. 35 Mitglieder, Kinder und Eltern ein. Zum Essen gab es Spanferkel mit Kartoffelsalat, zus\u00e4tzliches Salate sowie leckere Eisbecher.<br \/>\nAm Nachmittag beteiligten sich 17 Spieler beim Sommerfest-Schnellschachturnier. Keinen leichten Stand hatte dabei Favorit IM Hendryk Dobosz. Nach einer Niederlage gegen Arnd Mayer mu\u00dfte er bis zum Schlu\u00df um den Turniersieg k\u00e4mpfen. Etwas \u00fcberraschend der 2. Platz von Harald Haug.<br \/>\nAus der Hand von Jugendleiter Bruno L\u00f6ffler bekamen Robert-Ren\u00e9 Goda als Topscorer der Bezirksklasse (5,5 Punkte aus 7 Partien) und Axel Thoma als Topscorer der D-Klasse (6 Punkte aus 6 Partien) Pokale f\u00fcr ihre tolle Leistung.<\/p>\n<p><!--more--><\/p>\n<table style=\"width: 387px; height: 129px;\" border=\"1\" cellspacing=\"1\" cellpadding=\"1\">\n<caption><strong>Sommerfest 2009<\/strong><\/caption>\n<tbody>\n<tr>\n<td><a href=\"http:\/\/schach-jedesheim.de\/wp-content\/uploads\/image\/Sommerfest2009_Spieler.jpg\" rel=\"lightbox[952]\"><img loading=\"lazy\" decoding=\"async\" src=\"http:\/\/schach-jedesheim.de\/wp-content\/uploads\/image\/Sommerfest2009_Spieler.jpg\" alt=\"Sommerfest 2009: Schnellschach-Turnier in dicker Kleidung\" width=\"150\" height=\"91\" \/><\/a><\/td>\n<td><a href=\"http:\/\/schach-jedesheim.de\/wp-content\/uploads\/image\/Sommerfest2009_robert.jpg\" rel=\"lightbox[952]\"><img loading=\"lazy\" decoding=\"async\" src=\"http:\/\/schach-jedesheim.de\/wp-content\/uploads\/image\/Sommerfest2009_robert.jpg\" alt=\"Topscorer in der Mannschaft: Robert-Ren\u00e9 Goda\" width=\"150\" height=\"139\" \/><\/a><\/td>\n<td><a href=\"http:\/\/schach-jedesheim.de\/wp-content\/uploads\/image\/Sommerfest2009_Axel.jpg\" rel=\"lightbox[952]\"><img loading=\"lazy\" decoding=\"async\" src=\"http:\/\/schach-jedesheim.de\/wp-content\/uploads\/image\/Sommerfest2009_Axel.jpg\" alt=\"Topscorer in der Mannschaft: Axel Thoma\" width=\"80\" height=\"150\" \/><\/a><\/td>\n<\/tr>\n<\/tbody>\n<\/table>\n<p>&nbsp;<\/p>\n<table border=\"2\" cellspacing=\"2\" cellpadding=\"2\" bgcolor=\"#c0c0c0\">\n<tbody>\n<tr>\n<td colspan=\"9\">Sommerfest-Turnier 2009:\u00a0Endtabelle<\/td>\n<\/tr>\n<tr bgcolor=\"#00ff00\">\n<th>Rang<\/th>\n<th>Teilnehmer<\/th>\n<th>Verein\/Ort<\/th>\n<th>G<\/th>\n<th>S<\/th>\n<th>R<\/th>\n<th>V<\/th>\n<th>Punk<\/th>\n<th>Buchh<\/th>\n<\/tr>\n<tr bgcolor=\"#00ffff\">\n<td>1.<\/td>\n<td>Dobosz, Henryk<\/td>\n<td>SC Tamm<\/td>\n<td>7<\/td>\n<td>6<\/td>\n<td>0<\/td>\n<td>1<\/td>\n<td>6.0<\/td>\n<td>30.0<\/td>\n<\/tr>\n<tr bgcolor=\"#00ffff\">\n<td>2.<\/td>\n<td>Haug, Harald<\/td>\n<td>SV Jedesheim<\/td>\n<td>7<\/td>\n<td>4<\/td>\n<td>2<\/td>\n<td>1<\/td>\n<td>5.0<\/td>\n<td>30.0<\/td>\n<\/tr>\n<tr bgcolor=\"#00ffff\">\n<td>3.<\/td>\n<td>Jehle, Bernhard<\/td>\n<td>SV Jedesheim<\/td>\n<td>7<\/td>\n<td>5<\/td>\n<td>0<\/td>\n<td>2<\/td>\n<td>5.0<\/td>\n<td>29.0<\/td>\n<\/tr>\n<tr bgcolor=\"#00ffff\">\n<td>4.<\/td>\n<td>Mayer, Arnd<\/td>\n<td>SV Jedesheim<\/td>\n<td>7<\/td>\n<td>3<\/td>\n<td>3<\/td>\n<td>1<\/td>\n<td>4.5<\/td>\n<td>30.5<\/td>\n<\/tr>\n<tr bgcolor=\"#00ffff\">\n<td>5.<\/td>\n<td>Heinrich, Klaus<\/td>\n<td>WD Ulm<\/td>\n<td>7<\/td>\n<td>3<\/td>\n<td>2<\/td>\n<td>2<\/td>\n<td>4.0<\/td>\n<td>30.5<\/td>\n<\/tr>\n<tr bgcolor=\"#00ffff\">\n<td>6.<\/td>\n<td>Engelhart, Achim<\/td>\n<td>Post-SV Ulm<\/td>\n<td>7<\/td>\n<td>3<\/td>\n<td>2<\/td>\n<td>2<\/td>\n<td>4.0<\/td>\n<td>29.5<\/td>\n<\/tr>\n<tr bgcolor=\"#00ffff\">\n<td>7.<\/td>\n<td>Siebel, Wolfgang<\/td>\n<td>SC Laupheim<\/td>\n<td>7<\/td>\n<td>3<\/td>\n<td>2<\/td>\n<td>2<\/td>\n<td>4.0<\/td>\n<td>27.0<\/td>\n<\/tr>\n<tr bgcolor=\"#00ffff\">\n<td>8.<\/td>\n<td>von Schwerin, Clemens<\/td>\n<td>SV Jedesheim<\/td>\n<td>7<\/td>\n<td>4<\/td>\n<td>0<\/td>\n<td>3<\/td>\n<td>4.0<\/td>\n<td>23.5<\/td>\n<\/tr>\n<tr bgcolor=\"#00ffff\">\n<td>9.<\/td>\n<td>von Schwerin, Reinhold<\/td>\n<td>SV Jedesheim<\/td>\n<td>7<\/td>\n<td>3<\/td>\n<td>1<\/td>\n<td>3<\/td>\n<td>3.5<\/td>\n<td>27.5<\/td>\n<\/tr>\n<tr bgcolor=\"#00ffff\">\n<td>10.<\/td>\n<td>Goda, Robert-Ren\u00e9<\/td>\n<td>SV Jedesheim<\/td>\n<td>7<\/td>\n<td>3<\/td>\n<td>1<\/td>\n<td>3<\/td>\n<td>3.5<\/td>\n<td>24.0<\/td>\n<\/tr>\n<tr bgcolor=\"#00ffff\">\n<td>11.<\/td>\n<td>L\u00f6ffler, Bruno<\/td>\n<td>SV Jedesheim<\/td>\n<td>7<\/td>\n<td>3<\/td>\n<td>1<\/td>\n<td>3<\/td>\n<td>3.5<\/td>\n<td>22.0<\/td>\n<\/tr>\n<tr bgcolor=\"#00ffff\">\n<td>12.<\/td>\n<td>L\u00f6ffler, Florian<\/td>\n<td>SV Jedesheim<\/td>\n<td>7<\/td>\n<td>3<\/td>\n<td>0<\/td>\n<td>4<\/td>\n<td>3.0<\/td>\n<td>22.5<\/td>\n<\/tr>\n<tr bgcolor=\"#00ffff\">\n<td>13.<\/td>\n<td>Kraus, Alois<\/td>\n<td>SV Jedesheim<\/td>\n<td>7<\/td>\n<td>3<\/td>\n<td>0<\/td>\n<td>4<\/td>\n<td>3.0<\/td>\n<td>20.5<\/td>\n<\/tr>\n<tr bgcolor=\"#00ffff\">\n<td>14.<\/td>\n<td>Stark, Stefan<\/td>\n<td>SV Jedesheim<\/td>\n<td>7<\/td>\n<td>2<\/td>\n<td>2<\/td>\n<td>3<\/td>\n<td>3.0<\/td>\n<td>19.0<\/td>\n<\/tr>\n<tr bgcolor=\"#00ffff\">\n<td>15.<\/td>\n<td>Thoma, Axel<\/td>\n<td>SV Jedesheim<\/td>\n<td>7<\/td>\n<td>3<\/td>\n<td>0<\/td>\n<td>4<\/td>\n<td>3.0<\/td>\n<td>19.0<\/td>\n<\/tr>\n<tr bgcolor=\"#00ffff\">\n<td>16.<\/td>\n<td>Kolb, Tobias<\/td>\n<td>SV Jedesheim<\/td>\n<td>7<\/td>\n<td>2<\/td>\n<td>1<\/td>\n<td>4<\/td>\n<td>2.5<\/td>\n<td>18.0<\/td>\n<\/tr>\n<tr bgcolor=\"#00ffff\">\n<td>17.<\/td>\n<td>Bossinger, Patrick<\/td>\n<td>SV Jedesheim<\/td>\n<td>7<\/td>\n<td>0<\/td>\n<td>1<\/td>\n<td>6<\/td>\n<td>0.5<\/td>\n<td>20.0<\/td>\n<\/tr>\n<\/tbody>\n<\/table>\n<p>&nbsp;<\/p>\n<p>&nbsp;<\/p>\n<p>&nbsp;<\/p>\n","protected":false},"excerpt":{"rendered":"<p>Unser traditionelles Sommerfest fand werder auf dem\u00a0Sportplatz in Jedesheim statt. Leider waren die Temperaturen an diesem Wochenende besonders kalt. Trotz Zelt f\u00fchlte sich der kalte Wind wie Minusgrade an &#8211; mitten im Sommer Dennoch&#46;&#46;&#46;<\/p>\n","protected":false},"author":1,"featured_media":11545,"comment_status":"open","ping_status":"open","sticky":false,"template":"","format":"standard","meta":{"_price":"","_stock":"","_tribe_ticket_header":"","_tribe_default_ticket_provider":"","_tribe_ticket_capacity":"0","_ticket_start_date":"","_ticket_end_date":"","_tribe_ticket_show_description":"","_tribe_ticket_show_not_going":false,"_tribe_ticket_use_global_stock":"","_tribe_ticket_global_stock_level":"","_global_stock_mode":"","_global_stock_cap":"","_tribe_rsvp_for_event":"","_tribe_ticket_going_count":"","_tribe_ticket_not_going_count":"","_tribe_tickets_list":"[]","_tribe_ticket_has_attendee_info_fields":false,"footnotes":""},"categories":[8],"tags":[],"class_list":["post-952","post","type-post","status-publish","format-standard","has-post-thumbnail","hentry","category-gartenfest"],"_links":{"self":[{"href":"https:\/\/schach-jedesheim.de\/index.php?rest_route=\/wp\/v2\/posts\/952","targetHints":{"allow":["GET"]}}],"collection":[{"href":"https:\/\/schach-jedesheim.de\/index.php?rest_route=\/wp\/v2\/posts"}],"about":[{"href":"https:\/\/schach-jedesheim.de\/index.php?rest_route=\/wp\/v2\/types\/post"}],"author":[{"embeddable":true,"href":"https:\/\/schach-jedesheim.de\/index.php?rest_route=\/wp\/v2\/users\/1"}],"replies":[{"embeddable":true,"href":"https:\/\/schach-jedesheim.de\/index.php?rest_route=%2Fwp%2Fv2%2Fcomments&post=952"}],"version-history":[{"count":6,"href":"https:\/\/schach-jedesheim.de\/index.php?rest_route=\/wp\/v2\/posts\/952\/revisions"}],"predecessor-version":[{"id":7035,"href":"https:\/\/schach-jedesheim.de\/index.php?rest_route=\/wp\/v2\/posts\/952\/revisions\/7035"}],"wp:featuredmedia":[{"embeddable":true,"href":"https:\/\/schach-jedesheim.de\/index.php?rest_route=\/wp\/v2\/media\/11545"}],"wp:attachment":[{"href":"https:\/\/schach-jedesheim.de\/index.php?rest_route=%2Fwp%2Fv2%2Fmedia&parent=952"}],"wp:term":[{"taxonomy":"category","embeddable":true,"href":"https:\/\/schach-jedesheim.de\/index.php?rest_route=%2Fwp%2Fv2%2Fcategories&post=952"},{"taxonomy":"post_tag","embeddable":true,"href":"https:\/\/schach-jedesheim.de\/index.php?rest_route=%2Fwp%2Fv2%2Ftags&post=952"}],"curies":[{"name":"wp","href":"https:\/\/api.w.org\/{rel}","templated":true}]}}