{"id":989,"date":"2009-06-10T15:58:56","date_gmt":"2009-06-10T15:58:56","guid":{"rendered":"http:\/\/schach-jedesheim.de\/?p=989"},"modified":"2020-06-14T13:38:45","modified_gmt":"2020-06-14T12:38:45","slug":"hermann-forster-atlantik-uberquerung-197071-ein-reisebericht","status":"publish","type":"post","link":"https:\/\/schach-jedesheim.de\/?p=989","title":{"rendered":"Hermann Forster: Atlantik-\u00dcberquerung 1970\/71 \u2013 Ein Reisebericht"},"content":{"rendered":"<table style=\"height: 142px; width: 122px;\" border=\"1\" cellspacing=\"1\" cellpadding=\"1\" align=\"left\">\n<tbody>\n<tr>\n<td><img loading=\"lazy\" decoding=\"async\" src=\"http:\/\/schach-jedesheim.de\/wp-content\/uploads\/image\/hermannforster.jpg\" alt=\"\" width=\"145\" height=\"150\" \/><\/td>\n<\/tr>\n<\/tbody>\n<\/table>\n<p>Am 17. Mai feierte unser Schachfreund <strong>Hermann Forster<\/strong> seinen 75. Geburtstag. Anla\u00df genug f\u00fcr Hermann, uns zu einem kleinen Imbi\u00df in die Cafeteria des Caritas-Centers einzuladen.<br \/>\nAber dies ist noch nicht alles: Das &#8222;Multitalent&#8220; Hermann Forster h\u00e4lt einen Vortrag \u00fcber seine Atlantik-\u00dcberquerung 1970\/1971.<br \/>\nZusammen hat er dieses Abenteuer mit dem bekannten Islam-Kenner und Afrika-Reisenden Fritz Kortler unternommen, der ebenfalls anwesend war.<br \/>\nDie Atlantik-\u00dcberquerung mittels Mini-Segelyacht (L\u00e4nge 5,70 m) galt anfangs der Siebziger als Sensation. Der Reisebericht beinhaltet die akribische Vorbereitung und die professionelle Durchf\u00fchrung. GPS und Handy gab es noch nicht, astronomische Navigation musste beherrscht werden. Hermann schildert seine Erlebnisse anschaulich und erg\u00e4nzt seine Beschreibungen mit Dias auf einer Gro\u00dfbildleinwand.<\/p>\n<p><strong>Das &#8222;Multitalent&#8220; Hermann Forster: <\/strong><br \/>\n&#8211; ein absoluter Bienenfachmann<br \/>\n&#8211; Mitwirkender beim James-Bond-Film &#8222;Ein Quantum Trost&#8220;<br \/>\n&#8211; Kap Hoorn Umsegelung mit Drei-Master<br \/>\n&#8211; Lach-Yoga-Lehrer<\/p>\n<p>&nbsp;<\/p>\n<hr \/>\n<p>&nbsp;<\/p>\n","protected":false},"excerpt":{"rendered":"<p>Am 17. Mai feierte unser Schachfreund Hermann Forster seinen 75. Geburtstag. Anla\u00df genug f\u00fcr Hermann, uns zu einem kleinen Imbi\u00df in die Cafeteria des Caritas-Centers einzuladen. Aber dies ist noch nicht alles: Das &#8222;Multitalent&#8220;&#46;&#46;&#46;<\/p>\n","protected":false},"author":1,"featured_media":11429,"comment_status":"open","ping_status":"open","sticky":false,"template":"","format":"standard","meta":{"_price":"","_stock":"","_tribe_ticket_header":"","_tribe_default_ticket_provider":"","_tribe_ticket_capacity":"0","_ticket_start_date":"","_ticket_end_date":"","_tribe_ticket_show_description":"","_tribe_ticket_show_not_going":false,"_tribe_ticket_use_global_stock":"","_tribe_ticket_global_stock_level":"","_global_stock_mode":"","_global_stock_cap":"","_tribe_rsvp_for_event":"","_tribe_ticket_going_count":"","_tribe_ticket_not_going_count":"","_tribe_tickets_list":"[]","_tribe_ticket_has_attendee_info_fields":false,"footnotes":""},"categories":[1],"tags":[],"class_list":["post-989","post","type-post","status-publish","format-standard","has-post-thumbnail","hentry","category-allgemein"],"_links":{"self":[{"href":"https:\/\/schach-jedesheim.de\/index.php?rest_route=\/wp\/v2\/posts\/989","targetHints":{"allow":["GET"]}}],"collection":[{"href":"https:\/\/schach-jedesheim.de\/index.php?rest_route=\/wp\/v2\/posts"}],"about":[{"href":"https:\/\/schach-jedesheim.de\/index.php?rest_route=\/wp\/v2\/types\/post"}],"author":[{"embeddable":true,"href":"https:\/\/schach-jedesheim.de\/index.php?rest_route=\/wp\/v2\/users\/1"}],"replies":[{"embeddable":true,"href":"https:\/\/schach-jedesheim.de\/index.php?rest_route=%2Fwp%2Fv2%2Fcomments&post=989"}],"version-history":[{"count":8,"href":"https:\/\/schach-jedesheim.de\/index.php?rest_route=\/wp\/v2\/posts\/989\/revisions"}],"predecessor-version":[{"id":11431,"href":"https:\/\/schach-jedesheim.de\/index.php?rest_route=\/wp\/v2\/posts\/989\/revisions\/11431"}],"wp:featuredmedia":[{"embeddable":true,"href":"https:\/\/schach-jedesheim.de\/index.php?rest_route=\/wp\/v2\/media\/11429"}],"wp:attachment":[{"href":"https:\/\/schach-jedesheim.de\/index.php?rest_route=%2Fwp%2Fv2%2Fmedia&parent=989"}],"wp:term":[{"taxonomy":"category","embeddable":true,"href":"https:\/\/schach-jedesheim.de\/index.php?rest_route=%2Fwp%2Fv2%2Fcategories&post=989"},{"taxonomy":"post_tag","embeddable":true,"href":"https:\/\/schach-jedesheim.de\/index.php?rest_route=%2Fwp%2Fv2%2Ftags&post=989"}],"curies":[{"name":"wp","href":"https:\/\/api.w.org\/{rel}","templated":true}]}}